{"id":196410,"date":"2026-03-24T21:57:19","date_gmt":"2026-03-24T21:57:19","guid":{"rendered":"https:\/\/www.europesays.com\/no\/196410\/"},"modified":"2026-03-24T21:57:19","modified_gmt":"2026-03-24T21:57:19","slug":"kultur-solor-knut-kjeldsen-er-grafisk-kunstner-i-valer-i-innlandet-og-har-utstilling-i-biblioteket-i-valer","status":"publish","type":"post","link":"https:\/\/www.europesays.com\/no\/196410\/","title":{"rendered":"Kultur, Sol\u00f8r | Knut Kjeldsen er grafisk kunstner i V\u00e5ler i Innlandet og har utstilling i biblioteket i V\u00e5ler"},"content":{"rendered":"\n<p>Det er ikke s\u00e5 mange igjen som driver med grafisk kunst med den opprinnelige teknikken fra 1400-tallet.<\/p>\n<p>Knut Kjeldsen i V\u00e5ler er den eneste i Sol\u00f8r.<\/p>\n<p>Og det er ikke s\u00e5 mange igjen ellers i Norge heller.<\/p>\n<p>Kjeldsen tegner og maler ogs\u00e5. Men det er kunstgrafisk h\u00e5ndarbeid han sverger mest til.<\/p>\n<p>\u2013 Det er en veldig gammel teknikk. Den kom samtidig som boktrykkeri ble funnet opp, forteller Kjeldsen.<\/p>\n<p>Stiller ut n\u00e5<\/p>\n<p>Denne uka \u00e5pner han en ny utstilling i biblioteket i V\u00e5ler.<\/p>\n<p>Det handler da selvsagt om grafiske bilder laget p\u00e5 originalm\u00e5ten. Utstillingen blir tilgjengelig for publikum d\u00f8gnet rundt i biblioteket og kan ses der ut juni m\u00e5ned.<\/p>\n<p>   <img decoding=\"async\" width=\"5235\" height=\"3460\" fetchpriority=\"low\"  loading=\"lazy\"  src=\"https:\/\/www.europesays.com\/no\/wp-content\/uploads\/2026\/03\/DSC02795.JPG\" alt=\"\" class=\"brick-c-cFOWSL\" style=\"--brick-image-ratio: 5235 \/ 3460;\"\/><\/p>\n<p>      GRAFISK KUNST: Det er grafisk kunst laget med 1400-tallsteknikk Knut Kjeldsen n\u00e5 stiller ut.<br \/>\n      Foto: Sverre Viggen\n    <\/p>\n<p>\u2013 Jeg var en tur p\u00e5 biblioteket og s\u00e5 at det var en passasje inn til biblioteket med tomme vegger. Jeg p\u00e5pekte det til biblioteksjefen. Hun sa det bare var \u00e5 henge opp utstillingen, sier Kjeldsen til \u00d8stlendingen.<\/p>\n<p>Det er 25 bilder p\u00e5 de veggene n\u00e5, og ettersom det er mer\u00e5pent bibliotek i V\u00e5ler, kan de ses b\u00e5de dag og natt.<\/p>\n<p>Bildene har forskjellige lokale motiver, mange av dem Finnskog-inspirerte.<\/p>\n<p>Og de er alle tegnet med holdn\u00e5l p\u00e5 kobberplater og etter det trykket p\u00e5 papir.<\/p>\n<p>Etsing er en form for dyptrykk der motivet etses inn trykkplaten ved hjelp av en syre. Syren angriper metallet og skaper fordypninger og ujevnheter i overflaten. Hvis smale spor etses ned i platen, oppst\u00e5 fine linjer i det ferdige trykket.<\/p>\n<p>   <img decoding=\"async\" width=\"5472\" height=\"3648\" fetchpriority=\"low\"  loading=\"lazy\"  src=\"https:\/\/www.europesays.com\/no\/wp-content\/uploads\/2026\/03\/70edc2b6-367d-4132-b8f8-8e060f083fdb.jpg\" alt=\"\" class=\"brick-c-cFOWSL\" style=\"--brick-image-ratio: 5472 \/ 3648;\"\/><\/p>\n<p>      I EGET GALLERI: Knut Kjeldsen under en utstilling i eget verksted\/atelier under V\u00e5lerdagene for noen \u00e5r siden.<br \/>\n      Foto: Sverre Viggen\n    <\/p>\n<p>\u2013 Det er godt gammeldags h\u00e5ndverk som nok krever en god del t\u00e5lmodighet. Det krever mange og lange prosesser. Da denne teknikken kom p\u00e5 1400-tallet, ble den brukt til \u00e5 mangfoldiggj\u00f8re blant annet Bibelen med bilder. Kunne man ikke lese, kunne man i alle fall se p\u00e5 bildene og p\u00e5 den m\u00e5ten f\u00e5 med seg noe av det som sto i Bibelen, sier Kjeldsen.<\/p>\n<p>Kjeldsen har eget verksted\/atelier i V\u00e5ler sentrum, og mye av hans kunst kan ses der i tillegg p\u00e5 utstillinger forskjellige steder.<\/p>\n<p>Rembrandt brukte denne teknikken mye.<\/p>\n<p>Bra respons<\/p>\n<p>Responsen fra publikum er viktig, sier Kjeldsen.<\/p>\n<p>\u2013 Jeg fikk mye positiv respons under en utstilling i Sverige for en tid tilbake. God respons er for meg viktigere en store salg. Salget g\u00e5r bra, og det er selvsagt bra. En \u00e5rsak til at mange kj\u00f8per, er nok ogs\u00e5 at bildenes format er beskjedent. Folk f\u00e5r bedre plass i stua med de enn med store malerier, sier Kjeldsen.<\/p>\n<p>   <img decoding=\"async\" width=\"1518\" height=\"908\" fetchpriority=\"low\"  loading=\"lazy\"  src=\"https:\/\/www.europesays.com\/no\/wp-content\/uploads\/2026\/03\/b1cd0989-a8d5-4d71-b02d-2aa7dc54fa28.png\" alt=\"\" class=\"brick-c-cFOWSL\" style=\"--brick-image-ratio: 1518 \/ 908;\"\/><\/p>\n<p>      MALER OG TEGNER: Kjeldsen er ogs\u00e5 tegner og maler.<br \/>\n      Foto: Sverre Viggen\n    <\/p>\n<p>Han er \u00e9n \u2013 av vel 20 medlemmer i V\u00e5ler kunstforum der halvparten av medlemmene er aktive ut\u00f8vende kunstnere. Og han ogs\u00e5 medlem i \u00c5snes kunstforening.<\/p>\n<p>\u2013 Vi driver mest hver for oss, men vi har ogs\u00e5 et samlingssted i kjelleren i kulturskolen i V\u00e5ler, forteller Knut Kjeldsen.<\/p>\n<p>Og n\u00e5 har han alts\u00e5 en separatutstillingen i biblioteket.<\/p>\n<p>  <a data-static=\"\" href=\"#skip-\" class=\"brick-c-fgNmNC\">Hopp over karusellen.<\/a><\/p>\n<p data-static=\"\" class=\"brick-c-fgNmNC\" id=\"carousel-title-\">Innholdskarusell med 20 artikler.<\/p>\n<ul data-static=\"\" aria-label=\"Navigasjon for innholdskarusell\" class=\"carousel-nav\">\n<li>\n<\/li>\n<li>\n<\/li>\n<\/ul>\n","protected":false},"excerpt":{"rendered":"Det er ikke s\u00e5 mange igjen som driver med grafisk kunst med den opprinnelige teknikken fra 1400-tallet. Knut&hellip;\n","protected":false},"author":2,"featured_media":196411,"comment_status":"","ping_status":"","sticky":false,"template":"","format":"standard","meta":{"footnotes":"","_share_on_mastodon":"0"},"categories":[58],"tags":[36,71,410,30,28,29,14,478,1510,72,1986],"class_list":["post-196410","post","type-post","status-publish","format-standard","has-post-thumbnail","category-underholdning","tag-art","tag-entertainment","tag-kultur","tag-no","tag-norge","tag-norway","tag-nyheter","tag-solor","tag-story","tag-underholdning","tag-valer"],"share_on_mastodon":{"url":"https:\/\/pubeurope.com\/@no\/116286393288190457","error":""},"_links":{"self":[{"href":"https:\/\/www.europesays.com\/no\/wp-json\/wp\/v2\/posts\/196410","targetHints":{"allow":["GET"]}}],"collection":[{"href":"https:\/\/www.europesays.com\/no\/wp-json\/wp\/v2\/posts"}],"about":[{"href":"https:\/\/www.europesays.com\/no\/wp-json\/wp\/v2\/types\/post"}],"author":[{"embeddable":true,"href":"https:\/\/www.europesays.com\/no\/wp-json\/wp\/v2\/users\/2"}],"replies":[{"embeddable":true,"href":"https:\/\/www.europesays.com\/no\/wp-json\/wp\/v2\/comments?post=196410"}],"version-history":[{"count":0,"href":"https:\/\/www.europesays.com\/no\/wp-json\/wp\/v2\/posts\/196410\/revisions"}],"wp:featuredmedia":[{"embeddable":true,"href":"https:\/\/www.europesays.com\/no\/wp-json\/wp\/v2\/media\/196411"}],"wp:attachment":[{"href":"https:\/\/www.europesays.com\/no\/wp-json\/wp\/v2\/media?parent=196410"}],"wp:term":[{"taxonomy":"category","embeddable":true,"href":"https:\/\/www.europesays.com\/no\/wp-json\/wp\/v2\/categories?post=196410"},{"taxonomy":"post_tag","embeddable":true,"href":"https:\/\/www.europesays.com\/no\/wp-json\/wp\/v2\/tags?post=196410"}],"curies":[{"name":"wp","href":"https:\/\/api.w.org\/{rel}","templated":true}]}}