{"id":196586,"date":"2026-03-25T06:37:14","date_gmt":"2026-03-25T06:37:14","guid":{"rendered":"https:\/\/www.europesays.com\/no\/196586\/"},"modified":"2026-03-25T06:37:14","modified_gmt":"2026-03-25T06:37:14","slug":"coop-norge-rundt-coop-drama-ikke-veldig-demokratisk","status":"publish","type":"post","link":"https:\/\/www.europesays.com\/no\/196586\/","title":{"rendered":"Coop, Norge rundt | Coop-drama: \u2013 Ikke veldig demokratisk"},"content":{"rendered":"\n<p>[<a href=\"https:\/\/www.nettavisen.no\/okonomi\/coop-dramaet-ikke-veldig-demokratisk\/s\/5-95-2948237\" rel=\"Follow nofollow noopener\" target=\"_blank\">NETTAVISEN<\/a>]: I kveld raser debatten p\u00e5 krisem\u00f8tet til Coop Norge.<\/p>\n<p>Planene om \u00e5 sl\u00e5 sammen tr\u00f8ndere og finnmarkinger til et felles Coop Allianse m\u00f8ter<a href=\"https:\/\/www.nettavisen.no\/okonomi\/krisemote-i-coop-far-enda-mer-makt\/s\/5-95-2946374\" rel=\"Follow nofollow noopener\" target=\"_blank\"> sterk motstand fra store deler av Coop-systemet<\/a>, etter det Nettavisen erfarer.<\/p>\n<p>I kveld samles representanter fra hele Norge til et ekstraordin\u00e6rt \u00e5rsm\u00f8te p\u00e5 Gardermoen der fusjonssaken er hovedtema.<\/p>\n<p>Torbj\u00f8rn Skei rykker ut i forsvar<\/p>\n<p>Det er all grunn til \u00e5 tro at mange delegater vil ta til orde for at Coop holder p\u00e5 strategien som ble valgt i 2015. Da ble man enige om at Coop skulle fusjonere til f\u00e6rre lag, men at fusjoner skulle skje mellom naboer.<\/p>\n<p>Planen om fusjon mellom Finnmark og Midt-Norge er stikk i strid med denne.<\/p>\n<p>  <a href=\"https:\/\/www.ranablad.no\/5-42-1561596\" class=\"related-teaser has-image article--c-MkAkR\" rel=\"nofollow noopener\" target=\"_blank\"><\/p>\n<p>    <img decoding=\"async\" width=\"155\"  loading=\"lazy\"  src=\"https:\/\/www.europesays.com\/no\/wp-content\/uploads\/2026\/03\/Byggevaren%C3%A6ringen-3.jpg\" alt=\"\" class=\"brick-c-cFOWSL\" style=\"\"\/><\/p>\n<p>\n            Les ogs\u00e5<\/p>\n<p>            Slik g\u00e5r det med byggevarebransjen i Mo i Rana: \u2013 Konkurransen er beinhard\n        <\/p>\n<p>  <\/a><\/p>\n<p>Like f\u00f8r m\u00f8tet i Coop Norge starter, g\u00e5r direkt\u00f8ren for Coop Midt-Norge ut og forsvarer fusjonsplanene.<\/p>\n<p>\u2013 Jeg er sikker p\u00e5 at den foresl\u00e5tte fusjonen gir veldig god mening for b\u00e5de Finnmark, Midt-Norge og Coop som helhet, skriver Torbj\u00f8rn Skei i en e-post til Nettavisen.<\/p>\n<p>Han legger til at han har stor respekt for medlemsdemokratiet.<\/p>\n<p>   <img decoding=\"async\" width=\"1740\" height=\"979\" fetchpriority=\"low\"  loading=\"lazy\"  src=\"https:\/\/www.europesays.com\/no\/wp-content\/uploads\/2026\/03\/Coop-granskning%3A++Det+er+penbart+at+han+ikke+kan+vre+med+p+dette.bin.jpeg\" alt=\"\" class=\"brick-c-cFOWSL\" style=\"--brick-image-ratio: 1740 \/ 979;\"\/><\/p>\n<p>      FOR FUSJON: Torbj\u00f8rn Skei (t.v.) vil sl\u00e5 sammen Coop Midt-Norge med Coop Finnmark. I det nye laget f\u00e5r Finnmark fire plasser i representantskapet, Midt-Norge f\u00e5r 26. Til h\u00f8yre er Skeis nestkommanderende Bj\u00f8rn Vik Mo.<br \/>\n      Foto: Johan Arnt Nesg\u00e5rd (Tr\u00f8nder-Avisa)\n    <\/p>\n<p>  Ekstremt kort tid<\/p>\n<p>Torbj\u00f8rn Skei regnes som en av de mektigste i Coop-systemet i Norge, og han er ogs\u00e5 den <a href=\"https:\/\/www.nettavisen.no\/okonomi\/slakter-coop-systemet-holder-matprisene-oppe\/s\/5-95-2853383\" rel=\"Follow nofollow noopener\" target=\"_blank\">Coop-sjefen med den beste l\u00f8nnspakken.<\/a><\/p>\n<p>Og n\u00e5r det gjelder fusjonen mellom tr\u00f8ndere og finnmarkinger har ikke Coop Norge mulighet til \u00e5 stoppe den.<\/p>\n<p>Det er ikke slik at Coop Norge bestemmer over de lokale lagene, det er motsatt. Men uttalelsen som vil bli vedtatt p\u00e5 Gardermoen kan muligens p\u00e5virke hvordan noen finnmarkinger vil stemme.<\/p>\n<p>  <a href=\"https:\/\/www.ranablad.no\/5-42-1548164\" class=\"related-teaser has-image article--c-MkAkR\" rel=\"nofollow noopener\" target=\"_blank\"><\/p>\n<p>    <img decoding=\"async\" width=\"155\"  loading=\"lazy\"  src=\"https:\/\/www.europesays.com\/no\/wp-content\/uploads\/2026\/03\/kiwidrone-1.jpg\" alt=\"\" class=\"brick-c-cFOWSL\" style=\"\"\/><\/p>\n<p>\n            Les ogs\u00e5<\/p>\n<p>            Kiwis tredje butikk i Rana blir forsinket: \u2013 Vi var for optimistiske\n        <\/p>\n<p>  <\/a><\/p>\n<p>Men en stor utfordring er at det kun g\u00e5r timer mellom de to ekstraordin\u00e6re \u00e5rsm\u00f8tene.<\/p>\n<p>Coop Norge sitt m\u00f8te er ventet \u00e5 v\u00e6re ferdig klokken 20.30 tirsdag. P\u00e5 morgenen onsdag, klokken ni, skal finnmarkingene ha sitt m\u00f8te.<\/p>\n<p>\u2013 Ikke veldig demokratisk<\/p>\n<p>I Finnmark er det flere som stusser p\u00e5 at det er s\u00e5 kort tid mellom de to m\u00f8tene.<\/p>\n<p>\u2013 Dette er ikke greit og det er ikke veldig demokratisk. Jeg synes ikke det er noe bra i det hele tatt, sier Tor Bj\u00f8rnar Henriksen, tillitsvalgt i Coop Finnmark.<\/p>\n<p>\u2013 Det burde helt klart v\u00e6rt tid for oss til \u00e5 diskutere utfallet av m\u00f8tet i Coop Norge f\u00f8r \u00e5rsm\u00f8tet i Finnmark starter.<\/p>\n<p>  <a href=\"https:\/\/www.ranablad.no\/5-42-1543028\" class=\"related-teaser has-image article--c-MkAkR\" rel=\"nofollow noopener\" target=\"_blank\"><\/p>\n<p>    <img decoding=\"async\" width=\"155\"  loading=\"lazy\"  src=\"https:\/\/www.europesays.com\/no\/wp-content\/uploads\/2026\/03\/5_42_1134686+Torbjrn+Skei+08032021.jpg\" alt=\"\" class=\"brick-c-cFOWSL\" style=\"\"\/><\/p>\n<p>\n            Les ogs\u00e5<\/p>\n<p>            Medlemmer i Rana og Hemnes f\u00e5r n\u00e5 29,2 millioner kroner inn p\u00e5 konto, men skal du ha tak i pengene m\u00e5 du huske p\u00e5 dette\n        <\/p>\n<p>  <\/a><\/p>\n<p>Han synes det er vanskelig \u00e5 forst\u00e5 hvorfor de to m\u00f8tene er lagt s\u00e5 tett.<\/p>\n<p>\u2013 Jeg synes det er vanskelig \u00e5 se andre \u00e5rsaker til at det er lagt s\u00e5 tett enn at man ikke \u00f8nsker noen debatt om utfallet fra m\u00f8tet i Coop Norge f\u00f8r \u00e5rsm\u00f8tet i Finnmark starter.<\/p>\n<p>\u2013 Det er uheldig<\/p>\n<p>Finnmark skulle opprinnelig ha sitt \u00e5rsm\u00f8te 8. april. Nettavisen har kontaktet direkt\u00f8ren for Coop Finnmark og spurt om \u00e5rsaken til at man har framskyndet m\u00f8tet til 25. mars. Dette har vi ikke f\u00e5tt svar p\u00e5.<\/p>\n<p>\u2013 Jeg synes det er uheldig at Coop Finnmark har sitt ekstraordin\u00e6re m\u00f8te bare timer etter at Coop Norge har fattet sine beslutninger, sier Bj\u00f8rn Arne Pedersen, som ogs\u00e5 er tillitsvalgt i Coop Finnmark.<\/p>\n<p>  <a href=\"https:\/\/www.ranablad.no\/5-42-1542940\" class=\"related-teaser has-image article--c-MkAkR\" rel=\"nofollow noopener\" target=\"_blank\"><\/p>\n<p>    <img decoding=\"async\" width=\"155\"  loading=\"lazy\"  src=\"https:\/\/www.europesays.com\/no\/wp-content\/uploads\/2026\/03\/NTB_IiiiMtAzZpc.jpg\" alt=\"\" class=\"brick-c-cFOWSL\" style=\"\"\/><\/p>\n<p>\n            Les ogs\u00e5<\/p>\n<p>            Fjernvarmeledning kan skape kr\u00f8ll for McDonald\u2019s-etablering: \u2013 M\u00e5let er fortsatt \u00e5pning i 2026\n        <\/p>\n<p>  <\/a><\/p>\n<p>\u2013 Det fratar oss muligheten til \u00e5 diskutere saken skikkelig.<\/p>\n<p>Han har en klar beskjed til ledelsen f\u00f8r \u00e5rsm\u00f8tet onsdag morgen.<\/p>\n<p>\u2013 Jeg forventer at styreleder starter med en skikkelig orientering om hva som kom fram p\u00e5 m\u00f8tet i Coop Norge, sier han.<\/p>\n<p>\u2013 Stor respekt for medlemsdemokratiet<\/p>\n<p>Samtidig med \u00e5rsm\u00f8tet i Coop Finnmark skal Coop Midt-Norge ogs\u00e5 ta stilling til fusjonen.<\/p>\n<p>Direkt\u00f8r i Coop Midt-Norge, Torbj\u00f8rn Skei, sier medlemmene har f\u00e5tt et omfattende og balansert grunnlag som de skal ta stilling til. Han legger vekt p\u00e5 at det er bred enighet om at Coop trenger f\u00e6rre og sterkere samvirkelag.<\/p>\n<p>\u2013 Vi har stor respekt for medlemsdemokratiet, b\u00e5de i Midt-Norge og i Finnmark, sier Skei.<\/p>\n<p>  <a href=\"https:\/\/www.ranablad.no\/5-42-1540747\" class=\"related-teaser has-image article--c-MkAkR\" rel=\"nofollow noopener\" target=\"_blank\"><\/p>\n<p>    <img decoding=\"async\" width=\"155\"  loading=\"lazy\"  src=\"https:\/\/www.europesays.com\/no\/wp-content\/uploads\/2026\/03\/AnnLisbeth-2.jpg\" alt=\"\" class=\"brick-c-cFOWSL\" style=\"\"\/><\/p>\n<p>\n            Les ogs\u00e5<\/p>\n<p>            Europris skal bli nabo til Obs. \u2013 Vi gleder oss til \u00e5 \u00e5pne der\n        <\/p>\n<p>  <\/a><br \/>\n  Tar det internt<\/p>\n<p>\u2013 Hva vil du si til de som mener fusjonen bryter med prinsippet fra 2015 om at lag b\u00f8r fusjonere med sine n\u00e6rmeste naboer?<\/p>\n<p>\u2013 Interne diskusjoner tar vi internt. P\u00e5 generelt grunnlag st\u00e5r ethvert samvirkelag fritt til \u00e5 velge sin egen fusjonspartner, noe som st\u00e5r sterkt i samvirkeloven.<\/p>\n<p>If\u00f8lge ham har dette ogs\u00e5 v\u00e6rt praksisen i Coop.<\/p>\n<p>\u2013 Til syvende og sist er det medlemmene i det enkelte lag som avgj\u00f8r hvem de \u00f8nsker \u00e5 sl\u00e5 seg sammen med.<\/p>\n<p>\u2013 Volum er alt<\/p>\n<p>\u2013 Hvorfor er det s\u00e5 viktig for dere \u00e5 sl\u00e5 dere sammen med nettopp Finnmark?<\/p>\n<p>\u2013 I dagens dagligvaremarked betyr volum alt for konkurransekraften v\u00e5r. Ved \u00e5 sl\u00e5 oss sammen kan vi l\u00f8se oppgaver mer effektivt, oppn\u00e5 bedre innkj\u00f8psbetingelser og styrke b\u00e5de butikkene og lokalsamfunnene. Det handler ogs\u00e5 om \u00e5 sikre et h\u00f8yt kj\u00f8peutbytte til medlemmene, sier Skei til Nettavisen.<\/p>\n<p>  <a data-static=\"\" href=\"#skip-\" class=\"brick-c-fgNmNC\">Hopp over karusellen.<\/a><\/p>\n<p data-static=\"\" class=\"brick-c-fgNmNC\" id=\"carousel-title-\">Innholdskarusell med 10 artikler.<\/p>\n<ul data-static=\"\" aria-label=\"Navigasjon for innholdskarusell\" class=\"carousel-nav\">\n<li>\n<\/li>\n<li>\n<\/li>\n<\/ul>\n","protected":false},"excerpt":{"rendered":"[NETTAVISEN]: I kveld raser debatten p\u00e5 krisem\u00f8tet til Coop Norge. Planene om \u00e5 sl\u00e5 sammen tr\u00f8ndere og finnmarkinger&hellip;\n","protected":false},"author":2,"featured_media":196587,"comment_status":"","ping_status":"","sticky":false,"template":"","format":"standard","meta":{"footnotes":"","_share_on_mastodon":"0"},"categories":[10],"tags":[36,20,21,1749,14009,24,25,15,22,23,13,30,28,1331,29,14,16,1510,26,27],"class_list":["post-196586","post","type-post","status-publish","format-standard","has-post-thumbnail","category-norge","tag-art","tag-breaking-news","tag-breakingnews","tag-coop","tag-coop-midt-norge","tag-featured-news","tag-featurednews","tag-headlines","tag-latest-news","tag-latestnews","tag-news","tag-no","tag-norge","tag-norge-rundt","tag-norway","tag-nyheter","tag-overskrifter","tag-story","tag-top-stories","tag-topstories"],"share_on_mastodon":{"url":"https:\/\/pubeurope.com\/@no\/116288438233997933","error":""},"_links":{"self":[{"href":"https:\/\/www.europesays.com\/no\/wp-json\/wp\/v2\/posts\/196586","targetHints":{"allow":["GET"]}}],"collection":[{"href":"https:\/\/www.europesays.com\/no\/wp-json\/wp\/v2\/posts"}],"about":[{"href":"https:\/\/www.europesays.com\/no\/wp-json\/wp\/v2\/types\/post"}],"author":[{"embeddable":true,"href":"https:\/\/www.europesays.com\/no\/wp-json\/wp\/v2\/users\/2"}],"replies":[{"embeddable":true,"href":"https:\/\/www.europesays.com\/no\/wp-json\/wp\/v2\/comments?post=196586"}],"version-history":[{"count":0,"href":"https:\/\/www.europesays.com\/no\/wp-json\/wp\/v2\/posts\/196586\/revisions"}],"wp:featuredmedia":[{"embeddable":true,"href":"https:\/\/www.europesays.com\/no\/wp-json\/wp\/v2\/media\/196587"}],"wp:attachment":[{"href":"https:\/\/www.europesays.com\/no\/wp-json\/wp\/v2\/media?parent=196586"}],"wp:term":[{"taxonomy":"category","embeddable":true,"href":"https:\/\/www.europesays.com\/no\/wp-json\/wp\/v2\/categories?post=196586"},{"taxonomy":"post_tag","embeddable":true,"href":"https:\/\/www.europesays.com\/no\/wp-json\/wp\/v2\/tags?post=196586"}],"curies":[{"name":"wp","href":"https:\/\/api.w.org\/{rel}","templated":true}]}}