{"id":19671,"date":"2025-08-27T18:05:07","date_gmt":"2025-08-27T18:05:07","guid":{"rendered":"https:\/\/www.europesays.com\/no\/19671\/"},"modified":"2025-08-27T18:05:07","modified_gmt":"2025-08-27T18:05:07","slug":"beverly-hills-90210-skuespiller-jennie-garth-fikk-gravidsjokk","status":"publish","type":"post","link":"https:\/\/www.europesays.com\/no\/19671\/","title":{"rendered":"\u00abBeverly Hills 90210\u00bb-skuespiller Jennie Garth fikk \u00abgravidsjokk\u00bb"},"content":{"rendered":"\n<p class=\"_lead_1bvmi_2 _lead_xtcu6_50 layout-component text-serif-m layout-normal text-serif-l layout-component layout-wide layout-padded _wide_17hqh_1 layout-padded\">Skuespiller Jennie Garth (53) fra \u00abBeverly Hills 90210\u00bb ble feilaktig fortalt at hun var gravid.<\/p>\n<p><img alt=\" Foto: Evan Agostini \/ AP \/ NTB\" class=\"_image_qp4xg_65 layout-component layout-wide\" data-fullscreen- data-track-element-type=\"Article image fullscreen\" data-track-name=\"ImageFullscreen\" fetchpriority=\"high\" decoding=\"sync\" loading=\"eager\" height=\"2469\" itemprop=\"image\"  src=\"https:\/\/www.europesays.com\/no\/wp-content\/uploads\/2025\/08\/a06e1a98-eb97-4ab1-b12e-cd844f71b516\"  style=\"object-position:0% 0%\" width=\"3500\"\/> Foto: Evan Agostini \/ AP \/ NTB<\/p>\n<ul aria-hidden=\"true\" class=\"_images_1y6fe_106\">\n<li><a class=\"_link_1y6fe_111\" href=\"https:\/\/www.vg.no\/forfatter\/silje-kathrine-sviggum\" style=\"z-index:1\" title=\"Silje Kathrine Sviggum\" rel=\"nofollow noopener\" target=\"_blank\"><img alt=\"Bilde av Silje Kathrine Sviggum\" class=\"_image_1y6fe_88\" fetchpriority=\"low\" loading=\"lazy\" decoding=\"async\" itemprop=\"image\"  src=\"https:\/\/www.europesays.com\/no\/wp-content\/uploads\/2025\/08\/1756317907_818_e676a608-6bb3-4134-98e2-0f7e4dee1ab7\"  width=\"480\"\/><\/a><\/li>\n<\/ul>\n<p> Oppdatert onsdag 27. august kl. 19:32     <\/p>\n<p class=\"_paragraph_1bvmi_4 _paragraph_xtcu6_10 layout-component text-serif-m layout-normal text-serif-m layout-padded\">90-tallsstjernen opplevde et pinlig \u00f8yeblikk som ten\u00e5ring da hun og moren bes\u00f8kte en klinikk.<\/p>\n<p class=\"_paragraph_1bvmi_4 _paragraph_xtcu6_10 layout-component text-serif-m layout-normal text-serif-m layout-padded\">53-\u00e5ringen delte historien i sin podkast \u00abI Choose Me\u00bb sammen med datteren Fiona p\u00e5 18 \u00e5r, skriver\u00a0<a href=\"https:\/\/www.dailymail.co.uk\/tvshowbiz\/article-15036503\/Jennie-Garth-reveals-mistakenly-told-pregnant.html\" class=\"_link_1bvmi_39\" rel=\"nofollow noopener\" target=\"_blank\">Daily Mail<\/a>.<\/p>\n<p class=\"_paragraph_1bvmi_4 _paragraph_xtcu6_10 layout-component text-serif-m layout-normal text-serif-m layout-padded\">I podkasten deler Garth at hun hadde l\u00f8yet til moren om hvorfor hun ville p\u00e5 klinikken. Hun skal ha fortalt moren at hun trengte prevensjon p\u00e5 grunn av uregelmessig mensen, men sannheten var at hun hadde en kj\u00e6reste og ville v\u00e6re trygg.<\/p>\n<p class=\"_paragraph_1bvmi_4 _paragraph_xtcu6_10 layout-component text-serif-m layout-normal text-serif-m layout-padded\">\u2013 Jeg hadde allerede hatt sex og l\u00f8y til moren min om det, forteller skuespilleren.<\/p>\n<p class=\"_paragraph_1bvmi_4 _paragraph_xtcu6_10 layout-component text-serif-m layout-normal text-serif-m layout-padded\">Da legen kom tilbake med det de trodde var testresultatene, kom sjokket:<\/p>\n<p class=\"_paragraph_1bvmi_4 _paragraph_xtcu6_10 layout-component text-serif-m layout-normal text-serif-m layout-padded\"><strong class=\"_strong_1bvmi_25\">\u2013 Du er gravid, var beskjeden.<\/strong><\/p>\n<p class=\"_paragraph_1bvmi_4 _paragraph_xtcu6_10 layout-component text-serif-m layout-normal text-serif-m layout-padded\">I podkasten beskriver Jennie Garth panikken hun f\u00f8lte i det \u00f8yeblikket.<\/p>\n<p class=\"_paragraph_1bvmi_4 _paragraph_xtcu6_10 layout-component text-serif-m layout-normal text-serif-m layout-padded\">\u2013 Jeg ble \u00f8yeblikkelig r\u00f8d over hele kroppen. Jeg var het og svett. Jeg visste ikke hva jeg skulle gj\u00f8re.<\/p>\n<p class=\"_paragraph_1bvmi_4 _paragraph_xtcu6_10 layout-component text-serif-m layout-normal text-serif-m layout-padded\">Plutselig inns\u00e5 Garth at hun m\u00e5tte v\u00e6re \u00e6rlig med moren sin om at hun allerede hadde hatt sex.<\/p>\n<p class=\"_paragraph_1bvmi_4 _paragraph_xtcu6_10 layout-component text-serif-m layout-normal text-serif-m layout-padded\">Men klinikken viste seg \u00e5 ha gjort en rutinefeil:<\/p>\n<p class=\"_paragraph_1bvmi_4 _paragraph_xtcu6_10 layout-component text-serif-m layout-normal text-serif-m layout-padded\">\u2013 \u00c5, beklager. Det var ikke din urin. Det var noen andres urin, var kontrabeskjeden til stjernen.<\/p>\n<p class=\"_paragraph_1bvmi_4 _paragraph_xtcu6_10 layout-component text-serif-m layout-normal text-serif-m layout-padded\">I etterkant har Garth brukt opplevelsen for \u00e5 l\u00e6re sine for sine egne d\u00f8tre om viktigheten av \u00e5pen kommunikasjon.<\/p>\n<p><img alt=\"Jennie Garth og Peter Facinelly den tiden de to var et par. Bildet er fra 2012.  Foto: Chris Pizzello \/ AP \/ NTB\" class=\"_image_qp4xg_65 layout-component layout-normal\" data-fullscreen- data-track-element-type=\"Article image fullscreen\" data-track-name=\"ImageFullscreen\" decoding=\"async\" loading=\"lazy\" height=\"2664\" itemprop=\"image\"  src=\"https:\/\/www.europesays.com\/no\/wp-content\/uploads\/2025\/08\/97b3b76f-16ed-4502-8656-753cd2d19a2c\"  style=\"object-position:0% 0%\" width=\"4132\"\/>Jennie Garth og Peter Facinelly den tiden de to var et par. Bildet er fra 2012.  Foto: Chris Pizzello \/ AP \/ NTB<\/p>\n<p class=\"_paragraph_1bvmi_4 _paragraph_xtcu6_10 layout-component text-serif-m layout-normal text-serif-m layout-padded\"><a href=\"https:\/\/www.vg.no\/tag\/hollywood?utm_source=vg-article&amp;utm_medium=auto-tagger&amp;utm_campaign=rPw5M3\" class=\"_link_1bvmi_39\" rel=\"nofollow noopener\" target=\"_blank\">Hollywood<\/a>-stjernen har tre d\u00f8tre med eksmannen Peter Facinelli (51).<\/p>\n<p class=\"_paragraph_1bvmi_4 _paragraph_xtcu6_10 layout-component text-serif-m layout-normal text-serif-m layout-padded\">Ogs\u00e5 han er skuespiller og kjent fra blant annet \u00abTwilight\u00bb-filmene. Det tidligere paret var gift fra 2001 til 2013.<\/p>\n<p class=\"_paragraph_1bvmi_4 _paragraph_xtcu6_10 layout-component text-serif-m layout-normal text-serif-m layout-padded\">Facinelli har tidligere uttalt som gjest i ekskonas podkast at de to var \u00abemosjonelt medavhengige\u00bb fordi de giftet seg og fikk barn som unge.<\/p>\n<p class=\"_paragraph_1bvmi_4 _paragraph_xtcu6_10 layout-component text-serif-m layout-normal text-serif-m layout-padded\">\u2013 Jeg trengte \u00e5 finne ut hvem jeg var, sa han i podkasten.<\/p>\n<p class=\"_paragraph_1bvmi_4 _paragraph_xtcu6_10 layout-component text-serif-m layout-normal text-serif-m layout-padded\"><strong class=\"_strong_1bvmi_25\">Se video: \u00abBeverly Hills\u00bb-stjernen ble Chippendales-medlem<\/strong><\/p>\n","protected":false},"excerpt":{"rendered":"Skuespiller Jennie Garth (53) fra \u00abBeverly Hills 90210\u00bb ble feilaktig fortalt at hun var gravid. Foto: Evan Agostini&hellip;\n","protected":false},"author":2,"featured_media":19672,"comment_status":"","ping_status":"","sticky":false,"template":"","format":"standard","meta":{"footnotes":""},"categories":[58],"tags":[71,80,3384,30,28,29,1293,72],"class_list":{"0":"post-19671","1":"post","2":"type-post","3":"status-publish","4":"format-standard","5":"has-post-thumbnail","7":"category-underholdning","8":"tag-entertainment","9":"tag-hollywood","10":"tag-jennie-garth","11":"tag-no","12":"tag-norge","13":"tag-norway","14":"tag-podcast","15":"tag-underholdning"},"share_on_mastodon":{"url":"","error":""},"_links":{"self":[{"href":"https:\/\/www.europesays.com\/no\/wp-json\/wp\/v2\/posts\/19671","targetHints":{"allow":["GET"]}}],"collection":[{"href":"https:\/\/www.europesays.com\/no\/wp-json\/wp\/v2\/posts"}],"about":[{"href":"https:\/\/www.europesays.com\/no\/wp-json\/wp\/v2\/types\/post"}],"author":[{"embeddable":true,"href":"https:\/\/www.europesays.com\/no\/wp-json\/wp\/v2\/users\/2"}],"replies":[{"embeddable":true,"href":"https:\/\/www.europesays.com\/no\/wp-json\/wp\/v2\/comments?post=19671"}],"version-history":[{"count":0,"href":"https:\/\/www.europesays.com\/no\/wp-json\/wp\/v2\/posts\/19671\/revisions"}],"wp:featuredmedia":[{"embeddable":true,"href":"https:\/\/www.europesays.com\/no\/wp-json\/wp\/v2\/media\/19672"}],"wp:attachment":[{"href":"https:\/\/www.europesays.com\/no\/wp-json\/wp\/v2\/media?parent=19671"}],"wp:term":[{"taxonomy":"category","embeddable":true,"href":"https:\/\/www.europesays.com\/no\/wp-json\/wp\/v2\/categories?post=19671"},{"taxonomy":"post_tag","embeddable":true,"href":"https:\/\/www.europesays.com\/no\/wp-json\/wp\/v2\/tags?post=19671"}],"curies":[{"name":"wp","href":"https:\/\/api.w.org\/{rel}","templated":true}]}}