{"id":196759,"date":"2026-03-25T10:09:17","date_gmt":"2026-03-25T10:09:17","guid":{"rendered":"https:\/\/www.europesays.com\/no\/196759\/"},"modified":"2026-03-25T10:09:17","modified_gmt":"2026-03-25T10:09:17","slug":"bergen-oker-bompengetakstene-for-elbiler-med-opptil-83-prosent","status":"publish","type":"post","link":"https:\/\/www.europesays.com\/no\/196759\/","title":{"rendered":"Bergen \u00f8ker bompengetakstene for elbiler med opptil 83 prosent"},"content":{"rendered":"<p class=\"kicker text-red color_mobile_text-red\" style=\"\">Bergen:<\/p>\n<p>    Fra i dag av blir det dyrere \u00e5 ferdes i Bergen med elbil. For bensin- og dieselbiler er takstene uendret.<\/p>\n<p>\n    I Bergen \u00f8kes n\u00e5 bompengetakstene for elbiler, som n\u00e5 st\u00e5r for halvparten av bilparken i kommunen. Her fra bomstasjonen i Fyllingsdalen. Foto: Google Maps\n  <\/p>\n<p>  <a href=\"https:\/\/www.elbil24.no\/nyheter\/na-kan-du-gi-terningkast-til-bilen-din\/84343183\" class=\"banner-link\" rel=\"nofollow noopener\" target=\"_blank\"><\/p>\n<p>      <img decoding=\"async\" src=\"https:\/\/www.europesays.com\/no\/wp-content\/uploads\/2026\/03\/leserunders\u00f8kelse-2026-980-120-v2.jpg\" alt=\"Leserunders\u00f8kelse 2026\" class=\"banner-img\"\/><\/p>\n<p>  <\/a><\/p>\n<p>(Elbil24): I januar vedtok bystyret i Bergen \u00e5 \u00f8ke bompengetakstene kraftig for elbiler. 11 av 12 partier stemte for forslaget, mens Fremskrittspartiet var eneste parti som gav tommelen ned.<\/p>\n<p>\u2013 Det er et direkte ran av vanlige folk, ble gruppeleder Christian Haugen sitert p\u00e5 av <a href=\"https:\/\/www.ba.no\/enige-om-a-oke-bompenger-for-elbiler\/s\/5-8-3280894\" rel=\"nofollow noopener\" target=\"_blank\">Bergensavisen<\/a>\u00a0(krever abonnement).<\/p>\n<p>    <a itemprop=\"url\" href=\"https:\/\/www.elbil24.no\/nyheter\/raser-mot-forslag-blir-for-dumt\/84350876\" rel=\"nofollow noopener\" target=\"_blank\"><\/p>\n<p>        <img loading=\"lazy\" decoding=\"async\" src=\"https:\/\/www.europesays.com\/no\/wp-content\/uploads\/2026\/03\/84364211.webp.webp\" width=\"980\" height=\"441\" title=\"Raser mot forslag: - Blir for dumt\" alt=\"\" class=\"lazyload\" style=\"--aspect-ratio-image: 2.22; \"\/><\/p>\n<p>        Raser mot forslag: &#8211; Blir for dumt<\/p>\n<p>    <\/a><\/p>\n<p>Inntil 83 prosent dyrere\t<\/p>\n<p>Frem til i g\u00e5r betalte elbilistene med Autopass-avtale 10,40 kroner utenom rushtid og 19,20 kroner i rushtiden. De nye takstene som gjelder fra i dag av er p\u00e5 henholdsvis 17,90 og 35,20 kroner. Det tilsvarer en \u00f8kning p\u00e5 henholdsvis 72 og 83 prosent.<\/p>\n<p>For bensin- og dieselbiler er takstene uendret. De er fortsatt h\u00f8yere enn for elbilene: Uten AutoPass-avtale betaler man 44 kroner som elbilist i rushtiden, mens tilsvarende satser for bensin og diesel er henholdsvis 64 og 70 kroner, alts\u00e5 45 og 59 prosent mer.<\/p>\n<p>    <a itemprop=\"url\" href=\"https:\/\/www.elbil24.no\/nyheter\/bryter-regelverket\/84135608\" rel=\"nofollow noopener\" target=\"_blank\"><\/p>\n<p>        <img loading=\"lazy\" decoding=\"async\" src=\"https:\/\/www.europesays.com\/no\/wp-content\/uploads\/2026\/03\/84135624.webp.webp\" width=\"980\" height=\"441\" title=\"- Bryter regelverket\" alt=\"\" class=\"lazyload\" style=\"--aspect-ratio-image: 2.22; \"\/><\/p>\n<p>        &#8211; Bryter regelverket<\/p>\n<p>    <\/a><\/p>\n<p>Timesregelen gjelder fortsatt, der man kun blir belastet for den dyreste passeringen innenfor en time dersom man passerer flere bomstasjoner.<\/p>\n<p>50% elbiler\t<\/p>\n<p>If\u00f8lge vedtaket fra Vegdirektoratet oppgir Ferde AS, som\u00a0finansierer bompengeprosjekter i Vestland, at andelen nullutslippskj\u00f8ret\u00f8y er langt h\u00f8yere enn opprinnelig lagt til grunn i Bypakke Bergen, som har gitt lavere gjennomsnittakst og passeringsinntekter.<\/p>\n<p>If\u00f8lge SSB er det registrert 60\u00a0695 elbiler i Bergen, som utgj\u00f8r tett oppunder halvparten av bilparken i kommunen.<\/p>\n","protected":false},"excerpt":{"rendered":"Bergen: Fra i dag av blir det dyrere \u00e5 ferdes i Bergen med elbil. For bensin- og dieselbiler&hellip;\n","protected":false},"author":2,"featured_media":196760,"comment_status":"","ping_status":"","sticky":false,"template":"","format":"standard","meta":{"footnotes":"","_share_on_mastodon":"0"},"categories":[10],"tags":[444,6471,20,21,267,24,25,15,22,23,13,30,28,29,14,16,26,27],"class_list":["post-196759","post","type-post","status-publish","format-standard","has-post-thumbnail","category-norge","tag-bergen","tag-bompenger","tag-breaking-news","tag-breakingnews","tag-elbil","tag-featured-news","tag-featurednews","tag-headlines","tag-latest-news","tag-latestnews","tag-news","tag-no","tag-norge","tag-norway","tag-nyheter","tag-overskrifter","tag-top-stories","tag-topstories"],"share_on_mastodon":{"url":"https:\/\/pubeurope.com\/@no\/116289271557438100","error":""},"_links":{"self":[{"href":"https:\/\/www.europesays.com\/no\/wp-json\/wp\/v2\/posts\/196759","targetHints":{"allow":["GET"]}}],"collection":[{"href":"https:\/\/www.europesays.com\/no\/wp-json\/wp\/v2\/posts"}],"about":[{"href":"https:\/\/www.europesays.com\/no\/wp-json\/wp\/v2\/types\/post"}],"author":[{"embeddable":true,"href":"https:\/\/www.europesays.com\/no\/wp-json\/wp\/v2\/users\/2"}],"replies":[{"embeddable":true,"href":"https:\/\/www.europesays.com\/no\/wp-json\/wp\/v2\/comments?post=196759"}],"version-history":[{"count":0,"href":"https:\/\/www.europesays.com\/no\/wp-json\/wp\/v2\/posts\/196759\/revisions"}],"wp:featuredmedia":[{"embeddable":true,"href":"https:\/\/www.europesays.com\/no\/wp-json\/wp\/v2\/media\/196760"}],"wp:attachment":[{"href":"https:\/\/www.europesays.com\/no\/wp-json\/wp\/v2\/media?parent=196759"}],"wp:term":[{"taxonomy":"category","embeddable":true,"href":"https:\/\/www.europesays.com\/no\/wp-json\/wp\/v2\/categories?post=196759"},{"taxonomy":"post_tag","embeddable":true,"href":"https:\/\/www.europesays.com\/no\/wp-json\/wp\/v2\/tags?post=196759"}],"curies":[{"name":"wp","href":"https:\/\/api.w.org\/{rel}","templated":true}]}}