{"id":196772,"date":"2026-03-25T10:26:13","date_gmt":"2026-03-25T10:26:13","guid":{"rendered":"https:\/\/www.europesays.com\/no\/196772\/"},"modified":"2026-03-25T10:26:13","modified_gmt":"2026-03-25T10:26:13","slug":"far-stotte","status":"publish","type":"post","link":"https:\/\/www.europesays.com\/no\/196772\/","title":{"rendered":"F\u00e5r st\u00f8tte"},"content":{"rendered":"<p class=\"kicker \" style=\"\">Mette-Marit-intervjuet:\u00a0<\/p>\n<p>    NRK opplyser at Slottet fikk sp\u00f8rsm\u00e5lene f\u00f8r kronprinsessens Epstein-intervju ei uke p\u00e5 forh\u00e5nd.\u00a0<\/p>\n<p>\n    STILTE OPP SAMMEN: Kronprinsesse Mette-Marit og kronprins Haakon deltok begge i intervjuet med NRK, som ble publisert fredag morgen. Ei uke f\u00f8r, hadde Slottet f\u00e5tt sp\u00f8rsm\u00e5lene fra NRK. Foto: Torbj\u00f8rn Brovold \/ NRK \/ NTB\n  <\/p>\n<p>Fredag forrige uke tok kronprinsesse Mette-Marit bladet fra munnen etter \u00e5 ha holdt tyst om den omfattende Epstein-kontakten, som ble avsl\u00f8rt i januar.<\/p>\n<p>\u00abPr\u00f8v en gang til\u00bb, skrev <a href=\"https:\/\/www.dagbladet.no\/meninger\/misbrukte-en-sjanse\/84398133\" rel=\"nofollow noopener\" target=\"_blank\">Dagbladet<\/a>. De \u00f8vrige riksmediene delte Dagbladets oppfatning om at kronprinsessen ikke hadde svart tilfredsstillende.\u00a0<\/p>\n<p>        AUDIENS: Det belgiske kongeparet er p\u00e5 bes\u00f8k p\u00e5 Slottet, og selv om hun hilste p\u00e5 dem tidligere, s\u00e5 er ikke kronprinsesse Mette-Marit p\u00e5 plass p\u00e5 middagen. Video: NRK, B\u00e5rd S\u00f8r\u00f8 Olsen\/Dagbladet TV<\/p>\n<p>P\u00e5 NRKs \u00abDebatten\u00bb torsdag var temaet nettopp \u00abKronprinsessen og mediene\u00bb. Der kom det fram at Slottet hadde f\u00e5tt tilsendt sp\u00f8rsm\u00e5lene ei uke f\u00f8r intervjuet og at intervjuavtalen ikke var hundre prosent i boks f\u00f8r sp\u00f8rsm\u00e5lene ble sendt.\u00a0<\/p>\n<p>    <a itemprop=\"url\" href=\"https:\/\/www.dagbladet.no\/kjendis\/1000-timer-med-taushet\/84346219\" rel=\"nofollow noopener\" target=\"_blank\"><\/p>\n<p>        <img loading=\"lazy\" decoding=\"async\" src=\"https:\/\/www.europesays.com\/no\/wp-content\/uploads\/2026\/03\/1774434371_256_84346947.webp.webp\" width=\"980\" height=\"441\" title=\"1000 timer med taushet\" alt=\"\" class=\"lazyload\" style=\"--aspect-ratio-image: 2.22; \"\/><\/p>\n<p>        1000 timer med taushet<\/p>\n<p>    <\/a><\/p>\n<p>NRKs nyhetsdirekt\u00f8r Marius Tetlie fortalte blant annet at de gjorde dette \u00abfordi de \u00f8nsket \u00e5 opplyse\u00bb og \u00abfor \u00e5 f\u00e5 gode svar\u00bb.\u00a0<\/p>\n<p>Reagerer: &#8211; Gir fra seg verkt\u00f8ykassa<\/p>\n<p>Mediekritiker Anki Gerhardsen, som blant annet har hatt en mediekritikk-spalte i Aftenposten, gjestet programmet torsdag kveld. Hun stiller seg sterkt kritisk til NRKs valg.<\/p>\n<p>        <img loading=\"lazy\" decoding=\"async\" src=\"https:\/\/www.europesays.com\/no\/wp-content\/uploads\/2026\/03\/1774434372_467_84413244.webp.webp\" width=\"667\" height=\"381\" title=\"VAR MED: Kronprinsesse Mette-Marit deltok mandag da det belgiske kongeparet blir tatt imot i audiens p\u00e5 Slottet tirsdag. Her med kronprins Haakon, dronning Mathilde, kong Philippe, kong Harald og dronning Sonja. Foto: Ole Berg-Rusten \/ NTB\" alt=\"\" class=\"\" style=\"--aspect-ratio-image: 1.75; \"\/><\/p>\n<p>\n        VAR MED: Kronprinsesse Mette-Marit deltok mandag da det belgiske kongeparet blir tatt imot i audiens p\u00e5 Slottet tirsdag. Her med kronprins Haakon, dronning Mathilde, kong Philippe, kong Harald og dronning Sonja. Foto: Ole Berg-Rusten \/ NTB\n    <\/p>\n<p>&#8211; Ei uke f\u00f8r. Det er ganske sjokkerende man kan bruke kommunikasjonsapparat og gj\u00f8re hva som helst. Ville NRK gjort noe liknende i et intervju med Giske? spurte hun, f\u00f8r hun la til:\u00a0<\/p>\n<p class=\"font-weight-bold m-font-weight-bold\" data-lab-font_weight=\"font-weight-bold\">&#8211;\u00a0 Man gir fra seg verkt\u00f8ykassa man har for \u00e5 konfrontere mennesker som sitter i viktige maktposisjoner.<\/p>\n<p>    <a itemprop=\"url\" href=\"https:\/\/www.dagbladet.no\/tema\/mette-marits-skjebnevalg-pa-slottet\/84406177\" rel=\"nofollow noopener\" target=\"_blank\"><\/p>\n<p>        <img loading=\"lazy\" decoding=\"async\" src=\"https:\/\/www.europesays.com\/no\/wp-content\/uploads\/2026\/03\/1774434372_666_84409486.webp.webp\" width=\"980\" height=\"441\" title=\"Mette-Marits skjebnevalg p\u00e5 Slottet\" alt=\"\" class=\"lazyload\" style=\"--aspect-ratio-image: 2.22; \"\/><\/p>\n<p>        Mette-Marits skjebnevalg p\u00e5 Slottet<\/p>\n<p>    <\/a><\/p>\n<p>&#8211; Hvordan ville hun svart  <\/p>\n<p>Gerhardsen undret seg om kongehuset f\u00e5r spesialbehandling. Det nektet NRK-direkt\u00f8r Tetlie for.<\/p>\n<p>        SYMBOLSK: Tirsdag dukket kronprinsessen Mette-Marit opp p\u00e5 et offisielt oppdrag til tross for at hun var meldt syk, noe kommentator i Dagbladet Sigrid Hvidsten mener har stor symbolverdi. Video: Karolina Grace\/Nora Skavhaug\/R\u00f8d L\u00f8per, NRK, NTB.  <\/p>\n<p>&#8211; Kronprinsessen har hatt kontakt med forbryteren p\u00e5 en merkelig m\u00e5te. Er hensikten \u00e5 v\u00e6re konfronterende, gir man ikke fra seg sp\u00f8rsm\u00e5lene. Sp\u00f8rsm\u00e5lene er n\u00f8kkelen og verkt\u00f8yet for \u00e5 ha kontrollen og makta i situasjonen. Dette skal brukes for \u00e5 avdekke sannheter og l\u00f8gner. Har intervjuobjektet forberedt seg, er maktbalansen forrykket, sa Gerhardsen.\u00a0<\/p>\n<p>    <a itemprop=\"url\" href=\"https:\/\/www.dagbladet.no\/kjendis\/nevnte-ikke-dette\/84415298\" rel=\"nofollow noopener\" target=\"_blank\"><\/p>\n<p>        <img loading=\"lazy\" decoding=\"async\" src=\"https:\/\/www.europesays.com\/no\/wp-content\/uploads\/2026\/03\/1774434373_161_84416076.webp.webp\" width=\"980\" height=\"441\" title=\"Nevnte ikke dette\" alt=\"\" class=\"lazyload\" style=\"--aspect-ratio-image: 2.22; \"\/><\/p>\n<p>        Nevnte ikke dette<\/p>\n<p>    <\/a><\/p>\n<p>Hun mener at hele intervjuet bar preg av at kronprinsessen hadde forberedt seg og at man ikke fikk noe s\u00e6rlig ut av intervjuet.<\/p>\n<p class=\"font-weight-bold m-font-weight-bold\" data-lab-font_weight=\"font-weight-bold\">&#8211; Det er vanskelig \u00e5 si hva kronprinsessen ville ha svart. Men vi kunne ha f\u00e5tt mer ut av det. Hvordan ville hun svart p\u00e5 vanskelige sp\u00f8rsm\u00e5l? spurte hun.<\/p>\n<p>        <img loading=\"lazy\" decoding=\"async\" src=\"https:\/\/www.europesays.com\/no\/wp-content\/uploads\/2026\/03\/1774434373_716_84416938.webp.webp\" width=\"980\" height=\"559\" title=\"KRITISK: Anki Gerhardsen intervjuet nevnte Trond Giske under mediekonferansen \u00abSvarte Natta\u00bb i Troms\u00f8 i 2019. Foto: Rune Stoltz Bertinussen \/ NTB\" alt=\"\" class=\"\" style=\"--aspect-ratio-image: 1.75; \"\/><\/p>\n<p>\n        KRITISK: Anki Gerhardsen intervjuet nevnte Trond Giske under mediekonferansen \u00abSvarte Natta\u00bb i Troms\u00f8 i 2019. Foto: Rune Stoltz Bertinussen \/ NTB\n    <\/p>\n<p>&#8211; Sto helt fritt<\/p>\n<p>Etter at intervjuet ble publisert fredag,\u00a0<a href=\"https:\/\/www.dagbladet.no\/kjendis\/hun-svarer-ikke\/84395499\" rel=\"nofollow noopener\" target=\"_blank\">haglet reaksjonene om alle sp\u00f8rsm\u00e5l<\/a>\u00a0som\u00a0ikke\u00a0er blitt besvart.<\/p>\n<p>Dagbladets gjennomgang viser at NRKs Petter Oulie-Hauge i l\u00f8pet av intervjuseansen stilte kronprinsesse Mette-Marit og kronprins Haakon 32 sp\u00f8rsm\u00e5l.<\/p>\n<p>    <a itemprop=\"url\" href=\"https:\/\/www.dagbladet.no\/kjendis\/dro-rett-pa-akutten\/84411120\" rel=\"nofollow noopener\" target=\"_blank\"><\/p>\n<p>        <img loading=\"lazy\" decoding=\"async\" src=\"https:\/\/www.europesays.com\/no\/wp-content\/uploads\/2026\/03\/1774434373_837_84411180.webp.webp\" width=\"980\" height=\"441\" title=\"Dro rett p\u00e5 akutten\" alt=\"\" class=\"lazyload\" style=\"--aspect-ratio-image: 2.22; \"\/><\/p>\n<p>        Dro rett p\u00e5 akutten<\/p>\n<p>    <\/a><\/p>\n<p>Av disse ville hun, eller kunne hun ikke, besvare rundt \u00e9n tredjedel av dem.<\/p>\n<p><a href=\"https:\/\/www.dagbladet.no\/nyheter\/nrk-bekrefter-de-visste\/84397056\" rel=\"nofollow noopener\" target=\"_blank\">Dagbladet skrev<\/a> forrige allerede fredag at Slottet fikk sp\u00f8rsm\u00e5lene tilsendt p\u00e5 forh\u00e5nd av intervjuet, men hvor lenge f\u00f8r var ikke kjent,<\/p>\n<p>        TIMING: Sjefredakt\u00f8r og kongehusekspert Johan Lindwall om kronprinsesse Mette Marit og Epstein-skandalen. Reporter: Vegard Kr\u00fcger \/ Dagbladet TV<\/p>\n<p class=\"font-weight-bold m-font-weight-bold\" data-lab-font_weight=\"font-weight-bold\">P\u00e5 sp\u00f8rsm\u00e5l om Slottet \u00f8nsket \u00e5 f\u00e5 oversendt sp\u00f8rsm\u00e5lene p\u00e5 forh\u00e5nd, svarte fagredakt\u00f8r i NRK Nyheter,\u00a0Sofie Gran Aspunvik, dette:<\/p>\n<p>&#8211; NRK sto helt fritt til \u00e5 stille de sp\u00f8rsm\u00e5lene vi \u00f8nsket innenfor tidsrammen vi fikk. For \u00e5 utnytte intervjutiden best mulig, valgte vi \u00e5 dele de viktigste sp\u00f8rsm\u00e5lene med Slottet p\u00e5 forh\u00e5nd. Vi stilte i tillegg flere oppf\u00f8lgingssp\u00f8rsm\u00e5l underveis i intervjuet. Hensikten med \u00e5 sende sp\u00f8rsm\u00e5lene i forkant var \u00e5 f\u00e5 mest mulig opplysende svar om kronprinsessens kontakt med Epstein.<\/p>\n<p>Intervjuet varte i 20 minutter. Det begrunnet Slottet med prinsessens helsetilstand. Kronprinsessen fikk p\u00e5vist lungefibrose i 2018. I desember i fjor kom nyheten om at tilstanden har blitt verre og at hun kan komme til \u00e5 trenge lungetransplantasjon p\u00e5 et tidspunkt.\u00a0<\/p>\n","protected":false},"excerpt":{"rendered":"Mette-Marit-intervjuet:\u00a0 NRK opplyser at Slottet fikk sp\u00f8rsm\u00e5lene f\u00f8r kronprinsessens Epstein-intervju ei uke p\u00e5 forh\u00e5nd.\u00a0 STILTE OPP SAMMEN: Kronprinsesse&hellip;\n","protected":false},"author":2,"featured_media":196773,"comment_status":"","ping_status":"","sticky":false,"template":"","format":"standard","meta":{"footnotes":"","_share_on_mastodon":"0"},"categories":[59],"tags":[92,5395,30,28,29,83,82],"class_list":["post-196772","post","type-post","status-publish","format-standard","has-post-thumbnail","category-sport","tag-fotball","tag-morten-thorsby","tag-no","tag-norge","tag-norway","tag-sport","tag-sports"],"share_on_mastodon":{"url":"https:\/\/pubeurope.com\/@no\/116289338344166537","error":""},"_links":{"self":[{"href":"https:\/\/www.europesays.com\/no\/wp-json\/wp\/v2\/posts\/196772","targetHints":{"allow":["GET"]}}],"collection":[{"href":"https:\/\/www.europesays.com\/no\/wp-json\/wp\/v2\/posts"}],"about":[{"href":"https:\/\/www.europesays.com\/no\/wp-json\/wp\/v2\/types\/post"}],"author":[{"embeddable":true,"href":"https:\/\/www.europesays.com\/no\/wp-json\/wp\/v2\/users\/2"}],"replies":[{"embeddable":true,"href":"https:\/\/www.europesays.com\/no\/wp-json\/wp\/v2\/comments?post=196772"}],"version-history":[{"count":0,"href":"https:\/\/www.europesays.com\/no\/wp-json\/wp\/v2\/posts\/196772\/revisions"}],"wp:featuredmedia":[{"embeddable":true,"href":"https:\/\/www.europesays.com\/no\/wp-json\/wp\/v2\/media\/196773"}],"wp:attachment":[{"href":"https:\/\/www.europesays.com\/no\/wp-json\/wp\/v2\/media?parent=196772"}],"wp:term":[{"taxonomy":"category","embeddable":true,"href":"https:\/\/www.europesays.com\/no\/wp-json\/wp\/v2\/categories?post=196772"},{"taxonomy":"post_tag","embeddable":true,"href":"https:\/\/www.europesays.com\/no\/wp-json\/wp\/v2\/tags?post=196772"}],"curies":[{"name":"wp","href":"https:\/\/api.w.org\/{rel}","templated":true}]}}