{"id":196807,"date":"2026-03-25T11:32:29","date_gmt":"2026-03-25T11:32:29","guid":{"rendered":"https:\/\/www.europesays.com\/no\/196807\/"},"modified":"2026-03-25T11:32:29","modified_gmt":"2026-03-25T11:32:29","slug":"kultur-trysil-og-engerdal-moddi-far-skjaeraasenprisen-2026","status":"publish","type":"post","link":"https:\/\/www.europesays.com\/no\/196807\/","title":{"rendered":"Kultur, Trysil og Engerdal | Moddi f\u00e5r Skj\u00e6raasenprisen 2026"},"content":{"rendered":"\n<p>Moddi (P\u00e5l Moddi Lue) mottar prisen p\u00e5 Skj\u00e6raasendagenes festforestilling l\u00f8rdag 3. oktober i kulturhuset Hagelund i Trysil.<\/p>\n<p>Det skriver kommunen i en pressemelding.<\/p>\n<p>For 14. gang deler Trysil kommune ut Skj\u00e6raasenprisen. Den prestisjefylte kunstnerprisen tildeles formidlere som favner Trysildikteren Einar Skj\u00e6raasens \u00e5nd i sitt arbeid.\u00a0<\/p>\n<p>Skj\u00e6raasendagene har v\u00e6rt arrangert siden 2000, da var det 100 \u00e5r siden dikteren ble f\u00f8dt.<\/p>\n<p>Moddi (P\u00e5l Moddi Lue) er en norsk visesanger og musiker fra Senja som er kjent for melankolsk folk-pop med tydelig samfunnsengasjement. Han har markert seg med sterke l\u00e5ter som House by the Sea og Togsang, og med prosjektet Unsongs, der han tolket forbudte sanger fra ulike land.<\/p>\n<p>Takknemlig<\/p>\n<p>De siste \u00e5rene har Moddi i st\u00f8rre grad skrevet p\u00e5 norsk og vendt tilbake til r\u00f8ttene sine.\u00a0<\/p>\n<p>Albumene Br\u00e5tebrann (2022), Denna tida i fjor (2023) og s\u00e6rlig Vandreviser (2024) viser en mer personlig og ettertenksom retning. Vandreviser ble til etter at han gikk som pilegrim fra Oslo til Trondheim i 2021, og fungerer som en musikalsk dagbok inspirert av natur, stillhet og eksistensielle refleksjoner.<\/p>\n<p>\u2013 Tusen takk &#8211; dette er en \u00e6re som b\u00e5de r\u00f8rer og forplikter! Jeg tar imot prisen med stor takknemlighet, og vil dele den med alle som tror p\u00e5 kraften i ord, stillhet og det som vokser fram imellom, sier Moddi.<\/p>\n<p>Begrunnelse<\/p>\n<p>Her er Skj\u00e6raasenkomiteens begrunnelse for \u00e5 gi Skj\u00e6raasenprisen 2026 til Moddi:<\/p>\n<ul>\n<li>\u00c5rets Skj\u00e6raasenpris tildeles visesangeren, l\u00e5tskriveren og formidleren Moddi (P\u00e5l Moddi Lue) fra \u00f8ya Senja i Troms. <\/li>\n<li>Gjennom engasjement, tekst og musikk videref\u00f8rer \u00e5rets prisvinner et helhetlig verdisyn som favner den \u00e5nd som ligger i Einar Skj\u00e6raasens diktning. Han setter ord p\u00e5 og formidler sine tanker om alt fra sm\u00e5 hverdagslige gj\u00f8rem\u00e5l til store samfunnssp\u00f8rsm\u00e5l. Med dialekt og s\u00e6regenhet tar han lyttere, lesere og publikum med p\u00e5 historier og refleksjoner som fanger mottakeren p\u00e5 en helt spesiell m\u00e5te. Han beskriver p\u00e5 en n\u00e6r m\u00e5te de relasjoner og dilemmaer som et menneskeliv kan romme, tar opp sp\u00f8rsm\u00e5l om menneskets plass i naturen, og retter fokuset mot verdens urettferdigheter. Alt preget av respekt, ettertanke og et jordn\u00e6rt livssyn.<\/li>\n<li>I likhet med Skj\u00e6raasen har naturen en sentral plass i Moddis virke. Med sine gode tekster retter Moddi ofte blikket mot naturen og menneskenes rolle i det store samspillet den byr p\u00e5. Kritikk mot overdreven utnyttelse av naturens ressurser er en r\u00f8d tr\u00e5d i mange av Moddis tekster.<\/li>\n<li>Einar Skj\u00e6raasen skriver i diktet Du ska itte tr\u00f8 i graset: M\u00e5llaust liv har \u00e5 e mening du lyt sj\u00e5 og tenkje p\u00e5.<\/li>\n<li>Dette blikket for at de sm\u00e5 og tilsynelatende uviktige delene av naturen ogs\u00e5 er verdt \u00e5 ta vare p\u00e5, finner vi igjen i Moddis verdisyn og tekster.<\/li>\n<li>Moddi bruker lyrikken for \u00e5 fremme relevante temaer, og har over flere \u00e5r vist et tydelig samfunnsengasjement gjennom musikken sin. Hans moderne viser f\u00e5r frem at sjangeren kan v\u00e6re b\u00e5de poetisk, alvorlig og dypt menneskelig. Moddi synliggj\u00f8r for oss at kunst og musikk kan v\u00e6re med p\u00e5 \u00e5 representere demokratiske og etiske verdier.<\/li>\n<li>I Vandringsvise avslutter Einar Skj\u00e6raasen med denne strofen: Men f\u00f8r jeg nynner visa ut vil jeg &#8211; en jordens s\u00f8nn &#8211; f\u00e5 takke for de \u00e5pne smil, for marken som var gr\u00f8nn, for kildene som sprang og alt som virket uten l\u00f8nn.<\/li>\n<li>Moddi har gitt ut albumet Vandreviser og i teksten til sangen Under et tre synger han f\u00f8lgende: og under et tre n\u00e5r sola g\u00e5r ned e det godt \u00e5 v\u00e6re te, \u00e5 v\u00e6re i fred og ha forst\u00e5tt at livet e meir og tingan e fleir enn du ser s\u00e5 kom, sett deg ned himmelen e her.<\/li>\n<\/ul>\n<p>Festkvelden<\/p>\n<p>Den h\u00f8ytidelige prisutdelingen vil foreg\u00e5 i Trysils storstue, kulturhuset Hagelund l\u00f8rdag 3. oktober kl. 18.\u00a0<\/p>\n<p>Her vil Moddi motta prisen p\u00e5 kr 25.000 som ordf\u00f8rer Turid Backe-Viken overrekker.\u00a0<\/p>\n<p>Kulturavdelingen skal sammen med Moddi sette sammen et festprogram der publikum vil bli kjent med prisvinneren og hans musikk, og f\u00e5 smakebiter fra andre som tolker b\u00e5de prisvinneren og Skj\u00e6raasen.<\/p>\n<p>\u2013 Publikum f\u00e5r h\u00f8re Moddi med noen ferske l\u00e5ter ogs\u00e5, og til Trysil-publikummet h\u00e5per vi han tar utfordringen med \u00e5 gi sin egen tolking av et Skj\u00e6raasen dikt? sier kultursjef Anne N. S\u00e6tre.<\/p>\n<p>Billetter f\u00e5s kj\u00f8pt p\u00e5 Trysil kino, servicetorget i r\u00e5dhuset, i eBillett-appen og i kulturhuset fra en time f\u00f8r festforestillingen begynner &#8211; hvis det er billetter igjen da.<\/p>\n<p>  <a data-static=\"\" href=\"#skip-\" class=\"brick-c-fgNmNC\">Hopp over karusellen.<\/a><\/p>\n<p data-static=\"\" class=\"brick-c-fgNmNC\" id=\"carousel-title-\">Innholdskarusell med 20 artikler.<\/p>\n<ul data-static=\"\" aria-label=\"Navigasjon for innholdskarusell\" class=\"carousel-nav\">\n<li>\n<\/li>\n<li>\n<\/li>\n<\/ul>\n","protected":false},"excerpt":{"rendered":"Moddi (P\u00e5l Moddi Lue) mottar prisen p\u00e5 Skj\u00e6raasendagenes festforestilling l\u00f8rdag 3. oktober i kulturhuset Hagelund i Trysil. Det&hellip;\n","protected":false},"author":2,"featured_media":196808,"comment_status":"","ping_status":"","sticky":false,"template":"","format":"standard","meta":{"footnotes":"","_share_on_mastodon":"0"},"categories":[58],"tags":[36,71,410,30,28,29,14,1510,2040,7984,72],"class_list":["post-196807","post","type-post","status-publish","format-standard","has-post-thumbnail","category-underholdning","tag-art","tag-entertainment","tag-kultur","tag-no","tag-norge","tag-norway","tag-nyheter","tag-story","tag-trysil","tag-trysil-og-engerdal","tag-underholdning"],"share_on_mastodon":{"url":"https:\/\/pubeurope.com\/@no\/116289597943295308","error":""},"_links":{"self":[{"href":"https:\/\/www.europesays.com\/no\/wp-json\/wp\/v2\/posts\/196807","targetHints":{"allow":["GET"]}}],"collection":[{"href":"https:\/\/www.europesays.com\/no\/wp-json\/wp\/v2\/posts"}],"about":[{"href":"https:\/\/www.europesays.com\/no\/wp-json\/wp\/v2\/types\/post"}],"author":[{"embeddable":true,"href":"https:\/\/www.europesays.com\/no\/wp-json\/wp\/v2\/users\/2"}],"replies":[{"embeddable":true,"href":"https:\/\/www.europesays.com\/no\/wp-json\/wp\/v2\/comments?post=196807"}],"version-history":[{"count":0,"href":"https:\/\/www.europesays.com\/no\/wp-json\/wp\/v2\/posts\/196807\/revisions"}],"wp:featuredmedia":[{"embeddable":true,"href":"https:\/\/www.europesays.com\/no\/wp-json\/wp\/v2\/media\/196808"}],"wp:attachment":[{"href":"https:\/\/www.europesays.com\/no\/wp-json\/wp\/v2\/media?parent=196807"}],"wp:term":[{"taxonomy":"category","embeddable":true,"href":"https:\/\/www.europesays.com\/no\/wp-json\/wp\/v2\/categories?post=196807"},{"taxonomy":"post_tag","embeddable":true,"href":"https:\/\/www.europesays.com\/no\/wp-json\/wp\/v2\/tags?post=196807"}],"curies":[{"name":"wp","href":"https:\/\/api.w.org\/{rel}","templated":true}]}}