{"id":19737,"date":"2025-08-27T19:27:15","date_gmt":"2025-08-27T19:27:15","guid":{"rendered":"https:\/\/www.europesays.com\/no\/19737\/"},"modified":"2025-08-27T19:27:15","modified_gmt":"2025-08-27T19:27:15","slug":"brann-herjet-pa-kypros-klare-for-europa-league","status":"publish","type":"post","link":"https:\/\/www.europesays.com\/no\/19737\/","title":{"rendered":"Brann herjet p\u00e5 Kypros &#8211; klare for Europa League"},"content":{"rendered":"<p>     Spill Profeten   <img decoding=\"async\" class=\"_confettiImage_b81ng_95\" src=\"https:\/\/www.europesays.com\/no\/wp-content\/uploads\/2025\/08\/SzwcSxt.png\" alt=\"\" fetchpriority=\"high\" loading=\"eager\"\/>   <img decoding=\"async\" class=\"_playerImage_b81ng_83\" src=\"https:\/\/www.europesays.com\/no\/wp-content\/uploads\/2025\/08\/U9NvSiG.png\" alt=\"profeten-promo-player\" fetchpriority=\"high\" loading=\"eager\"\/>     <\/p>\n<p class=\"_lead_1bvmi_2 _lead_xtcu6_50 layout-component text-serif-m layout-normal text-serif-l layout-component layout-wide layout-padded _wide_17hqh_1 layout-padded\">Med \u00e9n spiller mer p\u00e5 banen var det aldri noen tvil: Brann er klar for gruppespill i Europa League denne h\u00f8sten.<\/p>\n<p> <img class=\"_image_qp4xg_65 layout-component layout-wide\" data-fullscreen- data-track-element-type=\"Article image fullscreen\" data-track-name=\"ImageFullscreen\" fetchpriority=\"high\" decoding=\"sync\" loading=\"eager\" height=\"57\" itemprop=\"image\"  src=\"https:\/\/www.europesays.com\/no\/wp-content\/uploads\/2025\/08\/94b69bfdd5c67a37b376f9a1185955a8.jpg\"  style=\"object-position:50% 50%;aspect-ratio:1.75;height:auto;object-fit:cover;width:100%\" width=\"102\"\/>  AEK Arena (Kypros) Oppdatert onsdag 27. august kl. 21:25     <\/p>\n<p class=\"_paragraph_1bvmi_4 _paragraph_xtcu6_10 layout-component text-serif-m layout-normal text-serif-m layout-padded\">\u2013 Det f\u00f8les surrealistisk. Jeg er utrolig lettet og glad for jobben vi har gjort, sier Brann-kaptein Fredrik Pallesen Knudsen til VG like etter at dr\u00f8mmen om Europa League-spill har g\u00e5tt i oppfyllelse.<\/p>\n<p class=\"_paragraph_1bvmi_4 _paragraph_xtcu6_10 layout-component text-serif-m layout-normal text-serif-m layout-padded\">Brann reiste til Kypros med en 2\u20131-ledelse etter den f\u00f8rste kvalikkampen \u2013 og hadde ingen planer om gi fra seg den gjeve og innbringende plassen i Europa LeagueEuropa LeagueEuropa League er regnet som den nest beste klubbturneringen, etter Champions League..<\/p>\n<p class=\"_paragraph_1bvmi_4 _paragraph_xtcu6_10 layout-component text-serif-m layout-normal text-serif-m layout-padded\">Brann-spillerne ga seg ikke f\u00f8r de hadde scoret fire m\u00e5l \u2013 og sl\u00e5tt kypriotene 6\u20131 totalt. <\/p>\n<p class=\"_paragraph_1bvmi_4 _paragraph_xtcu6_10 layout-component text-serif-m layout-normal text-serif-m layout-padded\">\u2013 Utrolig g\u00f8y. J*** slitsomt. De siste fem minuttene var jeg helt i svime, sier Joachim Soltvedt.<\/p>\n<p class=\"_paragraph_1bvmi_4 _paragraph_xtcu6_10 layout-component text-serif-m layout-normal text-serif-m layout-padded\">Dermed har Norge med lag i begge de st\u00f8rste klubbturneringene i h\u00f8st, etter at Bod\u00f8\/Glimt tok seg til Champions League tirsdag kveld.<\/p>\n<p class=\"_paragraph_1bvmi_4 _paragraph_xtcu6_10 layout-component text-serif-m layout-normal text-serif-m layout-padded\">Ved tap hadde Brann havnet i Conference League, som er regnet som \u00abniv\u00e5 tre\u00bb av de tre klubbturneringene. Knudsen fastsl\u00e5r at det betyr sv\u00e6rt mye at de klarte \u00e5 n\u00e5 m\u00e5let om Europa League-spill i stedet.<\/p>\n<p class=\"_paragraph_1bvmi_4 _paragraph_xtcu6_10 layout-component text-serif-m layout-normal text-serif-m layout-padded\">\u2013 Du m\u00f8ter mye st\u00f8rre lag. \u00d8konomisk sett er det forskjell for klubben og, s\u00e5 for klubben er det stort. Ingen i garderoben der har spilt Europa League f\u00f8r, sier han \u2013 med et stort glis.<\/p>\n<p class=\"_paragraph_1bvmi_4 _paragraph_xtcu6_10 layout-component text-serif-m layout-normal text-serif-m layout-padded\">Soltvedt understreker at spillerne er klar over at de n\u00e5 skal noen niv\u00e5er opp fra det de er vant til \u00e5 m\u00f8te. <\/p>\n<p class=\"_paragraph_1bvmi_4 _paragraph_xtcu6_10 layout-component text-serif-m layout-normal text-serif-m layout-padded\">\u2013 Vi vet at vi m\u00e5 v\u00e6re ydmyke der og jobbe steinhardt der for \u00e5 klare \u00e5 hevde oss, sier han.<\/p>\n<p class=\"_paragraph_1bvmi_4 _paragraph_xtcu6_10 layout-component text-serif-m layout-normal text-serif-m layout-padded\">P\u00e5 sp\u00f8rsm\u00e5l om dr\u00f8mmemotstander, svarer Soltvedt: <\/p>\n<p class=\"_paragraph_1bvmi_4 _paragraph_xtcu6_10 layout-component text-serif-m layout-normal text-serif-m layout-padded\">\u2013 Jeg har ikke helt kontroll p\u00e5 alle lagene, men jeg vet ikke, det hadde v\u00e6rt kult \u00e5 f\u00e5 spille p\u00e5 en Premier League-stadion.<\/p>\n<p class=\"_paragraph_1bvmi_4 _paragraph_xtcu6_10 layout-component text-serif-m layout-normal text-serif-m layout-padded\">Av Premier League-lag, er det Aston Villa og Nottingham Forest som skal spille i Europa League og kan m\u00f8te Brann.<\/p>\n<p class=\"_paragraph_1bvmi_4 _paragraph_xtcu6_10 layout-component text-serif-m layout-normal text-serif-m layout-padded\">Bergenserne var det f\u00f8rende laget de f\u00f8rste f\u00f8rtifem. Aron Eggert Gudmundsson burde sendt Brann i f\u00f8ringen da han kom alene med Alomerovic, men lobben ble for svak.<\/p>\n<p class=\"_paragraph_1bvmi_4 _paragraph_xtcu6_10 layout-component text-serif-m layout-normal text-serif-m layout-padded\">Selv om Brann dominerte store deler av den f\u00f8rste omgangen var ogs\u00e5 AEK farlig fremp\u00e5.<\/p>\n<ul class=\"_list_1bvmi_3 _list_xtcu6_9 _unordered_1bvmi_99 layout-component text-serif-m layout-normal text-serif-m layout-padded\">\n<li class=\"_item_1bvmi_30\">Alene med Mathias Dyngeland lobbet Cabrera ballen forbi, men avslutningen gikk via stolpen og ut.<\/li>\n<li class=\"_item_1bvmi_30\">Ti minutter f\u00f8r hvilen var samme mann farlig fremp\u00e5 etter et innlegg. Avslutningen gikk i stolpen f\u00f8r den spratt ut.<\/li>\n<\/ul>\n<p class=\"_paragraph_1bvmi_4 _paragraph_xtcu6_10 layout-component text-serif-m layout-normal text-serif-m layout-padded\">Men det var Brann og ikke Cabrera omgangen skulle handle om. Fem minutter etter stolpetreffet stupte Gudmundsson etter en bakromsball. <\/p>\n<p class=\"_paragraph_1bvmi_4 _paragraph_xtcu6_10 layout-component text-serif-m layout-normal text-serif-m layout-padded\">Enric Saborit havnet p\u00e5 etterskudd og s\u00e5 ingen annen l\u00f8sning enn \u00e5 rive ned islendingen. Marsjordre og r\u00f8dt kort p\u00e5 spanjolen.<\/p>\n<p class=\"_paragraph_1bvmi_4 _paragraph_xtcu6_10 layout-component text-serif-m layout-normal text-serif-m layout-padded\">Da gikk det fra vondt til verre for det kypriotiske laget. Niklas Castro dro til fra rundt tyve meter. Skuddet var knallhardt midt p\u00e5 m\u00e5l, men Zlatan Alomerovic klarte ikke \u00e5 stoppe kanonkulen fra venstrekanten.<\/p>\n<p class=\"_paragraph_1bvmi_4 _paragraph_xtcu6_10 layout-component text-serif-m layout-normal text-serif-m layout-padded\">\u2013 Det er en keepertabbe. Den g\u00e5r jo midt p\u00e5 m\u00e5l, men det er ikke s\u00e5 viktig for den avslutningen  kan sende Brann til Europa League, sa VGs ekspertkommentator Carl-Erik Torp.<\/p>\n<p class=\"_paragraph_1bvmi_4 _paragraph_xtcu6_10 layout-component text-serif-m layout-normal text-serif-m layout-padded\">Gjestene kontrollerte den andre omgangen, og tyve minutter f\u00f8r slutt satt den ber\u00f8mte spikeren i kisten.<\/p>\n<p class=\"_paragraph_1bvmi_4 _paragraph_xtcu6_10 layout-component text-serif-m layout-normal text-serif-m layout-padded\">Joachim Soltvedt l\u00f8ftet blikket og serverte en uts\u00f8kt pasning fra venstre. Innlegget \u00e5pnet hele AEK-forsvaret og alene med keeper var Mads Hansen sikker som banken og satte inn 2\u20130. <\/p>\n<p class=\"_paragraph_1bvmi_4 _paragraph_xtcu6_10 layout-component text-serif-m layout-normal text-serif-m layout-padded\">Knudsen og Soltvedt fullf\u00f8rte ydmykelsen da de satte inn Branns tredje og fjerde.<\/p>\n<p class=\"_paragraph_1bvmi_4 _paragraph_xtcu6_10 layout-component text-serif-m layout-normal text-serif-m layout-padded\">Brann har ikke v\u00e6rt i et europeisk gruppespill siden 2007\/08-sesongen. Den gang kom Brann seg til gruppespillet i UEFA-cupen (forl\u00f8peren til Europa League). <\/p>\n","protected":false},"excerpt":{"rendered":"Spill Profeten Med \u00e9n spiller mer p\u00e5 banen var det aldri noen tvil: Brann er klar for gruppespill&hellip;\n","protected":false},"author":2,"featured_media":19738,"comment_status":"","ping_status":"","sticky":false,"template":"","format":"standard","meta":{"footnotes":""},"categories":[59],"tags":[86,92,30,28,29,418,83,82],"class_list":{"0":"post-19737","1":"post","2":"type-post","3":"status-publish","4":"format-standard","5":"has-post-thumbnail","7":"category-sport","8":"tag-europa-league","9":"tag-fotball","10":"tag-no","11":"tag-norge","12":"tag-norway","13":"tag-sk-brann","14":"tag-sport","15":"tag-sports"},"share_on_mastodon":{"url":"","error":""},"_links":{"self":[{"href":"https:\/\/www.europesays.com\/no\/wp-json\/wp\/v2\/posts\/19737","targetHints":{"allow":["GET"]}}],"collection":[{"href":"https:\/\/www.europesays.com\/no\/wp-json\/wp\/v2\/posts"}],"about":[{"href":"https:\/\/www.europesays.com\/no\/wp-json\/wp\/v2\/types\/post"}],"author":[{"embeddable":true,"href":"https:\/\/www.europesays.com\/no\/wp-json\/wp\/v2\/users\/2"}],"replies":[{"embeddable":true,"href":"https:\/\/www.europesays.com\/no\/wp-json\/wp\/v2\/comments?post=19737"}],"version-history":[{"count":0,"href":"https:\/\/www.europesays.com\/no\/wp-json\/wp\/v2\/posts\/19737\/revisions"}],"wp:featuredmedia":[{"embeddable":true,"href":"https:\/\/www.europesays.com\/no\/wp-json\/wp\/v2\/media\/19738"}],"wp:attachment":[{"href":"https:\/\/www.europesays.com\/no\/wp-json\/wp\/v2\/media?parent=19737"}],"wp:term":[{"taxonomy":"category","embeddable":true,"href":"https:\/\/www.europesays.com\/no\/wp-json\/wp\/v2\/categories?post=19737"},{"taxonomy":"post_tag","embeddable":true,"href":"https:\/\/www.europesays.com\/no\/wp-json\/wp\/v2\/tags?post=19737"}],"curies":[{"name":"wp","href":"https:\/\/api.w.org\/{rel}","templated":true}]}}