{"id":19766,"date":"2025-08-27T20:01:09","date_gmt":"2025-08-27T20:01:09","guid":{"rendered":"https:\/\/www.europesays.com\/no\/19766\/"},"modified":"2025-08-27T20:01:09","modified_gmt":"2025-08-27T20:01:09","slug":"statsministerduell-pa-folkemote-i-trondheim","status":"publish","type":"post","link":"https:\/\/www.europesays.com\/no\/19766\/","title":{"rendered":"Statsministerduell p\u00e5 folkem\u00f8te i Trondheim"},"content":{"rendered":"\n<p class=\"_paragraph_1bvmi_4 _paragraph_xtcu6_10 layout-component text-serif-m layout-normal text-serif-m layout-padded\">Konseptet for duellen som holdes p\u00e5 Studentersamfundet i <a href=\"https:\/\/www.vg.no\/tag\/trondheim?utm_source=vg-article&amp;utm_medium=auto-tagger&amp;utm_campaign=qP0e1O\" class=\"_link_1bvmi_39\" rel=\"nofollow noopener\" target=\"_blank\">Trondheim<\/a>, er at de tre partilederne skal grilles av publikum i salen og hjemme, og debattere sp\u00f8rsm\u00e5lene de f\u00e5r derfra. <\/p>\n<p class=\"_paragraph_1bvmi_4 _paragraph_xtcu6_10 layout-component text-serif-m layout-normal text-serif-m layout-padded\">Rekefisker Ivar Kanten fikk det f\u00f8rste sp\u00f8rsm\u00e5let. Han er en av fiskerne som er sv\u00e6rt kritiske til <a href=\"https:\/\/www.vg.no\/nyheter\/i\/1MLdBq\/regjeringen-innfoerer-nullfiskeomraader-i-oslofjorden\" data-track-element-type=\"Link\" data-track-id=\"link:1MLdBq\" class=\"_link_1bvmi_39\" rel=\"nofollow noopener\" target=\"_blank\">fiskeforbudet regjeringen har innf\u00f8rt<\/a> i deler av Oslofjorden i ti \u00e5r fremover, fordi fjorden er i ferd med \u00e5 d\u00f8. <\/p>\n<p class=\"_paragraph_1bvmi_4 _paragraph_xtcu6_10 layout-component text-serif-m layout-normal text-serif-m layout-padded\">\u2013 N\u00e5r jeg mister 30 prosent av inntekten min fra 1. januar. Hvordan skal jeg da klare meg \u00f8konomisk? Spurte han. <\/p>\n<p class=\"_paragraph_1bvmi_4 _paragraph_xtcu6_10 layout-component text-serif-m layout-normal text-serif-m layout-padded\">\u2013 Det er med det tyngste hjertet jeg har gjort dette, det er fordi det er gravalvor over Oslofjorden, fjorden d\u00f8r. Det er ikke bare p\u00e5 grunn av fiske, svarte St\u00f8re. <\/p>\n<p><img alt=\"Jonas Gahr St\u00f8re p\u00e5 vein inn til folkem\u00f8tet.  Foto: G\u00f8ran Bohlin \/ VG\" class=\"_image_qp4xg_65 layout-component layout-normal\" data-fullscreen- data-track-element-type=\"Article image fullscreen\" data-track-name=\"ImageFullscreen\" decoding=\"async\" loading=\"lazy\" height=\"5504\" itemprop=\"image\"  src=\"https:\/\/www.europesays.com\/no\/wp-content\/uploads\/2025\/08\/4c0a4c6c-680b-4712-abd7-8b359868e54c\"  style=\"object-position:0% 0%\" width=\"8256\"\/>Jonas Gahr St\u00f8re p\u00e5 vein inn til folkem\u00f8tet.  Foto: G\u00f8ran Bohlin \/ VG<\/p>\n<p class=\"_paragraph_1bvmi_4 _paragraph_xtcu6_10 layout-component text-serif-m layout-normal text-serif-m layout-padded\">Men han sier regjeringen m\u00e5 f\u00f8lge r\u00e5dene fra forskerne for ikke \u00e5 la fjorden d\u00f8. <\/p>\n<p class=\"_paragraph_1bvmi_4 _paragraph_xtcu6_10 layout-component text-serif-m layout-normal text-serif-m layout-padded\">\u2013 Da m\u00e5 du betale for det Jonas, for vi folka som sitter her har ikke r\u00e5d til det, kontret Kanten. <\/p>\n<p class=\"_paragraph_1bvmi_4 _paragraph_xtcu6_10 layout-component text-serif-m layout-normal text-serif-m layout-padded\">\u2013 Vi skal ha god dialog med dere fiskere for hvordan vi kan legge til rette for alternativer, og hvordan vi skal hjelpe ti med den omstillingen. Men alternativet \u00e5 ikke gj\u00f8re noe er at vi mister den fjorden, og det er s\u00e5 store konsekvenser at det ansvaret m\u00e5 vi ta, svarte St\u00f8re. <\/p>\n<p>Barket sammen<\/p>\n<p class=\"_paragraph_1bvmi_4 _paragraph_xtcu6_10 layout-component text-serif-m layout-normal text-serif-m layout-padded\">Innvandringspolitikk ble ogs\u00e5 tema da den kanadiske innvandreren Jaya Thomlinson spurte om hva regjeringen vil gj\u00f8re for \u00e5 tilrettelegge for internasjonal arbeidskraft. <\/p>\n<p class=\"_paragraph_1bvmi_4 _paragraph_xtcu6_10 layout-component text-serif-m layout-normal text-serif-m layout-padded\">Listhaug svarte at det er viktig \u00e5 behandle s\u00f8knader for arbeidsinnvandring raskere \u2013 men benyttet ogs\u00e5 anledningen til \u00e5 snakke om utfordringene med innvandring i Sarpsborg. <\/p>\n<ul class=\"_gallery_1qa3s_23\" tabindex=\"0\">\n<li class=\"_item_1qa3s_37\" data-index=\"0\"><img decoding=\"async\" class=\"_image_foru8_23 _articleGallery_foru8_39\" data-fullscreen- width=\"8256\" height=\"5504\" itemprop=\"image\" loading=\"lazy\"  src=\"https:\/\/www.europesays.com\/no\/wp-content\/uploads\/2025\/08\/fb1fce17-46d1-4d40-8d46-3f65f9758dc2\"  style=\"object-position:50% 50%;aspect-ratio:var(--gallery-aspect-ratio, 16 \/ 9)\"\/>Sylvi Listhaug p\u00e5 vei inn til folkem\u00f8tet.  Foto: G\u00f8ran Bohlin \/ VG<\/li>\n<\/ul>\n<p>Sylvi Listhaug p\u00e5 vei inn til folkem\u00f8tet.  Foto: G\u00f8ran Bohlin \/ VG<\/p>\n<p class=\"_paragraph_1bvmi_4 _paragraph_xtcu6_10 layout-component text-serif-m layout-normal text-serif-m layout-padded\">\u2013 N\u00e5r det gjelder asylpolitikken er Frps syn at vi er n\u00f8dt ti \u00e5 sette alle kluter til for \u00e5 f\u00e5 til god integrering, sa hun \u2013 f\u00f8r det ble p\u00e5pekt at det ikke var temaet. <\/p>\n<p class=\"_paragraph_1bvmi_4 _paragraph_xtcu6_10 layout-component text-serif-m layout-normal text-serif-m layout-padded\">St\u00f8re stakk tilbake, f\u00f8r han fikk samme beskjed fra programlederen. <\/p>\n<p class=\"_paragraph_1bvmi_4 _paragraph_xtcu6_10 layout-component text-serif-m layout-normal text-serif-m layout-padded\">\u2013 Hun snakker om bedre integrering, men kutter i alle utgiftene til integrering. <\/p>\n<p>Krevde demens-svar<\/p>\n<p class=\"_paragraph_1bvmi_4 _paragraph_xtcu6_10 layout-component text-serif-m layout-normal text-serif-m layout-padded\">Marianne Danielsen har v\u00e6rt p\u00e5r\u00f8rende til sin mor med demens i over femten \u00e5r. Hun fortalte om hvor t\u00f8ft og uforutsigbart det er \u00e5 leve i en s\u00e5nn situasjon \u2013 og at hun opplever \u00e5 ha f\u00e5tt lite hjelp som p\u00e5r\u00f8rende med det hun m\u00e5tte forst\u00e5 og h\u00e5ndtere. <\/p>\n<p><img alt=\"Erna Solberg ankom folkem\u00f8tet i Erna-bussen.  Foto: G\u00f8ran Bohlin \/ VG\" class=\"_image_qp4xg_65 layout-component layout-normal\" data-fullscreen- data-track-element-type=\"Article image fullscreen\" data-track-name=\"ImageFullscreen\" decoding=\"async\" loading=\"lazy\" height=\"5504\" itemprop=\"image\"  src=\"https:\/\/www.europesays.com\/no\/wp-content\/uploads\/2025\/08\/a59a9fdc-00b6-45cf-a83b-fad51f510e48\"  style=\"object-position:0% 0%\" width=\"8256\"\/>Erna Solberg ankom folkem\u00f8tet i Erna-bussen.  Foto: G\u00f8ran Bohlin \/ VG<\/p>\n<p class=\"_paragraph_1bvmi_4 _paragraph_xtcu6_10 layout-component text-serif-m layout-normal text-serif-m layout-padded\">\u2013 Jeg var demenskoordinator for min egen mor, s\u00e5nn skal det ikke v\u00e6re. Hvordan skal dere legge til rette for at alle skal f\u00e5 en demenskoordinator, som dere har lovet?<\/p>\n<p class=\"_paragraph_1bvmi_4 _paragraph_xtcu6_10 layout-component text-serif-m layout-normal text-serif-m layout-padded\">St\u00f8re svarte ved \u00e5 vise til at kommunen og bydelen har et ansvar for \u00e5 tilby den typen tjeneste, og sa det skal f\u00f8lges opp. . Solberg viste til at H\u00f8yre \u00f8nsker et pakkeforl\u00f8p for demens. Listhaug sa staten m\u00e5 ta ansvaret for finansieringen av eldreomsorgen. <\/p>\n<p class=\"_paragraph_1bvmi_4 _paragraph_xtcu6_10 layout-component text-serif-m layout-normal text-serif-m layout-padded\">Danielsen var ikke s\u00e6rlig imponert:<\/p>\n<p class=\"_paragraph_1bvmi_4 _paragraph_xtcu6_10 layout-component text-serif-m layout-normal text-serif-m layout-padded\">\u2013 Nei, for til syvende og sist er det kommune\u00f8konomien som styrer om dette blir gjennomf\u00f8rt eller ikke. S\u00e5 lenge kommune\u00f8konomien ikke er p\u00e5 stell, s\u00e5 blir ikke dette noe av, sa hun, og oppfordret dem til \u00e5 komme til tverrpolitisk enighet for \u00e5 f\u00e5 det til. <\/p>\n<p class=\"_paragraph_1bvmi_4 _paragraph_xtcu6_10 layout-component text-serif-m layout-normal text-serif-m layout-padded\">De tre fikk ogs\u00e5 sp\u00f8rsm\u00e5l om \u00e5 sende norske soldater til Ukraina. Det var de alle enige om at var for tidlig \u00e5 svare p\u00e5, f\u00f8r det foreligger en fredsavtale. <\/p>\n<p>Sv\u00e6rt jevnt<\/p>\n<p class=\"_paragraph_1bvmi_4 _paragraph_xtcu6_10 layout-component text-serif-m layout-normal text-serif-m layout-padded\">Valget om under litt over en uke ligger an til \u00e5 bli en neglebiter: Stillingen er sv\u00e6rt jevn mellom de to blokkene p\u00e5 meningsm\u00e5lingene. <\/p>\n<p class=\"_paragraph_1bvmi_4 _paragraph_xtcu6_10 layout-component text-serif-m layout-normal text-serif-m layout-padded\">Erna Solberg og Jonas Gahr St\u00f8re vil begge bli statsminister. Sylvi Listhaug med har <a href=\"https:\/\/www.vg.no\/nyheter\/i\/QMVX0R\/sylvi-listhaug-vi-har-en-strategi-som-sier-at-det-stoerste-partiet-faar-statsministeren\" data-track-element-type=\"Link\" data-track-id=\"link:QMVX0R\" class=\"_link_1bvmi_39\" rel=\"nofollow noopener\" target=\"_blank\">ikke villet svare<\/a> p\u00e5 om hun vil bli det, men sier det st\u00f8rste partiet b\u00f8r f\u00e5 statsministeren. <\/p>\n<p class=\"_paragraph_1bvmi_4 _paragraph_xtcu6_10 layout-component text-serif-m layout-normal text-serif-m layout-padded\">P\u00e5 <a href=\"https:\/\/www.vg.no\/nyheter\/i\/vgM30m\/frp-nedtur-paa-vgs-siste-partimaaling\" data-track-element-type=\"Link\" data-track-id=\"link:vgM30m\" class=\"_link_1bvmi_39\" rel=\"nofollow noopener\" target=\"_blank\">VGs siste<\/a> m\u00e5ling fikk Frp en oppsiktsvekkende nedtur, samtidig som MDG sikret flertall for r\u00f8dgr\u00f8nn side. P\u00e5 <a href=\"https:\/\/www.vg.no\/nyheter\/i\/OovWj3\/vgs-statsministermaaling-jonas-gahr-stoere-oeker-ledelsen\" data-track-element-type=\"Link\" data-track-id=\"link:OovWj3\" class=\"_link_1bvmi_39\" rel=\"nofollow noopener\" target=\"_blank\">VGs siste statsministerm\u00e5ling<\/a> er Jonas mer popul\u00e6r enn Erna og Sylvi til sammen. <\/p>\n<p class=\"_paragraph_1bvmi_4 _paragraph_xtcu6_10 layout-component text-serif-m layout-normal text-serif-m layout-padded\">H\u00f8yre l\u00f8ftet seg litt fra forrige <a href=\"https:\/\/www.vg.no\/nyheter\/i\/rPQ5e8\/vgs-partimaaling-hoeyre-faar-daarligste-tall-paa-16-aar\" data-track-element-type=\"Link\" data-track-id=\"link:rPQ5e8\" class=\"_link_1bvmi_39\" rel=\"nofollow noopener\" target=\"_blank\">krisem\u00e5ling<\/a>, men ligger fortsatt lavt. <\/p>\n<p class=\"_paragraph_1bvmi_4 _paragraph_xtcu6_10 layout-component text-serif-m layout-normal text-serif-m layout-padded\">F\u00f8r folkem\u00f8tet hadde det m\u00f8tt opp s\u00e5 mange mennesker utenfor Studentersamfundet at politiet m\u00e5tte stenge veien for \u00e5 unng\u00e5 trafikkfarlige situasjoner. <\/p>\n<p><img alt=\"Foto: G\u00f8ran Bohlin \/ VG\" class=\"_image_qp4xg_65 layout-component layout-normal\" data-fullscreen- data-track-element-type=\"Article image fullscreen\" data-track-name=\"ImageFullscreen\" decoding=\"async\" loading=\"lazy\" height=\"5504\" itemprop=\"image\"  src=\"https:\/\/www.europesays.com\/no\/wp-content\/uploads\/2025\/08\/4ee53dda-f852-4941-a5fd-3b0a5c0ef6e0\"  style=\"object-position:0% 0%\" width=\"8256\"\/>Foto: G\u00f8ran Bohlin \/ VG    <\/p>\n","protected":false},"excerpt":{"rendered":"Konseptet for duellen som holdes p\u00e5 Studentersamfundet i Trondheim, er at de tre partilederne skal grilles av publikum&hellip;\n","protected":false},"author":2,"featured_media":19767,"comment_status":"","ping_status":"","sticky":false,"template":"","format":"standard","meta":{"footnotes":""},"categories":[10],"tags":[20,21,327,24,25,15,201,22,23,13,30,28,281,29,14,16,200,26,27,596],"class_list":{"0":"post-19766","1":"post","2":"type-post","3":"status-publish","4":"format-standard","5":"has-post-thumbnail","7":"category-norge","8":"tag-breaking-news","9":"tag-breakingnews","10":"tag-erna-solberg","11":"tag-featured-news","12":"tag-featurednews","13":"tag-headlines","14":"tag-jonas-gahr-store","15":"tag-latest-news","16":"tag-latestnews","17":"tag-news","18":"tag-no","19":"tag-norge","20":"tag-norsk-politikk","21":"tag-norway","22":"tag-nyheter","23":"tag-overskrifter","24":"tag-sylvi-listhaug","25":"tag-top-stories","26":"tag-topstories","27":"tag-trondheim"},"share_on_mastodon":{"url":"","error":""},"_links":{"self":[{"href":"https:\/\/www.europesays.com\/no\/wp-json\/wp\/v2\/posts\/19766","targetHints":{"allow":["GET"]}}],"collection":[{"href":"https:\/\/www.europesays.com\/no\/wp-json\/wp\/v2\/posts"}],"about":[{"href":"https:\/\/www.europesays.com\/no\/wp-json\/wp\/v2\/types\/post"}],"author":[{"embeddable":true,"href":"https:\/\/www.europesays.com\/no\/wp-json\/wp\/v2\/users\/2"}],"replies":[{"embeddable":true,"href":"https:\/\/www.europesays.com\/no\/wp-json\/wp\/v2\/comments?post=19766"}],"version-history":[{"count":0,"href":"https:\/\/www.europesays.com\/no\/wp-json\/wp\/v2\/posts\/19766\/revisions"}],"wp:featuredmedia":[{"embeddable":true,"href":"https:\/\/www.europesays.com\/no\/wp-json\/wp\/v2\/media\/19767"}],"wp:attachment":[{"href":"https:\/\/www.europesays.com\/no\/wp-json\/wp\/v2\/media?parent=19766"}],"wp:term":[{"taxonomy":"category","embeddable":true,"href":"https:\/\/www.europesays.com\/no\/wp-json\/wp\/v2\/categories?post=19766"},{"taxonomy":"post_tag","embeddable":true,"href":"https:\/\/www.europesays.com\/no\/wp-json\/wp\/v2\/tags?post=19766"}],"curies":[{"name":"wp","href":"https:\/\/api.w.org\/{rel}","templated":true}]}}