{"id":197719,"date":"2026-03-26T11:23:11","date_gmt":"2026-03-26T11:23:11","guid":{"rendered":"https:\/\/www.europesays.com\/no\/197719\/"},"modified":"2026-03-26T11:23:11","modified_gmt":"2026-03-26T11:23:11","slug":"sophie-elise-isachsen-avslorer-jeg-dater-2","status":"publish","type":"post","link":"https:\/\/www.europesays.com\/no\/197719\/","title":{"rendered":"Sophie Elise Isachsen avsl\u00f8rer: &#8211; Jeg dater"},"content":{"rendered":"<p class=\"kicker \" style=\"\">Sophie Elise Isachsen:\u00a0<\/p>\n<p>    Influenseren letter p\u00e5 sl\u00f8ret om kj\u00e6rlighetslivet.\u00a0<\/p>\n<p>\n    \u00c5PNER OPP: Sophie Elise Isachsen r\u00f8per at hun har begynt \u00e5 date etter bruddet i fjor sommer. Foto: Andreas Fadum \/ Se og H\u00f8r\n  <\/p>\n<p>I juni i fjor kom nyheten om at\u00a0<a href=\"https:\/\/www.seher.no\/kjendis\/viste-seg-sammen-etter-bruddet\/83233433\" rel=\"nofollow noopener\" target=\"_blank\">Sophie Elise Isachsen (31) og kj\u00e6resten Vegard J\u00f8rstad (32) hadde gjort det slutt<\/a> etter to \u00e5r som par.\u00a0Sammen har de s\u00f8nnen Helmer, som ble f\u00f8dt i april 2024.<\/p>\n<p>Nyheten bekreftet Isachsen selv p\u00e5 Instagram:<\/p>\n<p>&#8211; Jeg og Vegard er ikke lengre kj\u00e6rester. Vi er fortsatt gode venner, og v\u00e5rt viktigste fokus er s\u00f8nnen v\u00e5r, og relasjonen v\u00e5r som familie, skrev hun p\u00e5 plattformen.<\/p>\n<p>        R\u00d8PER: Gjengen i \u00abA-laget\u00bb settes ut av hva Sophie Elise har i nattbordskuffen. Video: NRK TV\/ R\u00f8d L\u00f8per<\/p>\n<p>&#8211; Kom p\u00e5 full display\t<\/p>\n<p>Etter bruddet har Isachsen v\u00e6rt ordknapp om kj\u00e6rlighetslivet. Hun har tidligere fortalt til <a href=\"https:\/\/www.nettavisen.no\/kjendis\/influenser-sophie-elise-30-om-dating-vil-ikke-ha-en-som-er-pa-mobilen\/s\/5-95-2615453\" rel=\"nofollow noopener\" target=\"_blank\">Nettavisen<\/a> at dating ikke sto h\u00f8yt p\u00e5 prioriteringslisten, selv om hun n\u00e5 er singel.\u00a0<\/p>\n<p class=\"font-weight-bold m-font-weight-bold\" data-lab-font_weight=\"font-weight-bold\">&#8211; Jeg har ikke datet noe. Jeg er heller ikke interessert i \u00e5 m\u00f8te noen. Jeg er ikke p\u00e5 noen apper, sa hun i september i fjor.\u00a0<\/p>\n<p>Men n\u00e5 har ting endret seg.<\/p>\n<p>        <img loading=\"lazy\" decoding=\"async\" src=\"https:\/\/www.europesays.com\/no\/wp-content\/uploads\/2026\/03\/1774524188_844_84412517.webp.webp\" width=\"667\" height=\"981\" title=\"BRUDD: Sophie Elise Isachsen og Vegard J\u00f8rstad gikk fra hverandre i fjor sommer. Foto: Andreas Fadum \/ Se og H\u00f8r\" alt=\"\" class=\"\" style=\"--aspect-ratio-image: 0.68; \"\/><\/p>\n<p>\n        BRUDD: Sophie Elise Isachsen og Vegard J\u00f8rstad gikk fra hverandre i fjor sommer. Foto: Andreas Fadum \/ Se og H\u00f8r\n    <\/p>\n<p>I helga tok influenseren til Snapchat, hvor hun ga f\u00f8lgerne en oversikt over timeplanen sin framover.<\/p>\n<p>\u00abS\u00e5nn ser det veldig overordnet ut p\u00e5 PC &#8211; her legger jeg inn avtaler som involverer andre, skriver inn hvilke dager jeg skal snappe, hvilke dager jeg er p\u00e5 insta (derfor noen dager er markert som Snapchat)\u00bb, skrev hun.\u00a0<\/p>\n<p>    <a itemprop=\"url\" href=\"https:\/\/www.dagbladet.no\/kjendis\/langet-ut-legger-meg-paddeflat\/84307939\" rel=\"nofollow noopener\" target=\"_blank\"><\/p>\n<p>        <img loading=\"lazy\" decoding=\"async\" src=\"https:\/\/www.europesays.com\/no\/wp-content\/uploads\/2026\/03\/1774524189_345_84307961.webp.webp\" width=\"980\" height=\"441\" title=\"Langet ut: - Legger meg paddeflat\" alt=\"\" class=\"lazyload\" style=\"--aspect-ratio-image: 2.22; \"\/><\/p>\n<p>        Langet ut: &#8211; Legger meg paddeflat<\/p>\n<p>    <\/a><\/p>\n<p>Midt i gjennomgangen kom det ogs\u00e5 en avsl\u00f8ring:<\/p>\n<p class=\"no_italic m-no_italic font-weight-normal m-font-weight-normal\" data-lab-italic=\"\" data-lab-font_weight=\"font-weight-normal\">\u00abHer m\u00e5tte jeg sensurere nederst fordi han jeg dater plutselig kom p\u00e5 full display med navn, haha. S\u00e5 vet dere det\u00bb.<\/p>\n<p>&#8211; Han jeg dater\t<\/p>\n<p>Torsdag bekrefter Isachsen overfor Dagbladet at hun dater noen.\u00a0<\/p>\n<p class=\"font-weight-bold m-font-weight-bold\" data-lab-font_weight=\"font-weight-bold\">&#8211; Jeg reiser til Italia med en venn, alts\u00e5 ikke han jeg dater, skriver hun i en SMS.<\/p>\n<p>Italia-turen skal hun p\u00e5 denne uka, noe hun r\u00f8pet til sine f\u00f8lgere p\u00e5 Snapchat denne uka.\u00a0<\/p>\n<p>\u00abItalia i morgen med..\u00bb, st\u00e5r det p\u00e5 Snapchat-storien hennes.<\/p>\n<p>Influenseren avviser med det samtidig overfor Dagbladet at hun skal p\u00e5 tur med sin nye flamme.<\/p>\n<p>Hvem den mystiske daten er, holder 31-\u00e5ringen forel\u00f8pig tett til brystet.<\/p>\n<p>        SJOKKERT: Trygve Bennetsen r\u00f8pet seg om at Sophie Elise var p\u00e5 et annet opptak, da f\u00f8rste episode av \u00abMaskorama\u00bb ble sendt. Video: Nora Skavhaug\/R\u00f8d l\u00f8per. Reporter: Thea Hope\/R\u00f8d l\u00f8per<\/p>\n<p>&#8211; Redd for \u00e5 bli brukt\t<\/p>\n<p>I januar delte Isachsen et s\u00e5rbart \u00f8yeblikk med f\u00f8lgerne sine p\u00e5 Snapchat. Hun fortalte \u00e5pent om dype tillitsproblemer og en ny, uvant frykt for kj\u00e6rligheten.<\/p>\n<p>&#8211; Jeg f\u00f8ler at livet til alle andre g\u00e5r videre, men mitt gj\u00f8r ikke det. Jeg f\u00f8ler meg s\u00e5 ensom, og det er mange ting som har skjedd de siste dagene som har brakt opp vonde minner, og har bevist for meg hvor viktig det er for meg \u00e5 jobbe med meg selv, sa hun.<\/p>\n<p class=\"font-weight-bold m-font-weight-bold\" data-lab-font_weight=\"font-weight-bold\">Samtidig understreket influenseren at hun st\u00e5r st\u00f8tt i valget om \u00e5 v\u00e6re singel &#8211; og at bruddet var riktig.\u00a0<\/p>\n<p>        <img loading=\"lazy\" decoding=\"async\" src=\"https:\/\/www.europesays.com\/no\/wp-content\/uploads\/2026\/03\/1774524190_439_84412550.webp.webp\" width=\"667\" height=\"948\" title=\"S\u00c5RBAR: Influenseren delte \u00e6rlig med f\u00f8lgerne i januar at hun har slitt med tillitsproblemer. Foto: Andreas Fadum \/ Se og H\u00f8r\" alt=\"\" class=\"\" style=\"--aspect-ratio-image: 0.70; \"\/><\/p>\n<p>\n        S\u00c5RBAR: Influenseren delte \u00e6rlig med f\u00f8lgerne i januar at hun har slitt med tillitsproblemer. Foto: Andreas Fadum \/ Se og H\u00f8r\n    <\/p>\n<p>Likevel kan hun savne n\u00e6rheten og det \u00e5 bli tatt vare p\u00e5 av noen.<\/p>\n<p>&#8211; Jeg har dessverre f\u00e5tt tillitsproblemer. Jeg har alltid v\u00e6rt s\u00e5 sykt lite redd for kj\u00e6rlighet &#8211; men n\u00e5 er jeg s\u00e5 redd! Jeg er s\u00e5 redd for \u00e5 bli brukt, s\u00e5 redd for at jeg ikke er bra nok, fortalte hun t\u00e5rev\u00e5t, f\u00f8r hun heiet p\u00e5 alle single m\u00f8dre i samme situasjon som henne.<\/p>\n<p>    <a itemprop=\"url\" href=\"https:\/\/www.dagbladet.no\/kjendis\/deler-kontroversielt-foreldregrep\/83866979\" rel=\"nofollow noopener\" target=\"_blank\"><\/p>\n<p>        <img loading=\"lazy\" decoding=\"async\" src=\"https:\/\/www.europesays.com\/no\/wp-content\/uploads\/2026\/03\/83869196.webp.webp\" width=\"980\" height=\"441\" title=\"Deler kontroversielt foreldregrep\" alt=\"\" class=\"lazyload\" style=\"--aspect-ratio-image: 2.22; \"\/><\/p>\n<p>        Deler kontroversielt foreldregrep<\/p>\n<p>    <\/a><\/p>\n","protected":false},"excerpt":{"rendered":"Sophie Elise Isachsen:\u00a0 Influenseren letter p\u00e5 sl\u00f8ret om kj\u00e6rlighetslivet.\u00a0 \u00c5PNER OPP: Sophie Elise Isachsen r\u00f8per at hun har&hellip;\n","protected":false},"author":2,"featured_media":197720,"comment_status":"","ping_status":"","sticky":false,"template":"","format":"standard","meta":{"footnotes":"","_share_on_mastodon":"0"},"categories":[12],"tags":[20,21,1926,24,25,15,6424,479,22,23,6423,13,30,28,29,14,16,1444,26,27,42,43,44,45],"class_list":["post-197719","post","type-post","status-publish","format-standard","has-post-thumbnail","category-verden","tag-breaking-news","tag-breakingnews","tag-dating","tag-featured-news","tag-featurednews","tag-headlines","tag-kjaerlighetsliv","tag-kjendis","tag-latest-news","tag-latestnews","tag-letter-pa-sloret","tag-news","tag-no","tag-norge","tag-norway","tag-nyheter","tag-overskrifter","tag-sophie-elise-isachsen","tag-top-stories","tag-topstories","tag-verden","tag-world","tag-world-news","tag-worldnews"],"share_on_mastodon":{"url":"https:\/\/pubeurope.com\/@no\/116295224894820033","error":""},"_links":{"self":[{"href":"https:\/\/www.europesays.com\/no\/wp-json\/wp\/v2\/posts\/197719","targetHints":{"allow":["GET"]}}],"collection":[{"href":"https:\/\/www.europesays.com\/no\/wp-json\/wp\/v2\/posts"}],"about":[{"href":"https:\/\/www.europesays.com\/no\/wp-json\/wp\/v2\/types\/post"}],"author":[{"embeddable":true,"href":"https:\/\/www.europesays.com\/no\/wp-json\/wp\/v2\/users\/2"}],"replies":[{"embeddable":true,"href":"https:\/\/www.europesays.com\/no\/wp-json\/wp\/v2\/comments?post=197719"}],"version-history":[{"count":0,"href":"https:\/\/www.europesays.com\/no\/wp-json\/wp\/v2\/posts\/197719\/revisions"}],"wp:featuredmedia":[{"embeddable":true,"href":"https:\/\/www.europesays.com\/no\/wp-json\/wp\/v2\/media\/197720"}],"wp:attachment":[{"href":"https:\/\/www.europesays.com\/no\/wp-json\/wp\/v2\/media?parent=197719"}],"wp:term":[{"taxonomy":"category","embeddable":true,"href":"https:\/\/www.europesays.com\/no\/wp-json\/wp\/v2\/categories?post=197719"},{"taxonomy":"post_tag","embeddable":true,"href":"https:\/\/www.europesays.com\/no\/wp-json\/wp\/v2\/tags?post=197719"}],"curies":[{"name":"wp","href":"https:\/\/api.w.org\/{rel}","templated":true}]}}