{"id":198081,"date":"2026-03-26T20:19:12","date_gmt":"2026-03-26T20:19:12","guid":{"rendered":"https:\/\/www.europesays.com\/no\/198081\/"},"modified":"2026-03-26T20:19:12","modified_gmt":"2026-03-26T20:19:12","slug":"taler-med-to-tunger-e24","status":"publish","type":"post","link":"https:\/\/www.europesays.com\/no\/198081\/","title":{"rendered":"\u2013 Taler med to tunger \u2013 E24"},"content":{"rendered":"\n<p class=\"_lead_iz5h7_2 _lead_u2bdr_18 layout-component layout-wide layout-padded _lead_ouxa1_5 body-large _wide_ouxa1_9\">I 2017 mente statsminister Jonas Gahr St\u00f8re at det b\u00f8r stilles s\u00e6rskilte krav til \u00e5penhet. N\u00e5 vil han ikke opplyse hvilke fond han har investert i.<\/p>\n<p><img alt=\"Statsminister Jonas Gahr St\u00f8re (Ap).\" class=\"_image_1spwq_90 layout-component layout-wide\" data-fullscreen- data-track-element-type=\"Article image fullscreen\" data-track-name=\"ImageFullscreen\" fetchpriority=\"high\" decoding=\"sync\" loading=\"eager\" height=\"4000\" itemprop=\"image\"  src=\"https:\/\/www.europesays.com\/no\/wp-content\/uploads\/2026\/03\/c2858816-c1d9-499e-bf90-44d27b6530fb.jpeg\"  style=\"object-position:44.483333333333334% 50%\" width=\"6000\"\/>Statsminister Jonas Gahr St\u00f8re (Ap).  Foto: Terje Pedersen \/ NTBVis mer<a class=\"_link_4oefz_107\" href=\"https:\/\/e24.no\/forfatter\/eivind-boee\" title=\"Eivind B\u00f8e\" rel=\"nofollow noopener\" target=\"_blank\"><img alt=\"Bilde av Eivind B\u00f8e\" class=\"_image_4oefz_84\" fetchpriority=\"low\" decoding=\"async\" itemprop=\"image\" loading=\"lazy\"  src=\"https:\/\/www.europesays.com\/no\/wp-content\/uploads\/2026\/03\/1774556351_510_d64d5127-8e92-40a6-ada1-a0726d00c5b8.jpeg\"  width=\"480\"\/><\/a>      <\/p>\n<p>Oppsummeringen er laget med kunstig intelligens og kvalitetssikret av E24s journalister.<\/p>\n<ul class=\"_list_iz5h7_3 _list_1ysn4_106 _unordered_iz5h7_109 _textTheme_1yhmn_1 body-small\">\n<li class=\"_item_iz5h7_34\">Statsminister Jonas Gahr St\u00f8re mente i 2017 at statsministre kunne vise \u00abs\u00e6rskilte krav til \u00e5penhet\u00bb om fondsinvesteringer.<\/li>\n<li class=\"_item_iz5h7_34\">N\u00e5 nekter han \u00e5 opplyse hvilke fond hans 50 millioner kroner er investert i.<\/li>\n<li class=\"_item_iz5h7_34\">H\u00f8yres Ove Trellevik anklager St\u00f8re for \u00e5 \u00abtale med to tunger\u00bb.<\/li>\n<\/ul>\n<p>Vis mer <\/p>\n<p class=\"_paragraph_iz5h7_4 _paragraph_u2bdr_27 layout-component layout-normal layout-padded body-medium\">\u2013 Her taler statsministeren \u00e5penbart med to tunger, minst, sier H\u00f8yres stortingsrepresentant Ove Trellevik til E24.<\/p>\n<p>    <img decoding=\"async\" alt=\"Bilde av Ove Trellevik\" class=\"_image_xaoye_47\" height=\"37\" itemprop=\"image\" loading=\"lazy\"  src=\"https:\/\/www.europesays.com\/no\/wp-content\/uploads\/2026\/03\/556ba132-6ac4-41d6-81a0-f5efacdc0507.jpeg\"  width=\"40\"\/>    Ove Trellevik  <\/p>\n<p class=\"_paragraph_iz5h7_4 _title_xaoye_61 body-small\">Stortingsrepresentant for H\u00f8yre<\/p>\n<p class=\"_paragraph_iz5h7_4 _paragraph_u2bdr_27 layout-component layout-normal layout-padded body-medium\">E24 skrev nylig at statsministeren i fjor <a href=\"https:\/\/e24.no\/naeringsliv\/i\/JOOx0J\/stoere-satte-50-millioner-kroner-i-fond\" class=\"_link_iz5h7_43\" rel=\"nofollow noopener\" target=\"_blank\">flyttet rundt 50 millioner kroner fra bank til \u00abbrede aksjefond\u00bb<\/a>.<\/p>\n<p class=\"_paragraph_iz5h7_4 _paragraph_u2bdr_27 layout-component layout-normal layout-padded body-medium\">Statsministerens kontor vil ikke opplyse hvilke fond pengene er plassert i, og svarer at \u00abstatsministeren ikke har noe \u00e5 legge til\u00bb.<\/p>\n<p class=\"_paragraph_iz5h7_4 _paragraph_u2bdr_27 layout-component layout-normal layout-padded body-medium\">Samtidig har Statsministerens kontor vist til at retningslinjene i \u00abH\u00e5ndbok for politisk ledelse\u00bb ikke gjelder aksjefond.<\/p>\n<p><a class=\"_link_f1clr_14\" data-track-id=\"teaser:V66zR1\" data-track-impression=\"true\" data-track-name=\"Eksperter: Slik ville de investert St\u00f8res 50 millioner\" data-track-element-size=\"small\" data-track-element-type=\"Teaser\" data-track-image-url=\"https:\/\/www.europesays.com\/no\/wp-content\/uploads\/2026\/03\/1774556352_188_5eb474ea-ca65-4641-bf98-5a4c2a41419b.jpeg\" data-track-layout-name=\"image:right\" data-track-position-source=\"related-article\" href=\"https:\/\/e24.no\/boers-og-finans\/i\/V66zR1\/eksperter-slik-ville-de-investert-stoeres-50-millioner\" rel=\"nofollow noopener\" target=\"_blank\"><img decoding=\"async\" alt=\"\" class=\"_image_f1clr_75\" height=\"3673\" loading=\"lazy\"  src=\"https:\/\/www.europesays.com\/no\/wp-content\/uploads\/2026\/03\/1774556352_188_5eb474ea-ca65-4641-bf98-5a4c2a41419b.jpeg\"  width=\"5509\"\/><\/p>\n<p class=\"label-small _kicker_f1clr_86\">Les ogs\u00e5<\/p>\n<p>Eksperter: Slik ville de investert St\u00f8res 50 millioner<\/a>St\u00f8re i 2017: \u2013 S\u00e6rskilte krav<\/p>\n<p class=\"_paragraph_iz5h7_4 _paragraph_u2bdr_27 layout-component layout-normal layout-padded body-medium\">I 2017 opplyste St\u00f8re hvilke fond pengene hans var plassert i.<\/p>\n<p class=\"_paragraph_iz5h7_4 _paragraph_u2bdr_27 layout-component layout-normal layout-padded body-medium\">Bakgrunnen var at dav\u00e6rende statsminister Erna Solberg offentliggjorde sine fond.<\/p>\n<p class=\"_paragraph_iz5h7_4 _paragraph_u2bdr_27 layout-component layout-normal layout-padded body-medium\">St\u00f8re viste samtidig til at regelverket ikke krever at fond oppgis.<\/p>\n<p class=\"_paragraph_iz5h7_4 _paragraph_u2bdr_27 layout-component layout-normal layout-padded body-medium\">\u2013 Jeg har som stortingsrepresentant lojalt fulgt reglene i Stortingets register for verv og \u00f8konomiske interesser. Jeg har til n\u00e5, som Erna Solberg, forholdt meg til at \u00abEierandeler i aksjefond eller annet verdipapirfond oppgis ikke\u00bb, uttalte St\u00f8re til <a href=\"https:\/\/www.dn.no\/politikk\/stortingsvalget-2017\/femsto\/jonas-gahr-store\/jonas-gahr-store-her-er-mine-fond\/2-1-157398\" class=\"_link_iz5h7_43\" rel=\"nofollow noopener\" target=\"_blank\">Dagens N\u00e6ringsliv<\/a>.<\/p>\n<p class=\"_paragraph_iz5h7_4 _paragraph_u2bdr_27 layout-component layout-normal layout-padded body-medium\">Likevel valgte han \u00e5 oppgi hvilke fond han eide. <\/p>\n<p class=\"_paragraph_iz5h7_4 _paragraph_u2bdr_27 layout-component layout-normal layout-padded body-medium\">\u2013 Det er ikke unaturlig \u00e5 stille s\u00e6rskilte krav om \u00e5penhet til en statsminister eller en statsministerkandidat, uttalte St\u00f8re til avisen.<\/p>\n<p class=\"_paragraph_iz5h7_4 _paragraph_u2bdr_27 layout-component layout-normal layout-padded body-medium\">P\u00e5 dette tidspunktet var St\u00f8re statsministerkandidat. <\/p>\n<p>\u2013 B\u00f8r vise s\u00e5pass \u00e5penhet<\/p>\n<p class=\"_paragraph_iz5h7_4 _paragraph_u2bdr_27 layout-component layout-normal layout-padded body-medium\">Trellevik reagerer p\u00e5 at St\u00f8re ikke vil opplyse om fondene i dag.<\/p>\n<p class=\"_paragraph_iz5h7_4 _paragraph_u2bdr_27 layout-component layout-normal layout-padded body-medium\">\u2013 Han selv mener det b\u00f8r stilles s\u00e6rskilte krav til en statsminister, men det skal visst ikke gjelde han selv. Kanskje han mener at reglene skal gjelde alle statsministre etter han?<\/p>\n<p class=\"_paragraph_iz5h7_4 _paragraph_u2bdr_27 layout-component layout-normal layout-padded body-medium\">Han mener statsministeren m\u00e5 leve opp til sine egne krav om \u00e5penhet.<\/p>\n<p class=\"_paragraph_iz5h7_4 _paragraph_u2bdr_27 layout-component layout-normal layout-padded body-medium\">\u2013 Han b\u00f8r jo selv vise s\u00e5pass \u00e5penhet selv, som han vil kreve av andre statsministre. Det kan ikke v\u00e6re slik at han venter p\u00e5 en regelendring fra Stortinget som skal p\u00e5legge han det, dersom han selv mener det er naturlig med en slik \u00e5penhet?<\/p>\n<p class=\"_paragraph_iz5h7_4 _paragraph_u2bdr_27 layout-component layout-normal layout-padded body-medium\">Reglene for stortingsrepresentanter og regjeringsmedlemmer sl\u00e5r fast at investeringer i aksjefond normalt ikke trenger \u00e5 oppgis.<\/p>\n<p class=\"_paragraph_iz5h7_4 _paragraph_u2bdr_27 layout-component layout-normal layout-padded body-medium\">E24 har stilt sp\u00f8rsm\u00e5l til Statsministerens kontor om saken, som viser til <a href=\"https:\/\/e24.no\/naeringsliv\/i\/JOOx0J\/stoere-satte-50-millioner-kroner-i-fond\" class=\"_link_iz5h7_43\" rel=\"nofollow noopener\" target=\"_blank\">svarene gitt tidligere<\/a>.<\/p>\n","protected":false},"excerpt":{"rendered":"I 2017 mente statsminister Jonas Gahr St\u00f8re at det b\u00f8r stilles s\u00e6rskilte krav til \u00e5penhet. N\u00e5 vil han&hellip;\n","protected":false},"author":2,"featured_media":198082,"comment_status":"","ping_status":"","sticky":false,"template":"","format":"standard","meta":{"footnotes":"","_share_on_mastodon":"0"},"categories":[5],"tags":[20,21,24,25,350,15,19,201,22,23,17,18,13,30,28,29,14,16,26,27],"class_list":["post-198081","post","type-post","status-publish","format-standard","has-post-thumbnail","category-overskrifter","tag-breaking-news","tag-breakingnews","tag-featured-news","tag-featurednews","tag-fond","tag-headlines","tag-hovedoppslag","tag-jonas-gahr-store","tag-latest-news","tag-latestnews","tag-main-news","tag-mainnews","tag-news","tag-no","tag-norge","tag-norway","tag-nyheter","tag-overskrifter","tag-top-stories","tag-topstories"],"share_on_mastodon":{"url":"https:\/\/pubeurope.com\/@no\/116297332504603854","error":""},"_links":{"self":[{"href":"https:\/\/www.europesays.com\/no\/wp-json\/wp\/v2\/posts\/198081","targetHints":{"allow":["GET"]}}],"collection":[{"href":"https:\/\/www.europesays.com\/no\/wp-json\/wp\/v2\/posts"}],"about":[{"href":"https:\/\/www.europesays.com\/no\/wp-json\/wp\/v2\/types\/post"}],"author":[{"embeddable":true,"href":"https:\/\/www.europesays.com\/no\/wp-json\/wp\/v2\/users\/2"}],"replies":[{"embeddable":true,"href":"https:\/\/www.europesays.com\/no\/wp-json\/wp\/v2\/comments?post=198081"}],"version-history":[{"count":0,"href":"https:\/\/www.europesays.com\/no\/wp-json\/wp\/v2\/posts\/198081\/revisions"}],"wp:featuredmedia":[{"embeddable":true,"href":"https:\/\/www.europesays.com\/no\/wp-json\/wp\/v2\/media\/198082"}],"wp:attachment":[{"href":"https:\/\/www.europesays.com\/no\/wp-json\/wp\/v2\/media?parent=198081"}],"wp:term":[{"taxonomy":"category","embeddable":true,"href":"https:\/\/www.europesays.com\/no\/wp-json\/wp\/v2\/categories?post=198081"},{"taxonomy":"post_tag","embeddable":true,"href":"https:\/\/www.europesays.com\/no\/wp-json\/wp\/v2\/tags?post=198081"}],"curies":[{"name":"wp","href":"https:\/\/api.w.org\/{rel}","templated":true}]}}