{"id":19812,"date":"2025-08-27T20:49:11","date_gmt":"2025-08-27T20:49:11","guid":{"rendered":"https:\/\/www.europesays.com\/no\/19812\/"},"modified":"2025-08-27T20:49:11","modified_gmt":"2025-08-27T20:49:11","slug":"matte-evakuere-nrk-kan-ha-vaert-kloakklukt","status":"publish","type":"post","link":"https:\/\/www.europesays.com\/no\/19812\/","title":{"rendered":"M\u00e5tte evakuere NRK \u2013 kan ha v\u00e6rt kloakklukt"},"content":{"rendered":"\n<p class=\"_lead_1bvmi_2 _lead_xtcu6_50 layout-component text-serif-m layout-normal text-serif-l layout-component layout-wide layout-padded _wide_17hqh_1 layout-padded\">Flere ansatte merket en brennende f\u00f8lelse i halsen, melder Oslo politidistrikt. <\/p>\n<p><img alt=\"N\u00f8detatene er p\u00e5 plass ved NRK p\u00e5 Marienlyst i Oslo. Foto: Nora Kvernmo Rindal \/ VG\" class=\"_image_qp4xg_65 layout-component layout-wide\" data-fullscreen- data-track-element-type=\"Article image fullscreen\" data-track-name=\"ImageFullscreen\" fetchpriority=\"high\" decoding=\"sync\" loading=\"eager\" height=\"3024\" itemprop=\"image\"  src=\"https:\/\/www.europesays.com\/no\/wp-content\/uploads\/2025\/08\/730a60d4-39d0-45ed-a880-8d37657cd9bf\"  style=\"object-position:0% 0%\" width=\"4032\"\/>N\u00f8detatene er p\u00e5 plass ved NRK p\u00e5 Marienlyst i Oslo. Foto: Nora Kvernmo Rindal \/ VGVi rapporterer fra NRK Marienlyst Oppdatert onsdag 27. august kl. 22:10     <\/p>\n<p class=\"_paragraph_1bvmi_4 _paragraph_xtcu6_10 layout-component text-serif-m layout-normal text-serif-m layout-padded\"><a href=\"https:\/\/www.vg.no\/tag\/nrk?utm_source=vg-article&amp;utm_medium=auto-tagger&amp;utm_campaign=25ryjv\" class=\"_link_1bvmi_39\" rel=\"nofollow noopener\" target=\"_blank\">NRK<\/a>-bygget p\u00e5 Marienlyst m\u00e5tte onsdag kveld iverksette evakuering etter melding om mulig gasslekkasje, meldte politiet. <\/p>\n<p class=\"_paragraph_1bvmi_4 _paragraph_xtcu6_10 layout-component text-serif-m layout-normal text-serif-m layout-padded\">\u2013 Mange NRK-medarbeidere s\u00e5 seg n\u00f8dt til \u00e5 forlate deler av nyhetshuset p\u00e5 Marienlyst p\u00e5 grunn av vond lukt, skrev Marius Tetlie, konstituert nyhetsdirekt\u00f8r i NRK. <\/p>\n<p class=\"_paragraph_1bvmi_4 _paragraph_xtcu6_10 layout-component text-serif-m layout-normal text-serif-m layout-padded\">\u2013 Vi vet ikke hva dette kan v\u00e6re enda, men unders\u00f8ker saken n\u00e5. Hendelsen har s\u00e5 langt ikke p\u00e5virket nyhetsproduksjonen v\u00e5r. Fokuset n\u00e5 ligger p\u00e5 \u00e5 ta vare p\u00e5 medarbeidere og la n\u00f8detatene finne ut av hva lukten skyldes.<\/p>\n<p><img decoding=\"async\" alt=\"Bilde av Marius Tetlie\" class=\"_image_ygndg_42\" height=\"27\" itemprop=\"image\" loading=\"lazy\"  src=\"https:\/\/www.europesays.com\/no\/wp-content\/uploads\/2025\/08\/a983df26-d4af-4d0c-84be-a76e10922ba8\"  width=\"40\"\/><strong class=\"_name_ygndg_51 title-serif-xs\">Marius Tetlie<\/strong><\/p>\n<p class=\"_paragraph_1bvmi_4 text-sans-m _description_ygndg_56\">Konstituert nyhetsdirekt\u00f8r i NRK<\/p>\n<p class=\"_paragraph_1bvmi_4 _paragraph_xtcu6_10 layout-component text-serif-m layout-normal text-serif-m layout-padded\">10 minutter etter at politiet meldte om hendelsen, avsluttet politiet og brannvesenet p\u00e5 stedet. <\/p>\n<p class=\"_paragraph_1bvmi_4 _paragraph_xtcu6_10 layout-component text-serif-m layout-normal text-serif-m layout-padded\">\u2013 Ubehagelig lukt stammer enten fra bil p\u00e5 tomgang i parkeringsgarasjen eller eventuelt en kloakklekkasje, skrev politiets operasjonsleder Per-Ivar Iversen da. <\/p>\n<p class=\"_paragraph_1bvmi_4 _paragraph_xtcu6_10 layout-component text-serif-m layout-normal text-serif-m layout-padded\">\u2013 N\u00f8detatene har ikke funnet antydninger til gass og har gitt beskjed om at folk kan vende tilbake til plassene, skrev Tetlie. <\/p>\n<p><img alt=\"Brannvesenet i resepsjonen p\u00e5 NRK-huset.  Foto: Nora Kvernmo Rindal \/ VG\" class=\"_image_qp4xg_65 layout-component layout-normal\" data-fullscreen- data-track-element-type=\"Article image fullscreen\" data-track-name=\"ImageFullscreen\" decoding=\"async\" loading=\"lazy\" height=\"3024\" itemprop=\"image\"  src=\"https:\/\/www.europesays.com\/no\/wp-content\/uploads\/2025\/08\/294e2057-1b16-4b46-856f-7d396942108c\"  style=\"object-position:0% 0%\" width=\"4032\"\/>Brannvesenet i resepsjonen p\u00e5 NRK-huset.  Foto: Nora Kvernmo Rindal \/ VGUlik opplevelse av lukten<\/p>\n<p class=\"_paragraph_1bvmi_4 _paragraph_xtcu6_10 layout-component text-serif-m layout-normal text-serif-m layout-padded\">Da VG ringer Tetlie sitter han i bil p\u00e5 vei til NRK.<\/p>\n<p class=\"_paragraph_1bvmi_4 _paragraph_xtcu6_10 layout-component text-serif-m layout-normal text-serif-m layout-padded\">\u2013 Siste n\u00e5 er at evakueringen er opphevet og folk f\u00e5r slippe tilbake til plassene sine. Det er n\u00f8detatene som har opphevet den, sier han til VG.<\/p>\n<p class=\"_paragraph_1bvmi_4 _paragraph_xtcu6_10 layout-component text-serif-m layout-normal text-serif-m layout-padded\">Lukten ble lagt merke til av medarbeidere p\u00e5 nyhetsgulvet i NRK. I dette omr\u00e5det sitter b\u00e5de radio-, TV- og nettjournalister p\u00e5 en d\u00f8gnbemannet nyhetsdesk.<\/p>\n<p class=\"_paragraph_1bvmi_4 _paragraph_xtcu6_10 layout-component text-serif-m layout-normal text-serif-m layout-padded\"><strong class=\"_strong_1bvmi_25\">\u2013 N\u00f8detatene har ikke funnet giftige gasser. Lukten ble oppfattet kraftig og ubehagelig av noen, mens andre ikke reagerte.<\/strong><\/p>\n<p><img alt=\"En brannbil utenfor NRK-huset.   Foto: Nora Kvernmo Rindal \/ VG\" class=\"_image_qp4xg_65 layout-component layout-normal\" data-fullscreen- data-track-element-type=\"Article image fullscreen\" data-track-name=\"ImageFullscreen\" decoding=\"async\" loading=\"lazy\" height=\"4284\" itemprop=\"image\"  src=\"https:\/\/www.europesays.com\/no\/wp-content\/uploads\/2025\/08\/eba159c8-8d0d-4626-894c-5daa7d79534c\"  style=\"object-position:0% 0%\" width=\"5712\"\/>En brannbil utenfor NRK-huset.   Foto: Nora Kvernmo Rindal \/ VGBrannvesenet: \u2013 Sen varsling<\/p>\n<p class=\"_paragraph_1bvmi_4 _paragraph_xtcu6_10 layout-component text-serif-m layout-normal text-serif-m layout-padded\">F\u00f8r evakueringen ble avbl\u00e5st, snakket VG med vaktkommand\u00f8r Eirik Sundt Fredriksen i 110 Oslo brann og redningsetat. <\/p>\n<p class=\"_paragraph_1bvmi_4 _paragraph_xtcu6_10 layout-component text-serif-m layout-normal text-serif-m layout-padded\"><strong class=\"_strong_1bvmi_25\">\u2013 Vi har f\u00e5tt melding om at det skal v\u00e6re noe som beskrives som mulig gasslukt i nyhetshuset til NRK. Det skal v\u00e6re snakk om TV-huset. Lukten skal ha p\u00e5g\u00e5tt i noe tid, vi har f\u00e5tt sen varsling, sier Fredriksen til VG.<\/strong><\/p>\n<p class=\"_paragraph_1bvmi_4 _paragraph_xtcu6_10 layout-component text-serif-m layout-normal text-serif-m layout-padded\">\u2013 Vi fikk varsling klokken 20.50 fra noen i NRK-systemet. De hadde gjort noen unders\u00f8kelser selv.<\/p>\n<p class=\"_paragraph_1bvmi_4 _paragraph_xtcu6_10 layout-component text-serif-m layout-normal text-serif-m layout-padded\">\u2013 Er det lurt?<\/p>\n<p class=\"_paragraph_1bvmi_4 _paragraph_xtcu6_10 layout-component text-serif-m layout-normal text-serif-m layout-padded\">\u2013 Jeg skal ikke uttale meg om hva som er lurt her, men det hadde i alle fall luktet i 25 minutter. Vi har ingen indikasjon p\u00e5 hva det kan v\u00e6re. Det viktigste for oss er \u00e5 f\u00e5 unders\u00f8kt og funnet ut hva dette er, svarer vaktkommand\u00f8ren.<\/p>\n<p class=\"_paragraph_1bvmi_4 _paragraph_xtcu6_10 layout-component text-serif-m layout-normal text-serif-m layout-padded\">\u2013 Briskeby brannstasjon har spesialister p\u00e5 farlige stoffer og godt med deteksjonsutstyr. Vi er p\u00e5 stedet med tre brannbiler og innsatsleder.<\/p>\n<p>    <img decoding=\"async\" alt=\"Tips oss illustrasjon\" width=\"62px\" height=\"auto\" src=\"https:\/\/www.europesays.com\/no\/wp-content\/uploads\/2025\/08\/1754784428_95_W9avJzE.png\"\/>    <\/p>\n<p class=\"title-serif-s\">Har du tips til oss?<\/p>\n<p class=\"text-sans-m\">Send oss informasjon, bilder eller video<\/p>\n<p>  <a href=\"https:\/\/www.vg.no\/tips-oss\" rel=\"nofollow noopener\" target=\"_blank\"> Tips oss <\/a>      <\/p>\n","protected":false},"excerpt":{"rendered":"Flere ansatte merket en brennende f\u00f8lelse i halsen, melder Oslo politidistrikt. N\u00f8detatene er p\u00e5 plass ved NRK p\u00e5&hellip;\n","protected":false},"author":2,"featured_media":19813,"comment_status":"","ping_status":"","sticky":false,"template":"","format":"standard","meta":{"footnotes":""},"categories":[10],"tags":[31,20,21,24,25,15,22,23,13,30,28,29,787,14,636,16,26,27],"class_list":{"0":"post-19812","1":"post","2":"type-post","3":"status-publish","4":"format-standard","5":"has-post-thumbnail","7":"category-norge","8":"tag-breaking","9":"tag-breaking-news","10":"tag-breakingnews","11":"tag-featured-news","12":"tag-featurednews","13":"tag-headlines","14":"tag-latest-news","15":"tag-latestnews","16":"tag-news","17":"tag-no","18":"tag-norge","19":"tag-norway","20":"tag-nrk","21":"tag-nyheter","22":"tag-oslo","23":"tag-overskrifter","24":"tag-top-stories","25":"tag-topstories"},"share_on_mastodon":{"url":"","error":""},"_links":{"self":[{"href":"https:\/\/www.europesays.com\/no\/wp-json\/wp\/v2\/posts\/19812","targetHints":{"allow":["GET"]}}],"collection":[{"href":"https:\/\/www.europesays.com\/no\/wp-json\/wp\/v2\/posts"}],"about":[{"href":"https:\/\/www.europesays.com\/no\/wp-json\/wp\/v2\/types\/post"}],"author":[{"embeddable":true,"href":"https:\/\/www.europesays.com\/no\/wp-json\/wp\/v2\/users\/2"}],"replies":[{"embeddable":true,"href":"https:\/\/www.europesays.com\/no\/wp-json\/wp\/v2\/comments?post=19812"}],"version-history":[{"count":0,"href":"https:\/\/www.europesays.com\/no\/wp-json\/wp\/v2\/posts\/19812\/revisions"}],"wp:featuredmedia":[{"embeddable":true,"href":"https:\/\/www.europesays.com\/no\/wp-json\/wp\/v2\/media\/19813"}],"wp:attachment":[{"href":"https:\/\/www.europesays.com\/no\/wp-json\/wp\/v2\/media?parent=19812"}],"wp:term":[{"taxonomy":"category","embeddable":true,"href":"https:\/\/www.europesays.com\/no\/wp-json\/wp\/v2\/categories?post=19812"},{"taxonomy":"post_tag","embeddable":true,"href":"https:\/\/www.europesays.com\/no\/wp-json\/wp\/v2\/tags?post=19812"}],"curies":[{"name":"wp","href":"https:\/\/api.w.org\/{rel}","templated":true}]}}