{"id":198133,"date":"2026-03-26T21:17:12","date_gmt":"2026-03-26T21:17:12","guid":{"rendered":"https:\/\/www.europesays.com\/no\/198133\/"},"modified":"2026-03-26T21:17:12","modified_gmt":"2026-03-26T21:17:12","slug":"savannah-guthrie-i-nytt-intervju-foler-pa-skyldfolelse","status":"publish","type":"post","link":"https:\/\/www.europesays.com\/no\/198133\/","title":{"rendered":"Savannah Guthrie i nytt intervju: F\u00f8ler p\u00e5 skyldf\u00f8lelse"},"content":{"rendered":"\n<p class=\"_lead_145nj_2 _lead_6fko5_53 layout-component text-serif-m layout-normal text-serif-l layout-component layout-wide layout-padded _wide_17hqh_1 layout-padded\">\u00abToday\u00bb-programlederen \u00e5pner opp i det f\u00f8rste intervjuet etter at moren hennes forsvant. <\/p>\n<p> <img class=\"_image_jw3bv_65 layout-component layout-wide\" data-fullscreen- data-track-element-type=\"Article image fullscreen\" data-track-name=\"ImageFullscreen\" fetchpriority=\"high\" decoding=\"sync\" loading=\"eager\" height=\"181\" itemprop=\"image\"  src=\"https:\/\/www.europesays.com\/no\/wp-content\/uploads\/2026\/03\/876e1929d155e3e9f635b02d7bfa865f.jpg\"  style=\"object-position:50% 50%;aspect-ratio:1.75;height:auto;object-fit:cover;width:100%\" width=\"102\"\/>  <\/p>\n<ul aria-hidden=\"true\" class=\"_images_ntbth_112\">\n<li><a class=\"_link_ntbth_117\" href=\"https:\/\/www.vg.no\/forfatter\/hannah-solstad-klepp\" style=\"z-index:1\" title=\"Hannah Solstad Klepp\" rel=\"nofollow noopener\" target=\"_blank\"><img alt=\"Bilde av Hannah Solstad Klepp\" class=\"_image_ntbth_93\" fetchpriority=\"low\" loading=\"lazy\" decoding=\"async\" itemprop=\"image\"  src=\"https:\/\/www.europesays.com\/no\/wp-content\/uploads\/2026\/03\/1774559831_621_f811f9c1-64f7-4c50-9133-b5735831a650.jpeg\"  width=\"480\"\/><\/a><\/li>\n<\/ul>\n<p> Oppdatert torsdag 26. mars kl. 21:14    <\/p>\n<ul class=\"_list_145nj_3 _list_64s2r_85 _unordered_145nj_106 text-sans-m\">\n<li class=\"_item_145nj_30\">TV-programleder Savannah Guthrie \u00e5pner opp i f\u00f8rste intervju etter at moren hennes forsvant.<\/li>\n<li class=\"_item_145nj_30\">Moren, Nancy Guthrie, ble sist sett 31. januar, og politiet tror hun ble tatt fra hjemmet sitt mot sin vilje.<\/li>\n<li class=\"_item_145nj_30\">Guthrie frykter at hennes ber\u00f8mmelse kan v\u00e6re \u00e5rsaken til kidnappingen.<\/li>\n<li class=\"_item_145nj_30\">FBI tilbyr 100.000 dollar i bel\u00f8nning for opplysninger som kan f\u00f8re til Nancy Guthries tilbakekomst.<\/li>\n<\/ul>\n<p>Vis mer <\/p>\n<p class=\"_paragraph_145nj_4 _paragraph_6fko5_10 layout-component text-serif-m layout-normal text-serif-m layout-padded\">TV-verten <a href=\"https:\/\/www.vg.no\/tag\/savannah-guthrie?utm_source=vg-article&amp;utm_medium=auto-tagger&amp;utm_campaign=m005wO\" class=\"_link_145nj_39\" rel=\"nofollow noopener\" target=\"_blank\">Savannah Guthrie<\/a> (54) br\u00f8t sammen i t\u00e5rer da hun ga sitt f\u00f8rste intervju siden <a href=\"https:\/\/www.vg.no\/i\/L41rLx\" data-track-element-type=\"Link\" data-track-id=\"link:L41rLx\" class=\"_link_145nj_39\" rel=\"nofollow noopener\" target=\"_blank\">moren Nancy Guthrie (84) forsvant<\/a> i januar.<\/p>\n<p class=\"_paragraph_145nj_4 _paragraph_6fko5_10 layout-component text-serif-m layout-normal text-serif-m layout-padded\">Nancy Guthrie ble sist sett p\u00e5 kvelden 31. januar da en venn slapp henne av hjemme hos seg selv i Tuscon i Arizona. Hun ble meldt savnet dagen etter. Selv om etterforskerne har funnet en <a href=\"https:\/\/www.vg.no\/i\/wrOryG\" data-track-element-type=\"Link\" data-track-id=\"link:wrOryG\" class=\"_link_145nj_39\" rel=\"nofollow noopener\" target=\"_blank\">kameravideo av en maskert person<\/a> ved inngangsd\u00f8ren hennes, har de s\u00e5 langt ingen mistenkte. <\/p>\n<p class=\"_paragraph_145nj_4 _paragraph_6fko5_10 layout-component text-serif-m layout-normal text-serif-m layout-padded\">I det f\u00f8lelseladede intervjuet forteller programlederen om da hun fikk vite av s\u00f8steren sin at moren deres hadde forsvunnet. <\/p>\n<p class=\"_paragraph_145nj_4 _paragraph_6fko5_10 layout-component text-serif-m layout-normal text-serif-m layout-padded\">\u2013 Vi trodde hun hadde hatt en slags medisinsk hendelse i l\u00f8pet av natten og at ambulansepersonellet p\u00e5 en eller annen m\u00e5te hadde kommet &#8211; fordi bakd\u00f8rene sto p\u00e5 gl\u00f8tt, forklarer hun. <\/p>\n<p class=\"_paragraph_145nj_4 _paragraph_6fko5_10 layout-component text-serif-m layout-normal text-serif-m layout-padded\">Videre understreker hun at de syntes det var merkelig, siden telefonen, vesken og alle tingene hennes fremdeles var der. <\/p>\n<p class=\"_paragraph_145nj_4 _paragraph_6fko5_10 layout-component text-serif-m layout-normal text-serif-m layout-padded\">\u2013 D\u00f8rene sto p\u00e5 gl\u00f8tt, det var blod p\u00e5 inngangsd\u00f8ren, og overv\u00e5kningskamera var revet av.<\/p>\n<p><img alt=\"Savannah Guthrie bes\u00f8kte kollegaer p\u00e5 \u00abToday\u00bb en dr\u00f8y m\u00e5ned etter morens forsvinning.   Foto: Charles Sykes \/ AP \/ NTB\" class=\"_image_jw3bv_65 layout-component layout-normal\" data-fullscreen- data-track-element-type=\"Article image fullscreen\" data-track-name=\"ImageFullscreen\" decoding=\"async\" loading=\"lazy\" height=\"3511\" itemprop=\"image\"  src=\"https:\/\/www.europesays.com\/no\/wp-content\/uploads\/2026\/03\/e1f0d976-61e6-45bb-981f-9308033b6aa2.jpeg\"  style=\"object-position:54.80349344978166% 47.835374537168896%\" width=\"5267\"\/>Savannah Guthrie bes\u00f8kte kollegaer p\u00e5 \u00abToday\u00bb en dr\u00f8y m\u00e5ned etter morens forsvinning.   Foto: Charles Sykes \/ AP \/ NTB<\/p>\n<p class=\"_paragraph_145nj_4 _paragraph_6fko5_10 layout-component text-serif-m layout-normal text-serif-m layout-padded\">Politiet mener Nancy Guthrie ble tatt fra hjemmet sitt mot sin vilje rundt klokken 02.30 natt til 1. februar. Det var tegn p\u00e5 innbrudd, og blodflekker som DNA-tester har bekreftet tilh\u00f8rer Nancy Guthrie.<\/p>\n<p>\u2013 Hvis det er p\u00e5 grunn av meg, s\u00e5 beklager jeg<\/p>\n<p class=\"_paragraph_145nj_4 _paragraph_6fko5_10 layout-component text-serif-m layout-normal text-serif-m layout-padded\">Programlederen fortalte at hun hadde snakket med broren sin, som sa at han trodde hun hadde blitt kidnappet for l\u00f8sepenger. <\/p>\n<p class=\"_paragraph_145nj_4 _paragraph_6fko5_10 layout-component text-serif-m layout-normal text-serif-m layout-padded\">\u2013 Da sa jeg: \u00abTror du det er p\u00e5 grunn av meg?\u00bb, forklarer hun. <\/p>\n<p class=\"_paragraph_145nj_4 _paragraph_6fko5_10 layout-component text-serif-m layout-normal text-serif-m layout-padded\">Under intervjuer gr\u00e5ter Guthrie da hun forteller at hun frykter hun kan v\u00e6re skyld i forsvinningen p\u00e5 grunn av hennes ber\u00f8mmelse og \u00f8konomi.<\/p>\n<p><img alt=\"Blomster, plakater og lapper ligger ved hjemmet til Nancy Guthrie 6. mars 2026.  Foto: Rebecca Noble \/ AP \/ NTB\" class=\"_image_jw3bv_65 layout-component layout-normal\" data-fullscreen- data-track-element-type=\"Article image fullscreen\" data-track-name=\"ImageFullscreen\" decoding=\"async\" loading=\"lazy\" height=\"5334\" itemprop=\"image\"  src=\"https:\/\/www.europesays.com\/no\/wp-content\/uploads\/2026\/03\/9a210d71-0371-4d27-8d9c-f2c380220f75.jpeg\"  style=\"object-position:47.06875% 47.844019497562805%\" width=\"8000\"\/>Blomster, plakater og lapper ligger ved hjemmet til Nancy Guthrie 6. mars 2026.  Foto: Rebecca Noble \/ AP \/ NTB<\/p>\n<p class=\"_paragraph_145nj_4 _paragraph_6fko5_10 layout-component text-serif-m layout-normal text-serif-m layout-padded\">\u2013 Jeg er s\u00e5 lei meg, mamma. Jeg er s\u00e5 lei meg. Hvis det er p\u00e5 grunn av meg, s\u00e5 beklager jeg s\u00e5 mye, sier hun gjennom t\u00e5rene.<\/p>\n<p class=\"_paragraph_145nj_4 _paragraph_6fko5_10 layout-component text-serif-m layout-normal text-serif-m layout-padded\">\u2013 Noen m\u00e5 gj\u00f8re det rette. Vi er i intens smerte. Det er uutholdelig, fortsatte hun.<\/p>\n<p><img alt=\"Foto: Charles Sykes \/ AP \/ NTB\" class=\"_image_jw3bv_65 layout-component layout-normal\" data-fullscreen- data-track-element-type=\"Article image fullscreen\" data-track-name=\"ImageFullscreen\" decoding=\"async\" loading=\"lazy\" height=\"2737\" itemprop=\"image\"  src=\"https:\/\/www.europesays.com\/no\/wp-content\/uploads\/2026\/03\/8201f872-3e78-45ee-baef-083b5bcdd6fa.jpeg\"  style=\"object-position:51.33950316609839% 39.44099378881988%\" width=\"4106\"\/>Foto: Charles Sykes \/ AP \/ NTB<\/p>\n<p class=\"_paragraph_145nj_4 _paragraph_6fko5_10 layout-component text-serif-m layout-normal text-serif-m layout-padded\">Sheriff Chris Nanos i Pima County har sagt at de tror at Nancy Guthrie ble angrepet, men at de ikke er \u00ab100 prosent sikre p\u00e5 det\u00bb, if\u00f8lge NBC News.<\/p>\n<p class=\"_paragraph_145nj_4 _paragraph_6fko5_10 layout-component text-serif-m layout-normal text-serif-m layout-padded\">FBI tilbyr ogs\u00e5 en bel\u00f8nning p\u00e5 100.000 dollar for Nancy Guthries tilbakekomst. Programlederen forteller at flere har sendt inn falske l\u00f8spengebrev.<\/p>\n<p class=\"_paragraph_145nj_4 _paragraph_6fko5_10 layout-component text-serif-m layout-normal text-serif-m layout-padded\">\u2013 En person som ville sende et falskt l\u00f8sepengebrev m\u00e5 virkelig se n\u00e6rmere p\u00e5 seg selv, til en familie som har f\u00e5tt betalt, sier hun.<\/p>\n<p class=\"_paragraph_145nj_4 _paragraph_6fko5_10 layout-component text-serif-m layout-normal text-serif-m layout-padded\">\u2013 Det er uutholdelig, og det hoper seg opp smerte p\u00e5 smerte. Det finnes ikke ord. Jeg forst\u00e5r det ikke, og jeg vil aldri forst\u00e5.<\/p>\n","protected":false},"excerpt":{"rendered":"\u00abToday\u00bb-programlederen \u00e5pner opp i det f\u00f8rste intervjuet etter at moren hennes forsvant. Oppdatert torsdag 26. mars kl. 21:14&hellip;\n","protected":false},"author":2,"featured_media":198134,"comment_status":"","ping_status":"","sticky":false,"template":"","format":"standard","meta":{"footnotes":"","_share_on_mastodon":"0"},"categories":[12],"tags":[20,21,2879,24,25,15,4231,22,23,13,30,28,29,14,16,16999,26,27,42,43,44,45],"class_list":["post-198133","post","type-post","status-publish","format-standard","has-post-thumbnail","category-verden","tag-breaking-news","tag-breakingnews","tag-fbi","tag-featured-news","tag-featurednews","tag-headlines","tag-kidnapping","tag-latest-news","tag-latestnews","tag-news","tag-no","tag-norge","tag-norway","tag-nyheter","tag-overskrifter","tag-savannah-guthrie","tag-top-stories","tag-topstories","tag-verden","tag-world","tag-world-news","tag-worldnews"],"share_on_mastodon":{"url":"https:\/\/pubeurope.com\/@no\/116297560607572685","error":""},"_links":{"self":[{"href":"https:\/\/www.europesays.com\/no\/wp-json\/wp\/v2\/posts\/198133","targetHints":{"allow":["GET"]}}],"collection":[{"href":"https:\/\/www.europesays.com\/no\/wp-json\/wp\/v2\/posts"}],"about":[{"href":"https:\/\/www.europesays.com\/no\/wp-json\/wp\/v2\/types\/post"}],"author":[{"embeddable":true,"href":"https:\/\/www.europesays.com\/no\/wp-json\/wp\/v2\/users\/2"}],"replies":[{"embeddable":true,"href":"https:\/\/www.europesays.com\/no\/wp-json\/wp\/v2\/comments?post=198133"}],"version-history":[{"count":0,"href":"https:\/\/www.europesays.com\/no\/wp-json\/wp\/v2\/posts\/198133\/revisions"}],"wp:featuredmedia":[{"embeddable":true,"href":"https:\/\/www.europesays.com\/no\/wp-json\/wp\/v2\/media\/198134"}],"wp:attachment":[{"href":"https:\/\/www.europesays.com\/no\/wp-json\/wp\/v2\/media?parent=198133"}],"wp:term":[{"taxonomy":"category","embeddable":true,"href":"https:\/\/www.europesays.com\/no\/wp-json\/wp\/v2\/categories?post=198133"},{"taxonomy":"post_tag","embeddable":true,"href":"https:\/\/www.europesays.com\/no\/wp-json\/wp\/v2\/tags?post=198133"}],"curies":[{"name":"wp","href":"https:\/\/api.w.org\/{rel}","templated":true}]}}