{"id":19854,"date":"2025-08-27T22:02:09","date_gmt":"2025-08-27T22:02:09","guid":{"rendered":"https:\/\/www.europesays.com\/no\/19854\/"},"modified":"2025-08-27T22:02:09","modified_gmt":"2025-08-27T22:02:09","slug":"stromsgodset-mif-knalltoffe-cupkamper-for-godset-og-mjondalen","status":"publish","type":"post","link":"https:\/\/www.europesays.com\/no\/19854\/","title":{"rendered":"Str\u00f8msgodset, MIF | Knallt\u00f8ffe cupkamper for Godset og Mj\u00f8ndalen"},"content":{"rendered":"\n<p>Mj\u00f8ndalen slo onsdag kveld ut Asker i andre runde av norgesmesterskapet i fotball for 2026.<\/p>\n<p>Dermed er b\u00e5de Mj\u00f8ndalen og Str\u00f8msgodset klare for tredje runde.<\/p>\n<ul>\n<li><b>Str\u00f8msgodset m\u00f8ter Molde p\u00e5 Marienlyst stadion.<\/b><\/li>\n<li><b>Mj\u00f8ndalen m\u00f8ter Brann p\u00e5 Consto Arena.<\/b><\/li>\n<\/ul>\n<p>Det ble klart i trekningen som ble foretatt onsdag kveld.<\/p>\n<p>\u2013 Couldn&#8217;t be better! Vi gj\u00f8r det jo som kjent vanligvis bra mot Brann, uttaler MIF-trener Kevin Nicol, if\u00f8lge klubbens sosiale medier.<\/p>\n<p>Kampene skal fortrinnsvis spilles 17. september, men NFF tar forbehold om endringer grunnet europacupspill.<\/p>\n<p>Dobbel cup i 2025<\/p>\n<p>\u00abVent litt \u2013 NM 2026?\u00bb sp\u00f8r du kanskje.<\/p>\n<p>Ja, for i \u00e5r er nemlig f\u00f8rste gang den nye versjonen av cupen spilles:<\/p>\n<p>Fra i \u00e5r skal cupen spilles fra h\u00f8st til v\u00e5r, i stedet for \u00e5 spilles gjennom kalender\u00e5ret som hittil i norsk fotballhistorie \u2013 med et lite unntak under pandemien. Endringen ble vedtatt p\u00e5 fotballtinget tidligere i \u00e5r.<\/p>\n<p>Kvalifiseringen og de tre f\u00f8rste rundene spilles sommer\/h\u00f8st og de fire siste rundene spilles fra mars til mai. Skulle Godset og\/eller Mj\u00f8ndalen ta seg videre, vil det alts\u00e5 v\u00e6re snakk om finalespill til v\u00e5ren.<\/p>\n<p>Siden NM 2026 er et overgangs\u00e5r kom ikke lagene fra Eliteserien inn f\u00f8r i 3. runde, men eliteserielagene er med fra f\u00f8rste runde fra cupen 2027.<\/p>\n<p>Omleggingen betyr ogs\u00e5 at man i 2025 b\u00e5de har den gamle cup-versjonen g\u00e5ende samtidig som den nye starter opp. Cupfinalen for NM 2025 spilles i desember, mellom Lillestr\u00f8m og Sarpsborg 08.<\/p>\n<p>Brunkledde fans husker nok med glede \u2013 og Godset-fansen med gr\u00e5t og tenners gnissel \u2013 at Mj\u00f8ndalen slo ut Godset i andre runde av 2025-cupen. Mj\u00f8ndalen r\u00f8k senere ut i fjerde runde mot Stab\u00e6k.<\/p>\n<p>  <a href=\"https:\/\/www.dt.no\/5-57-2681838\" class=\"related-teaser has-image default-story-teaser article--c-eRUmMG article--c-eRUmMG-jKCPdD-design-default\" rel=\"nofollow noopener\" target=\"_blank\"><\/p>\n<p>    <img decoding=\"async\" loading=\"lazy\"  src=\"https:\/\/www.europesays.com\/no\/wp-content\/uploads\/2025\/08\/DSC_4406.JPG\" alt=\"\" class=\"brick-c-cFOWSL\" style=\"\"\/><\/p>\n<p>\n            Les ogs\u00e5<\/p>\n<p>              Oliver (24) viste veien: \u2013 Har knekt noen koder\n        <\/p>\n<p>  <\/a><\/p>\n<p>Les mer om: artikkelemnene<\/p>\n","protected":false},"excerpt":{"rendered":"Mj\u00f8ndalen slo onsdag kveld ut Asker i andre runde av norgesmesterskapet i fotball for 2026. Dermed er b\u00e5de&hellip;\n","protected":false},"author":2,"featured_media":19855,"comment_status":"","ping_status":"","sticky":false,"template":"","format":"standard","meta":{"footnotes":""},"categories":[59],"tags":[36,3391,30,28,29,83,82,1510,3325],"class_list":{"0":"post-19854","1":"post","2":"type-post","3":"status-publish","4":"format-standard","5":"has-post-thumbnail","7":"category-sport","8":"tag-art","9":"tag-mif","10":"tag-no","11":"tag-norge","12":"tag-norway","13":"tag-sport","14":"tag-sports","15":"tag-story","16":"tag-stromsgodset"},"share_on_mastodon":{"url":"","error":""},"_links":{"self":[{"href":"https:\/\/www.europesays.com\/no\/wp-json\/wp\/v2\/posts\/19854","targetHints":{"allow":["GET"]}}],"collection":[{"href":"https:\/\/www.europesays.com\/no\/wp-json\/wp\/v2\/posts"}],"about":[{"href":"https:\/\/www.europesays.com\/no\/wp-json\/wp\/v2\/types\/post"}],"author":[{"embeddable":true,"href":"https:\/\/www.europesays.com\/no\/wp-json\/wp\/v2\/users\/2"}],"replies":[{"embeddable":true,"href":"https:\/\/www.europesays.com\/no\/wp-json\/wp\/v2\/comments?post=19854"}],"version-history":[{"count":0,"href":"https:\/\/www.europesays.com\/no\/wp-json\/wp\/v2\/posts\/19854\/revisions"}],"wp:featuredmedia":[{"embeddable":true,"href":"https:\/\/www.europesays.com\/no\/wp-json\/wp\/v2\/media\/19855"}],"wp:attachment":[{"href":"https:\/\/www.europesays.com\/no\/wp-json\/wp\/v2\/media?parent=19854"}],"wp:term":[{"taxonomy":"category","embeddable":true,"href":"https:\/\/www.europesays.com\/no\/wp-json\/wp\/v2\/categories?post=19854"},{"taxonomy":"post_tag","embeddable":true,"href":"https:\/\/www.europesays.com\/no\/wp-json\/wp\/v2\/tags?post=19854"}],"curies":[{"name":"wp","href":"https:\/\/api.w.org\/{rel}","templated":true}]}}