{"id":198603,"date":"2026-03-27T11:40:12","date_gmt":"2026-03-27T11:40:12","guid":{"rendered":"https:\/\/www.europesays.com\/no\/198603\/"},"modified":"2026-03-27T11:40:12","modified_gmt":"2026-03-27T11:40:12","slug":"nye-overtidsregler-kan-koste-ti-milliarder-i-aret-e24","status":"publish","type":"post","link":"https:\/\/www.europesays.com\/no\/198603\/","title":{"rendered":"Nye overtidsregler kan koste ti milliarder i \u00e5ret \u2013 E24"},"content":{"rendered":"\n<p class=\"_lead_iz5h7_2 _lead_u2bdr_18 layout-component layout-wide layout-padded _lead_ouxa1_5 body-large _wide_ouxa1_9\">To avgj\u00f8relser i EU-domstolen vil trolig endre norsk arbeidsliv \u2013 og kan koste arbeidsgiverne milliarder. <\/p>\n<p><img alt=\"Arbeids- og inkluderingsminister Kjersti Stenseng (Ap). \" class=\"_image_1spwq_90 layout-component layout-wide\" data-fullscreen- data-track-element-type=\"Article image fullscreen\" data-track-name=\"ImageFullscreen\" fetchpriority=\"high\" decoding=\"sync\" loading=\"eager\" height=\"5413\" itemprop=\"image\"  src=\"https:\/\/www.europesays.com\/no\/wp-content\/uploads\/2026\/03\/a7cd9a52-62da-477d-8124-d61aa4e5ec34.jpeg\"  style=\"object-position:39.67237344500554% 36.901902826528726%\" width=\"8119\"\/>Arbeids- og inkluderingsminister Kjersti Stenseng (Ap).   Foto: Ole Berg-Rusten \/ NTBVis mer<\/p>\n<ul aria-hidden=\"true\" class=\"_images_4oefz_102\">\n<li><a class=\"_link_4oefz_107\" href=\"https:\/\/e24.no\/forfatter\/emma-boe\" title=\"Emma B\u00f8\" tabindex=\"-1\" rel=\"nofollow noopener\" target=\"_blank\"><img alt=\"Bilde av Emma B\u00f8\" class=\"_image_4oefz_84\" fetchpriority=\"low\" decoding=\"async\" itemprop=\"image\" loading=\"lazy\"  src=\"https:\/\/www.europesays.com\/no\/wp-content\/uploads\/2026\/03\/1774611611_416_ffc9febb-26f8-414a-8443-8139da3aa8d6.jpeg\"  width=\"480\"\/><\/a><\/li>\n<li><a class=\"_link_4oefz_107\" href=\"https:\/\/e24.no\/forfatter\/hans-jordheim\" title=\"Hans M. Jordheim\" tabindex=\"-1\" rel=\"nofollow noopener\" target=\"_blank\"><img alt=\"Bilde av Hans M. Jordheim\" class=\"_image_4oefz_84\" fetchpriority=\"low\" decoding=\"async\" itemprop=\"image\" loading=\"lazy\"  src=\"https:\/\/www.europesays.com\/no\/wp-content\/uploads\/2026\/03\/1774611612_947_9465dabc-aad5-4532-8143-b9def63b814d.jpeg\"  width=\"480\"\/><\/a><\/li>\n<\/ul>\n<p class=\"_paragraph_iz5h7_4 _paragraph_u2bdr_27 layout-component layout-normal layout-padded body-medium\">Siden EU-domstolen slo fast at det var ulovlig forskjellsbehandling \u00e5 ikke betale overtid for merarbeidetMerarbeid er arbeidet utover den avtalte stillingsbr\u00f8ken til deltids\u00adansatte, har ogs\u00e5 to arbeidstagere i Norge vunnet frem i tingretten. <\/p>\n<p class=\"_paragraph_iz5h7_4 _paragraph_u2bdr_27 layout-component layout-normal layout-padded body-medium\">Deltids\u00adansatte ved Coop Obs Bygg og ved Sykehuset i Innlandet har begge f\u00e5tt over hundre tusen kroner tilbakebetalt i overtids\u00adbetaling, for arbeid de har jobbet mer enn sin avtalte stillings\u00adbr\u00f8k. <\/p>\n<p class=\"_paragraph_iz5h7_4 _paragraph_u2bdr_27 layout-component layout-normal layout-padded body-medium\">Dommene er ikke retts\u00adkraftige, men Arbeids- og inkluderings\u00administer Kjersti Stenseng har allerede satt i gang arbeidet med hvordan EU-avgj\u00f8relsene vil p\u00e5virke norsk arbeidsliv. <\/p>\n<p>Over ti milliarder<\/p>\n<p class=\"_paragraph_iz5h7_4 _paragraph_u2bdr_27 layout-component layout-normal layout-padded body-medium\">P\u00e5 oppdrag fra Arbeids- og inkluderings\u00addepartementet (AID), har forskningsstiftelsen Fafo sett p\u00e5 hvor mye merarbeidArbeid utover den avtalte stillingsbr\u00f8ken deltids\u00adansatte i Norge jobber.<\/p>\n<p class=\"_paragraph_iz5h7_4 _paragraph_u2bdr_27 layout-component layout-normal layout-padded body-medium\">Fafo finner ikke en n\u00f8yaktig oversikt, men ansl\u00e5r at det utf\u00f8res mellom 30.000 og 37.000 \u00e5rsverk med merabeid i Norge, hvert \u00e5r. <\/p>\n<p class=\"_paragraph_iz5h7_4 _paragraph_u2bdr_27 layout-component layout-normal layout-padded body-medium\"><strong class=\"_strong_iz5h7_25\">Dersom dette arbeidet blir betalt som overtid, vil det gi en kostnads\u00ad\u00f8kning p\u00e5 rundt ti milliarder kroner i \u00e5ret, if\u00f8lge rapporten.<\/strong><\/p>\n<ul class=\"_list_iz5h7_3 _list_u2bdr_26 _unordered_iz5h7_109 _textTheme_1yhmn_1 layout-component layout-normal layout-padded body-medium\">\n<li class=\"_item_iz5h7_34\">Rundt 60 prosent av denne kostnads\u00ad\u00f8kningen vil gjelde for offentlig sektor, hvor s\u00e6rlig skift- og turnusyrker i helse\u00adsektoren, skiller seg ut, skriver Fafo. <\/li>\n<li class=\"_item_iz5h7_34\">I privat sektor blir s\u00e6rlig detalj\u00adhandel og overnatting\/servering trukket ut som eksempler<\/li>\n<\/ul>\n<p class=\"_paragraph_iz5h7_4 _paragraph_u2bdr_27 layout-component layout-normal layout-padded body-medium\">\u00abSamtidig presiserer Fafo at dette er et teoretisk og usikkert anslag. I praksis kan kostnadene bli lavere, fordi virksomhetene trolig vil tilpasse seg\u00bb, skriver AID i en pressemelding. <\/p>\n<p class=\"_paragraph_iz5h7_4 _paragraph_u2bdr_27 layout-component layout-normal layout-padded body-medium\">Fafo peker p\u00e5 at overtids\u00adbetaling for merarbeid trolig vil f\u00f8re til mindre bruk av merarbeid, og \u00f8ke behovet for h\u00f8yere grunnbemanning eller at arbeidet organiseres annerledes. <\/p>\n<p>Dette er deltidssaken<\/p>\n<p class=\"_paragraph_iz5h7_4 _paragraph_u2bdr_27 _paragraph_1pyo9_59 layout-component layout-normal layout-padded body-small\">EU-domstolen har i to avgj\u00f8relser sl\u00e5tt fast at deltidsansatte skal f\u00e5 overtidsbetalt n\u00e5r de jobber mer enn sin stillingsprosent. Denne arbeidstiden omtales gjerne som \u00abmertid\u00bb. <\/p>\n<p class=\"_paragraph_iz5h7_4 _paragraph_u2bdr_27 _paragraph_1pyo9_59 layout-component layout-normal layout-padded body-small\">I Norge har praksis v\u00e6rt at man f\u00f8rst f\u00e5r overtidsbetalt n\u00e5r man jobber mer enn arbeidstiden til en heltidsstilling.<\/p>\n<p class=\"_paragraph_iz5h7_4 _paragraph_u2bdr_27 _paragraph_1pyo9_59 layout-component layout-normal layout-padded body-small\">I ettertid har den norske tingretten lagt til grunn den samme regelen som EU-domstolen i to avgj\u00f8relser. Disse to avgj\u00f8relsene har gitt deltidsansatte rett p\u00e5 tilbakebetalt overtidspenger for alle arbeidstimene de har jobbet utover sin stillingsprosent, de siste tre \u00e5rene. <\/p>\n<p class=\"_paragraph_iz5h7_4 _paragraph_u2bdr_27 _paragraph_1pyo9_59 layout-component layout-normal layout-padded body-small\">Ingen av dommene er rettskraftige og det er ventet at de vil ankes. <\/p>\n<p>Vis merSatt ned arbeidsgruppe<\/p>\n<p class=\"_paragraph_iz5h7_4 _paragraph_u2bdr_27 layout-component layout-normal layout-padded body-medium\">\u2013 Denne rapporten gir oss et bedre kunnskapsgrunnlag for \u00e5 ta riktige beslutninger, skriver arbeidsminister Kjersti Stenseng i pressemeldingen. <\/p>\n<p class=\"_paragraph_iz5h7_4 _paragraph_u2bdr_27 layout-component layout-normal layout-padded body-medium\">Hun sier saken om overtid for deltidsansatte kan f\u00e5 konsekvenser for norsk arbeidsliv. <\/p>\n<p class=\"_paragraph_iz5h7_4 _paragraph_u2bdr_27 layout-component layout-normal layout-padded body-medium\">Stenseng har tidligere satt ned en arbeidsgruppe som skulle se p\u00e5 hvordan EU-domstolens avgj\u00f8relser spiller inn p\u00e5 det norske regelverket. <\/p>\n<p class=\"_paragraph_iz5h7_4 _paragraph_u2bdr_27 layout-component layout-normal layout-padded body-medium\">Denne uken valgte arbeidsministeren \u00e5 endre mandatet til gruppen. Oprinnelig skulle gruppen se p\u00e5 om dagens regelverk var i tr\u00e5d med E\u00d8S-retten.<\/p>\n<p class=\"_paragraph_iz5h7_4 _paragraph_u2bdr_27 layout-component layout-normal layout-padded body-medium\"><strong class=\"_strong_iz5h7_25\">N\u00e5 skal gruppen legge til grunn at de norske reglene m\u00e5 endres. <\/strong><\/p>\n<p class=\"_paragraph_iz5h7_4 _paragraph_u2bdr_27 layout-component layout-normal layout-padded body-medium\">\u2013 Partene har en sentral rolle p\u00e5 arbeidslivsomr\u00e5det og denne m\u00e5ten \u00e5 l\u00f8se saker p\u00e5, i et samarbeid, er vi er vant til i Norge. Dette er den norske modellen i praksis.<\/p>\n","protected":false},"excerpt":{"rendered":"To avgj\u00f8relser i EU-domstolen vil trolig endre norsk arbeidsliv \u2013 og kan koste arbeidsgiverne milliarder. Arbeids- og inkluderingsminister&hellip;\n","protected":false},"author":2,"featured_media":198604,"comment_status":"","ping_status":"","sticky":false,"template":"","format":"standard","meta":{"footnotes":"","_share_on_mastodon":"0"},"categories":[10],"tags":[465,20,21,5293,279,24,25,15,22,23,13,30,28,29,14,16,26,27],"class_list":["post-198603","post","type-post","status-publish","format-standard","has-post-thumbnail","category-norge","tag-arbeidsliv","tag-breaking-news","tag-breakingnews","tag-domstol","tag-eu","tag-featured-news","tag-featurednews","tag-headlines","tag-latest-news","tag-latestnews","tag-news","tag-no","tag-norge","tag-norway","tag-nyheter","tag-overskrifter","tag-top-stories","tag-topstories"],"share_on_mastodon":{"url":"https:\/\/pubeurope.com\/@no\/116300954470929331","error":""},"_links":{"self":[{"href":"https:\/\/www.europesays.com\/no\/wp-json\/wp\/v2\/posts\/198603","targetHints":{"allow":["GET"]}}],"collection":[{"href":"https:\/\/www.europesays.com\/no\/wp-json\/wp\/v2\/posts"}],"about":[{"href":"https:\/\/www.europesays.com\/no\/wp-json\/wp\/v2\/types\/post"}],"author":[{"embeddable":true,"href":"https:\/\/www.europesays.com\/no\/wp-json\/wp\/v2\/users\/2"}],"replies":[{"embeddable":true,"href":"https:\/\/www.europesays.com\/no\/wp-json\/wp\/v2\/comments?post=198603"}],"version-history":[{"count":0,"href":"https:\/\/www.europesays.com\/no\/wp-json\/wp\/v2\/posts\/198603\/revisions"}],"wp:featuredmedia":[{"embeddable":true,"href":"https:\/\/www.europesays.com\/no\/wp-json\/wp\/v2\/media\/198604"}],"wp:attachment":[{"href":"https:\/\/www.europesays.com\/no\/wp-json\/wp\/v2\/media?parent=198603"}],"wp:term":[{"taxonomy":"category","embeddable":true,"href":"https:\/\/www.europesays.com\/no\/wp-json\/wp\/v2\/categories?post=198603"},{"taxonomy":"post_tag","embeddable":true,"href":"https:\/\/www.europesays.com\/no\/wp-json\/wp\/v2\/tags?post=198603"}],"curies":[{"name":"wp","href":"https:\/\/api.w.org\/{rel}","templated":true}]}}