{"id":19864,"date":"2025-08-27T22:17:14","date_gmt":"2025-08-27T22:17:14","guid":{"rendered":"https:\/\/www.europesays.com\/no\/19864\/"},"modified":"2025-08-27T22:17:14","modified_gmt":"2025-08-27T22:17:14","slug":"tom-jerry-og-cassini-skal-skytes-opp-fra-andoya","status":"publish","type":"post","link":"https:\/\/www.europesays.com\/no\/19864\/","title":{"rendered":"\u00abTom &#038; Jerry\u00bb og \u00abCassini\u00bb skal skytes opp fra And\u00f8ya"},"content":{"rendered":"<p>Det gj\u00f8r at ISAR blir den f\u00f8rste privat finansierte romakt\u00f8ren i Europa til \u00e5 signere kommersielle avtaler med den europeiske romfartsorganisasjonen (ESA) og EU-kommisjonen (EC), melder selskapet selv i en pressemelding onsdag.<\/p>\n<p>Avtalen inneb\u00e6rer to satellittoppskytninger fra neste \u00e5r \u2013 begge skal skytes opp fra And\u00f8ya med b\u00e6reraketten Spectrum, som ISAR utvikler og hadde f\u00f8rste testoppskyting av i april i \u00e5r.<\/p>\n<p><a href=\"https:\/\/www.vol.no\/nyheter\/i\/xmEpMR\/isar-sier-at-de-selv-valgte-aa-avbryte-rakettoppskytingen-fra-andoeya\" rel=\"nofollow noopener\" target=\"_blank\">   Avbr\u00f8t rakettoppskytinga fra And\u00f8ya: Kom utenfor planlagt kurs  <\/a> <\/p>\n<p>\u00c5pen <\/p>\n<p>Satellittene, som skal skytes opp fra And\u00f8ya Spaceport fra 2026 og utover, heter \u00abCassini\u00bb og \u00abTom &amp; Jerry\u00bb. Sistnevnte utvikles av franske Infinite Orbits, mens nederlandske ISISpace st\u00e5r bak \u00abCassini\u00bb.<\/p>\n<p>Oppskytingene er en del av initiativet \u00abFlight Ticket Initiative\u00bb. Et fellesprogram mellom EU-kommisjonen og ESAs Boost!-program, er utviklet for \u00e5 delfinansiere europeiske oppskytingstjenester.<\/p>\n<p>\u2013 Disse avtalene viser hvilken tillit europeiske institusjoner har til v\u00e5re oppskytingstjenester. Det er et viktig steg i arbeidet med \u00e5 styrke Europas uavhengige tilgang til verdensrommet, og legger grunnlaget for fremtidige institusjonelle romferder under andre programmer som European Launcher Challenge, sier administrerende direkt\u00f8r og medgr\u00fcnder av Isar Aerospace, Daniel Metzler, i pressemeldingen.<\/p>\n<p><a href=\"https:\/\/www.vol.no\/nyheter\/i\/nyqjqd\/australsk-rakett-krasj\" rel=\"nofollow noopener\" target=\"_blank\"> <img decoding=\"async\" src=\"data:image\/gif;base64,R0lGODlhEAAJAIAAAP\/\/\/wAAACH5BAEAAAAALAAAAAAQAAkAAAIKhI+py+0Po5yUFQA7\" alt=\"\"\/>   Australsk rakett-krasj  <\/a> <a href=\"https:\/\/www.vol.no\/nyheter\/i\/mPbOB1\/vil-ha-ny-romlov\" rel=\"nofollow noopener\" target=\"_blank\"> <img decoding=\"async\" src=\"data:image\/gif;base64,R0lGODlhEAAJAIAAAP\/\/\/wAAACH5BAEAAAAALAAAAAAQAAkAAAIKhI+py+0Po5yUFQA7\" alt=\"\"\/>   Vil ha ny romlov  <\/a> <a href=\"https:\/\/www.vol.no\/nyheter\/i\/kwOa0k\/isar-vil-ikke-si-noe-mer-om-rakettoppskytingen\" rel=\"nofollow noopener\" target=\"_blank\"> <img decoding=\"async\" src=\"data:image\/gif;base64,R0lGODlhEAAJAIAAAP\/\/\/wAAACH5BAEAAAAALAAAAAAQAAkAAAIKhI+py+0Po5yUFQA7\" alt=\"\"\/>   Isar vil ikke si noe mer om rakettoppskytingen  <\/a> <a href=\"https:\/\/www.vol.no\/norgeogverden\/i\/jQJ2X9\/fiskere-reagerer-paa-rakettoppskytingen-paa-andoeya\" rel=\"nofollow noopener\" target=\"_blank\"> <img decoding=\"async\" src=\"data:image\/gif;base64,R0lGODlhEAAJAIAAAP\/\/\/wAAACH5BAEAAAAALAAAAAAQAAkAAAIKhI+py+0Po5yUFQA7\" alt=\"\"\/>   Fiskere reagerer p\u00e5 rakettoppskytingen p\u00e5 And\u00f8ya  <\/a> <\/p>\n<p>\u00c5pen <\/p>\n<p><a href=\"https:\/\/www.vol.no\/nyheter\/i\/pPvkgj\/fant-hvalen-paa-forskningstokt-det-er-en-ekte-moby-dick-hval\" rel=\"nofollow noopener\" target=\"_blank\"> <img decoding=\"async\" src=\"data:image\/gif;base64,R0lGODlhEAAJAIAAAP\/\/\/wAAACH5BAEAAAAALAAAAAAQAAkAAAIKhI+py+0Po5yUFQA7\" alt=\"\"\/>   Fant hvalen p\u00e5 forskningstokt: \u2013 Det er en ekte Moby Dick-hval  <\/a> <a href=\"https:\/\/www.vol.no\/nyheter\/i\/eM4oV9\/avviser-utslipp-til-naturen-etter-raketteksplosjonen\" rel=\"nofollow noopener\" target=\"_blank\"> <img decoding=\"async\" src=\"data:image\/gif;base64,R0lGODlhEAAJAIAAAP\/\/\/wAAACH5BAEAAAAALAAAAAAQAAkAAAIKhI+py+0Po5yUFQA7\" alt=\"\"\/>   Avviser utslipp til naturen etter raketteksplosjonen  <\/a> <\/p>\n<p>\u00c5pen <\/p>\n<p><a href=\"https:\/\/www.vol.no\/nyheter\/i\/eM4oWR\/vil-skyte-opp-paa-nytt-i-loepet-av-aaret\" rel=\"nofollow noopener\" target=\"_blank\"> <img decoding=\"async\" src=\"data:image\/gif;base64,R0lGODlhEAAJAIAAAP\/\/\/wAAACH5BAEAAAAALAAAAAAQAAkAAAIKhI+py+0Po5yUFQA7\" alt=\"\"\/>   Vil skyte opp p\u00e5 nytt i l\u00f8pet av \u00e5ret  <\/a> <\/p>\n<p>\u00c5pen <\/p>\n<p><a href=\"https:\/\/www.vol.no\/nyheter\/i\/8qKoyA\/rakettdeler-ligger-stroedd-i-fjaera-isar-sjefen-var-selv-med-paa-oppryddingen\" rel=\"nofollow noopener\" target=\"_blank\"> <img decoding=\"async\" src=\"data:image\/gif;base64,R0lGODlhEAAJAIAAAP\/\/\/wAAACH5BAEAAAAALAAAAAAQAAkAAAIKhI+py+0Po5yUFQA7\" alt=\"\"\/>   Rakettdeler ligger str\u00f8dd i fj\u00e6ra: Isar-sjefen var selv med p\u00e5 oppryddingen  <\/a> <a href=\"https:\/\/www.vol.no\/nyheter\/i\/Gybgjl\/naeringsministeren-etter-raketten-en-milepael\" rel=\"nofollow noopener\" target=\"_blank\"> <img decoding=\"async\" src=\"data:image\/gif;base64,R0lGODlhEAAJAIAAAP\/\/\/wAAACH5BAEAAAAALAAAAAAQAAkAAAIKhI+py+0Po5yUFQA7\" alt=\"\"\/>   N\u00e6ringsministeren etter raketten: \u2013 En milep\u00e6l  <\/a> <\/p>\n<p>\u00c5pen <\/p>\n<p><a href=\"https:\/\/www.vol.no\/nyheter\/i\/o3Qm07\/fridde-paa-keipen-hun-sa-ja-med-et-smell\" rel=\"nofollow noopener\" target=\"_blank\"> <img decoding=\"async\" src=\"data:image\/gif;base64,R0lGODlhEAAJAIAAAP\/\/\/wAAACH5BAEAAAAALAAAAAAQAAkAAAIKhI+py+0Po5yUFQA7\" alt=\"\"\/>   Fridde p\u00e5 Keipen: \u2013 Hun sa ja med et smell   <\/a> <a href=\"https:\/\/www.vol.no\/nyheter\/i\/Ppz2lz\/isar-aerospace-etter-andoeya-oppskytingen-vil-proeve-paa-nytt-saa-raskt-som-mulig\" rel=\"nofollow noopener\" target=\"_blank\"> <img decoding=\"async\" src=\"data:image\/gif;base64,R0lGODlhEAAJAIAAAP\/\/\/wAAACH5BAEAAAAALAAAAAAQAAkAAAIKhI+py+0Po5yUFQA7\" alt=\"\"\/>   Isar Aerospace etter And\u00f8ya-oppskytingen: Vil pr\u00f8ve p\u00e5 nytt s\u00e5 raskt som mulig  <\/a> <\/p>\n<p>\u00c5pen <\/p>\n<p><a href=\"https:\/\/www.vol.no\/nyheter\/i\/xmEpMR\/isar-sier-at-de-selv-valgte-aa-avbryte-rakettoppskytingen-fra-andoeya\" rel=\"nofollow noopener\" target=\"_blank\">   Avbr\u00f8t rakettoppskytinga fra And\u00f8ya: Kom utenfor planlagt kurs  <\/a> <\/p>\n<p>\u00c5pen <\/p>\n<p><a href=\"https:\/\/www.vol.no\/nyheter\/i\/o3QmMR\/ingen-skadede-etter-at-baereraketten-spectrum-falt-ned-kort-tid-etter-oppskytingen-fra-andoeya\" rel=\"nofollow noopener\" target=\"_blank\"> <img decoding=\"async\" src=\"data:image\/gif;base64,R0lGODlhEAAJAIAAAP\/\/\/wAAACH5BAEAAAAALAAAAAAQAAkAAAIKhI+py+0Po5yUFQA7\" alt=\"\"\/>   B\u00e6reraketten Spectrum falt ned like etter oppskyting fra And\u00f8ya: \u2013 En suksess  <\/a> <\/p>\n<p>\u00c5pen <\/p>\n<p><a href=\"https:\/\/www.vol.no\/nyheter\/i\/630v30\/andoeya-space-setter-krisestab\" rel=\"nofollow noopener\" target=\"_blank\">   And\u00f8ya Spaceport setter krisestab  <\/a> <\/p>\n<p>\u00c5pen <\/p>\n<p><a href=\"https:\/\/www.vol.no\/nyheter\/i\/pPvEPj\/andoeya-kan-bli-vitne-til-historisk-rakettoppskyting-soendag\" rel=\"nofollow noopener\" target=\"_blank\"> <img decoding=\"async\" src=\"data:image\/gif;base64,R0lGODlhEAAJAIAAAP\/\/\/wAAACH5BAEAAAAALAAAAAAQAAkAAAIKhI+py+0Po5yUFQA7\" alt=\"\"\/>   Rakett falt ned &#8211; selskapet vil pr\u00f8ve igjen s\u00e5 fort som mulig  <\/a> <\/p>\n<p>\u00c5pen <\/p>\n<p><a href=\"https:\/\/www.vol.no\/nyheter\/i\/mPwnQv\/krasjet-i-bakken-aa-eksploderte\" rel=\"nofollow noopener\" target=\"_blank\"> <img decoding=\"async\" src=\"data:image\/gif;base64,R0lGODlhEAAJAIAAAP\/\/\/wAAACH5BAEAAAAALAAAAAAQAAkAAAIKhI+py+0Po5yUFQA7\" alt=\"\"\/>   Testraketten landet i havet &#8211; krisestaben er l\u00f8st opp  <\/a> <\/p>\n<p>\u00c5pen <\/p>\n","protected":false},"excerpt":{"rendered":"Det gj\u00f8r at ISAR blir den f\u00f8rste privat finansierte romakt\u00f8ren i Europa til \u00e5 signere kommersielle avtaler med&hellip;\n","protected":false},"author":2,"featured_media":19865,"comment_status":"","ping_status":"","sticky":false,"template":"","format":"standard","meta":{"footnotes":""},"categories":[12],"tags":[3396,3397,20,21,3394,24,25,15,22,23,13,30,28,29,14,16,3395,26,27,42,2452,43,44,45],"class_list":{"0":"post-19864","1":"post","2":"type-post","3":"status-publish","4":"format-standard","5":"has-post-thumbnail","7":"category-verden","8":"tag-andoya","9":"tag-andoya-spaceport","10":"tag-breaking-news","11":"tag-breakingnews","12":"tag-esa","13":"tag-featured-news","14":"tag-featurednews","15":"tag-headlines","16":"tag-latest-news","17":"tag-latestnews","18":"tag-news","19":"tag-no","20":"tag-norge","21":"tag-norway","22":"tag-nyheter","23":"tag-overskrifter","24":"tag-spectrum","25":"tag-top-stories","26":"tag-topstories","27":"tag-verden","28":"tag-verdensrommet","29":"tag-world","30":"tag-world-news","31":"tag-worldnews"},"share_on_mastodon":{"url":"","error":""},"_links":{"self":[{"href":"https:\/\/www.europesays.com\/no\/wp-json\/wp\/v2\/posts\/19864","targetHints":{"allow":["GET"]}}],"collection":[{"href":"https:\/\/www.europesays.com\/no\/wp-json\/wp\/v2\/posts"}],"about":[{"href":"https:\/\/www.europesays.com\/no\/wp-json\/wp\/v2\/types\/post"}],"author":[{"embeddable":true,"href":"https:\/\/www.europesays.com\/no\/wp-json\/wp\/v2\/users\/2"}],"replies":[{"embeddable":true,"href":"https:\/\/www.europesays.com\/no\/wp-json\/wp\/v2\/comments?post=19864"}],"version-history":[{"count":0,"href":"https:\/\/www.europesays.com\/no\/wp-json\/wp\/v2\/posts\/19864\/revisions"}],"wp:featuredmedia":[{"embeddable":true,"href":"https:\/\/www.europesays.com\/no\/wp-json\/wp\/v2\/media\/19865"}],"wp:attachment":[{"href":"https:\/\/www.europesays.com\/no\/wp-json\/wp\/v2\/media?parent=19864"}],"wp:term":[{"taxonomy":"category","embeddable":true,"href":"https:\/\/www.europesays.com\/no\/wp-json\/wp\/v2\/categories?post=19864"},{"taxonomy":"post_tag","embeddable":true,"href":"https:\/\/www.europesays.com\/no\/wp-json\/wp\/v2\/tags?post=19864"}],"curies":[{"name":"wp","href":"https:\/\/api.w.org\/{rel}","templated":true}]}}