{"id":198687,"date":"2026-03-27T12:54:30","date_gmt":"2026-03-27T12:54:30","guid":{"rendered":"https:\/\/www.europesays.com\/no\/198687\/"},"modified":"2026-03-27T12:54:30","modified_gmt":"2026-03-27T12:54:30","slug":"loppa-nyhet-evakuerer-etter-brann-i-bensinstasjon-hold-avstand-og-lukk-vinduene-2","status":"publish","type":"post","link":"https:\/\/www.europesays.com\/no\/198687\/","title":{"rendered":"Loppa, Nyhet | Evakuerer etter brann i bensinstasjon: \u2013 Hold avstand og lukk vinduene"},"content":{"rendered":"<p> (<a href=\"https:\/\/www.ifinnmark.no\" rel=\"nofollow noopener\" target=\"_blank\">iFinnmark<\/a>) <\/p>\n<p><b>OPPDATERING KL. 16:30: Det meldes om kontroll p\u00e5 brannen opp imot spredningsfare.<\/b><\/p>\n<p>  <a href=\"https:\/\/www.blv.no\/5-81-2420556\" class=\"related-teaser has-image article--c-MkAkR\" rel=\"nofollow noopener\" target=\"_blank\"><\/p>\n<p>    <img decoding=\"async\" width=\"155\"  loading=\"lazy\"  src=\"https:\/\/www.europesays.com\/no\/wp-content\/uploads\/2026\/03\/IMG_4280.jpg\" alt=\"\" class=\"brick-c-cFOWSL\" style=\"\"\/><\/p>\n<p>\n            Les ogs\u00e5<\/p>\n<p>            F\u00e5 siste nytt her\n        <\/p>\n<p>  <\/a><\/p>\n<p>Bensinstasjonen i \u00d8ksfjord st\u00e5r i full fyr. N\u00f8detatene er p\u00e5 stedet.<\/p>\n<p>\u2013 Det meldes om mye r\u00f8yk og h\u00f8ye flammer. Det har blitt opprettet en sikkerhetsavstand p\u00e5 1000 meter. Folk bes holde avstand og holde vinduene lukket, sier politiet.<\/p>\n<p>Nordsiden av Loppa, deriblant en skole og idrettshus evakueres.<\/p>\n<p>    Vil du se neste video?<\/p>\n<p>    <a href=\"https:\/\/www.blv.no\/dette-gjor-oss-lykkelig\/v\/5-9-924962\" class=\"recommend-poster\" data-adp-clicklabel=\"video-recommend\" data-adp-clickvalue=\"poster\" rel=\"nofollow noopener\" target=\"_blank\"><br \/>\n      <img decoding=\"async\" width=\"200\" height=\"200\" loading=\"lazy\" src=\"https:\/\/www.europesays.com\/no\/wp-content\/uploads\/2026\/03\/v-i-3a21219d-f066-42c4-8b00-283b1df65f6e-1.jpg\" alt=\"\" class=\"brick-c-cFOWSL\" style=\"--brick-image-ratio: 200 \/ 200;\"\/><\/p>\n<p>Dette gj\u00f8r oss lykkelig1:09<\/p>\n<p>    <\/a><\/p>\n<p>Full brann<\/p>\n<p>Kim G\u00f8ran Pedersen fra \u00d8ksfjord opplyser til iFinnmark at han selv st\u00e5r et stykke unna og ikke har full oversikt, men bekrefter at hele bensinstasjonen er overtent.<\/p>\n<p>\u2013 Coop-butikken og andre bygg i n\u00e6rheten er evakuert. Det er opprettet en omfattende sikkerhetssone rundt omr\u00e5det, og situasjonen beskrives som en fullt utviklet brann, sier han til iFinnmark.<\/p>\n<p>   <img decoding=\"async\" width=\"478\" height=\"473\" fetchpriority=\"low\"  loading=\"lazy\"  src=\"https:\/\/www.europesays.com\/no\/wp-content\/uploads\/2026\/03\/Screenshot+2026-03-26+at+15.40.51.png\" alt=\"\" class=\"brick-c-cFOWSL\" style=\"--brick-image-ratio: 478 \/ 473;\"\/><\/p>\n<p>      SIKKERHETSAVSTAND: Brannvesenet har opprettet en sikkerhetssone p\u00e5 1000 meter fra brannen. Publikum bes om \u00e5 overholde denne avstanden.<br \/>\n      Foto: Skjermdump n\u00f8dvarsel.no\n    <\/p>\n<p>P\u00e5 trygg avstand st\u00e5r ogs\u00e5 Magnor Korsg\u00e5rd og ser utover omr\u00e5det. Han forteller at stasjonsbygget der kj\u00f8pmannen hadde kontor n\u00e5 st\u00e5r i flammer. Det skal ogs\u00e5 v\u00e6re en leilighet i bygget.<\/p>\n<p>\u2013 Fy faen for noen flammer. Det er g\u00e5r noen hus og utstyr. Heldigvis er det vindstille som bare det, sier han.<\/p>\n<p>Man h\u00f8rer at det smeller i flammehavet. <\/p>\n<p><b>\u2013 Det meldes om eksplosjoner fra brannen, sier politiet.<\/b><\/p>\n<p><b>Klokken 15:31 melder Redningsselskapet at redningssk\u00f8yta Gjert Wilhelmsen er kalt ut for \u00e5 bist\u00e5 med brannen.<\/b><\/p>\n<p>F\u00e5r st\u00f8tte fra Alta<\/p>\n<p>Lokalt brannvesen er p\u00e5 stedet og har igangsatt slukking, if\u00f8lge operasjonsleder Theodor Weberg-Ellingsen.<\/p>\n<p>N\u00f8detater er ogs\u00e5 p\u00e5 vei fra Alta.<\/p>\n","protected":false},"excerpt":{"rendered":"(iFinnmark) OPPDATERING KL. 16:30: Det meldes om kontroll p\u00e5 brannen opp imot spredningsfare. Les ogs\u00e5 F\u00e5 siste nytt&hellip;\n","protected":false},"author":2,"featured_media":197892,"comment_status":"","ping_status":"","sticky":false,"template":"","format":"standard","meta":{"footnotes":"","_share_on_mastodon":"0"},"categories":[10],"tags":[36,367,20,21,24,25,15,22,23,4786,13,30,28,29,447,14,16,1510,26,27],"class_list":["post-198687","post","type-post","status-publish","format-standard","has-post-thumbnail","category-norge","tag-art","tag-brann","tag-breaking-news","tag-breakingnews","tag-featured-news","tag-featurednews","tag-headlines","tag-latest-news","tag-latestnews","tag-loppa","tag-news","tag-no","tag-norge","tag-norway","tag-nyhet","tag-nyheter","tag-overskrifter","tag-story","tag-top-stories","tag-topstories"],"share_on_mastodon":{"url":"https:\/\/pubeurope.com\/@no\/116301244941394892","error":""},"_links":{"self":[{"href":"https:\/\/www.europesays.com\/no\/wp-json\/wp\/v2\/posts\/198687","targetHints":{"allow":["GET"]}}],"collection":[{"href":"https:\/\/www.europesays.com\/no\/wp-json\/wp\/v2\/posts"}],"about":[{"href":"https:\/\/www.europesays.com\/no\/wp-json\/wp\/v2\/types\/post"}],"author":[{"embeddable":true,"href":"https:\/\/www.europesays.com\/no\/wp-json\/wp\/v2\/users\/2"}],"replies":[{"embeddable":true,"href":"https:\/\/www.europesays.com\/no\/wp-json\/wp\/v2\/comments?post=198687"}],"version-history":[{"count":0,"href":"https:\/\/www.europesays.com\/no\/wp-json\/wp\/v2\/posts\/198687\/revisions"}],"wp:featuredmedia":[{"embeddable":true,"href":"https:\/\/www.europesays.com\/no\/wp-json\/wp\/v2\/media\/197892"}],"wp:attachment":[{"href":"https:\/\/www.europesays.com\/no\/wp-json\/wp\/v2\/media?parent=198687"}],"wp:term":[{"taxonomy":"category","embeddable":true,"href":"https:\/\/www.europesays.com\/no\/wp-json\/wp\/v2\/categories?post=198687"},{"taxonomy":"post_tag","embeddable":true,"href":"https:\/\/www.europesays.com\/no\/wp-json\/wp\/v2\/tags?post=198687"}],"curies":[{"name":"wp","href":"https:\/\/api.w.org\/{rel}","templated":true}]}}