{"id":19881,"date":"2025-08-27T22:34:10","date_gmt":"2025-08-27T22:34:10","guid":{"rendered":"https:\/\/www.europesays.com\/no\/19881\/"},"modified":"2025-08-27T22:34:10","modified_gmt":"2025-08-27T22:34:10","slug":"kbk-sport-kbk-skal-nordover-i-neste-runde-i-cupen","status":"publish","type":"post","link":"https:\/\/www.europesays.com\/no\/19881\/","title":{"rendered":"KBK, Sport | KBK skal nordover i neste runde i cupen"},"content":{"rendered":"\n<p>Trekningen, som ble sendt direkte p\u00e5 TV 2 onsdag kveld, avklarte veien videre for de gjenv\u00e6rende lagene i cupen. KBK m\u00f8ter Troms\u00f8 p\u00e5 bortebane 17. eller 24. september. Endelig kamptidspunkt blir klart f\u00f8rstkommende mandag.<\/p>\n<p>Denne runden markerer inntoget for eliteserielagene, som i \u00e5r \u2013 som et overgangs\u00e5r for NM-formatet \u2013 f\u00f8rst trer inn i cupen i tredje runde. Fra 2027 vil lagene fra \u00f8verste niv\u00e5 igjen v\u00e6re med fra f\u00f8rste runde.<\/p>\n<p>Hele trekningen for tredje runde ser slik ut:<\/p>\n<p>Odd &#8211; Bod\u00f8\/Glimt<\/p>\n<p>Troms\u00f8 &#8211; Kristiansund<\/p>\n<p>Tromsdalen &#8211; Sandefjord<\/p>\n<p>Str\u00f8msgodset &#8211; Molde<\/p>\n<p>Lysekloster &#8211; Aalesund<\/p>\n<p>Haugesund &#8211; Rosenborg<\/p>\n<p>Bjarg &#8211; Stab\u00e6k<\/p>\n<p>Kjels\u00e5s &#8211; Sarpsborg 08<\/p>\n<p>Kongsvinger &#8211; KFUM<\/p>\n<p>Levanger &#8211; HamKam<\/p>\n<p>Sandnes Ulf &#8211; Lillestr\u00f8m<\/p>\n<p>Egersund &#8211; Lyn<\/p>\n<p>Brattv\u00e5g &#8211; Bryne<\/p>\n<p>V\u00e5lerenga &#8211; Fredrikstad<\/p>\n<p>Brann &#8211; Mj\u00f8ndalen<\/p>\n<p>Eik T\u00f8nsberg &#8211; Viking<\/p>\n<p>  <a href=\"https:\/\/www.tk.no\/5-51-1733168\" class=\"related-teaser has-image default-story-teaser article--c-eRUmMG article--c-eRUmMG-jKCPdD-design-default\" rel=\"nofollow noopener\" target=\"_blank\"><\/p>\n<p>    <img decoding=\"async\" loading=\"lazy\"  src=\"https:\/\/www.europesays.com\/no\/wp-content\/uploads\/2025\/08\/Rundspilt_27_august.jpg\" alt=\"\" class=\"brick-c-cFOWSL\" style=\"\"\/><\/p>\n<p>\n            Les ogs\u00e5<\/p>\n<p>              Tror p\u00e5 seier mot Brann\n        <\/p>\n<p>  <\/a><\/p>\n<p>  <a href=\"https:\/\/www.tk.no\/5-51-1732457\" class=\"related-teaser has-image default-story-teaser article--c-eRUmMG article--c-eRUmMG-jKCPdD-design-default\" rel=\"nofollow noopener\" target=\"_blank\"><\/p>\n<p>    <img decoding=\"async\" loading=\"lazy\"  src=\"https:\/\/www.europesays.com\/no\/wp-content\/uploads\/2025\/08\/1756334050_369_IMG_8581.jpg\" alt=\"\" class=\"brick-c-cFOWSL\" style=\"\"\/><\/p>\n<p>\n            Les ogs\u00e5<\/p>\n<p>              To KBK-spillere p\u00e5 U21-landslaget\n        <\/p>\n<p>  <\/a><\/p>\n<p>  <a href=\"https:\/\/www.tk.no\/5-51-1732224\" class=\"related-teaser has-image default-opinion-teaser article--c-eRUmMG article--c-eRUmMG-jKCPdD-design-default\" rel=\"nofollow noopener\" target=\"_blank\"><\/p>\n<p>    <img decoding=\"async\" loading=\"lazy\"  src=\"https:\/\/www.europesays.com\/no\/wp-content\/uploads\/2025\/08\/1756334050_992_NTB_vM8OzsvBRfA.jpg\" alt=\"\" class=\"brick-c-cFOWSL\" style=\"\"\/><\/p>\n<p>\n            Les ogs\u00e5<\/p>\n<p>              KBK var snille som ikke straffet Sarpsborg 08 mer enn de gjorde\n        <\/p>\n<p>  <\/a><\/p>\n<p>Les mer om: artikkelemnene<\/p>\n","protected":false},"excerpt":{"rendered":"Trekningen, som ble sendt direkte p\u00e5 TV 2 onsdag kveld, avklarte veien videre for de gjenv\u00e6rende lagene i&hellip;\n","protected":false},"author":2,"featured_media":4145,"comment_status":"","ping_status":"","sticky":false,"template":"","format":"standard","meta":{"footnotes":""},"categories":[59],"tags":[36,3401,92,3219,30,28,29,83,82,1510],"class_list":{"0":"post-19881","1":"post","2":"type-post","3":"status-publish","4":"format-standard","5":"has-post-thumbnail","7":"category-sport","8":"tag-art","9":"tag-cup","10":"tag-fotball","11":"tag-kbk","12":"tag-no","13":"tag-norge","14":"tag-norway","15":"tag-sport","16":"tag-sports","17":"tag-story"},"share_on_mastodon":{"url":"","error":""},"_links":{"self":[{"href":"https:\/\/www.europesays.com\/no\/wp-json\/wp\/v2\/posts\/19881","targetHints":{"allow":["GET"]}}],"collection":[{"href":"https:\/\/www.europesays.com\/no\/wp-json\/wp\/v2\/posts"}],"about":[{"href":"https:\/\/www.europesays.com\/no\/wp-json\/wp\/v2\/types\/post"}],"author":[{"embeddable":true,"href":"https:\/\/www.europesays.com\/no\/wp-json\/wp\/v2\/users\/2"}],"replies":[{"embeddable":true,"href":"https:\/\/www.europesays.com\/no\/wp-json\/wp\/v2\/comments?post=19881"}],"version-history":[{"count":0,"href":"https:\/\/www.europesays.com\/no\/wp-json\/wp\/v2\/posts\/19881\/revisions"}],"wp:featuredmedia":[{"embeddable":true,"href":"https:\/\/www.europesays.com\/no\/wp-json\/wp\/v2\/media\/4145"}],"wp:attachment":[{"href":"https:\/\/www.europesays.com\/no\/wp-json\/wp\/v2\/media?parent=19881"}],"wp:term":[{"taxonomy":"category","embeddable":true,"href":"https:\/\/www.europesays.com\/no\/wp-json\/wp\/v2\/categories?post=19881"},{"taxonomy":"post_tag","embeddable":true,"href":"https:\/\/www.europesays.com\/no\/wp-json\/wp\/v2\/tags?post=19881"}],"curies":[{"name":"wp","href":"https:\/\/api.w.org\/{rel}","templated":true}]}}