{"id":199830,"date":"2026-03-29T00:09:31","date_gmt":"2026-03-29T00:09:31","guid":{"rendered":"https:\/\/www.europesays.com\/no\/199830\/"},"modified":"2026-03-29T00:09:31","modified_gmt":"2026-03-29T00:09:31","slug":"sokte-pa-offerets-datter-og-satanistisk-mord-dagen-for-drapet","status":"publish","type":"post","link":"https:\/\/www.europesays.com\/no\/199830\/","title":{"rendered":"S\u00f8kte p\u00e5 offerets datter og \u00absatanistisk mord\u00bb dagen f\u00f8r drapet"},"content":{"rendered":"\n<p class=\"_lead_145nj_2 _lead_6fko5_53 layout-component text-serif-m layout-normal text-serif-l layout-component layout-wide layout-padded _wide_17hqh_1 layout-padded\">Nye opplysninger om siktedes internetts\u00f8k dagen f\u00f8r drapet p\u00e5 Lyngstunet helse- og omsorgssenter. <\/p>\n<p><img alt=\"Siktede blir f\u00f8rt i politibil gjennom en bakd\u00f8r p\u00e5 Lyngstunet timer etter drapet p\u00e5 Asbj\u00f8rn Lanes. Dagen f\u00f8r s\u00f8kte mannen i 50-\u00e5rene blant annet p\u00e5 offerets datter. Foto: Marius Hoe\" class=\"_image_jw3bv_65 layout-component layout-wide\" data-fullscreen- data-track-element-type=\"Article image fullscreen\" data-track-name=\"ImageFullscreen\" fetchpriority=\"high\" decoding=\"sync\" loading=\"eager\" height=\"3024\" itemprop=\"image\"  src=\"https:\/\/www.europesays.com\/no\/wp-content\/uploads\/2026\/03\/92702b49-6a4f-4366-aa7f-ee4d056f51a4.jpeg\"  style=\"object-position:0% 0%\" width=\"4752\"\/>Siktede blir f\u00f8rt i politibil gjennom en bakd\u00f8r p\u00e5 Lyngstunet timer etter drapet p\u00e5 Asbj\u00f8rn Lanes. Dagen f\u00f8r s\u00f8kte mannen i 50-\u00e5rene blant annet p\u00e5 offerets datter. Foto: Marius Hoe Oppdatert l\u00f8rdag 28. mars kl. 01:14     <\/p>\n<p class=\"_paragraph_145nj_4 _paragraph_6fko5_10 layout-component text-serif-m layout-normal text-serif-m layout-padded\">I januar kom det fram at den drapssiktede lyngsv\u00e6ringen gjorde egne \u00abunders\u00f8kelser\u00bb i forkant av drapet p\u00e5 <a href=\"https:\/\/www.vg.no\/nyheter\/i\/q6pea1\/asbjoern-80-ble-drept-verdens-beste-pappa\" data-track-element-type=\"Link\" data-track-id=\"link:q6pea1\" class=\"_link_145nj_39\" rel=\"nofollow noopener\" target=\"_blank\">Asbj\u00f8rn Lanes (80<\/a>) i november i fjor.<\/p>\n<p class=\"_paragraph_145nj_4 _paragraph_6fko5_10 layout-component text-serif-m layout-normal text-serif-m layout-padded\">I fengslingskjennelsen beskrev retten at unders\u00f8kelsene fremsto som \u00abhans vrangforestillinger og mulige motivasjon\u00bb for drapet.<\/p>\n<p class=\"_paragraph_145nj_4 _paragraph_6fko5_10 layout-component text-serif-m layout-normal text-serif-m layout-padded\">N\u00e5 velger offerets datter, Cecilie Lanes, \u00e5 fortelle offentlig om internetts\u00f8k som blant annet involverer henne selv.<\/p>\n<p><img alt=\"Cecilie og Asbj\u00f8rn Lanes p\u00e5 rommet hans ved Lyngstunet helse- og omsorgssenter. Asbj\u00f8rn ble knivdrept i samme stol 24. november i fjor.   Foto: Privat\" class=\"_image_jw3bv_65 layout-component layout-normal\" data-fullscreen- data-track-element-type=\"Article image fullscreen\" data-track-name=\"ImageFullscreen\" decoding=\"async\" loading=\"lazy\" height=\"4032\" itemprop=\"image\"  src=\"https:\/\/www.europesays.com\/no\/wp-content\/uploads\/2026\/03\/1a47832b-6afa-4dce-ba4b-d0ef04ded26b.jpeg\"  style=\"object-position:50.16534391534392% 47.60664682539682%\" width=\"3024\"\/>Cecilie og Asbj\u00f8rn Lanes p\u00e5 rommet hans ved Lyngstunet helse- og omsorgssenter. Asbj\u00f8rn ble knivdrept i samme stol 24. november i fjor.   Foto: Privat<\/p>\n<p class=\"_paragraph_145nj_4 _paragraph_6fko5_10 layout-component text-serif-m layout-normal layout-padded\"><strong class=\"_strong_145nj_25\">Les ogs\u00e5:<\/strong> <a href=\"https:\/\/www.vg.no\/i\/d4RvyX\" data-track-element-type=\"Link\" data-track-id=\"link:d4RvyX\" class=\"_link_145nj_39\" rel=\"nofollow noopener\" target=\"_blank\">Frykter nye alvor\u00adlige handlinger: Retten peker p\u00e5 under\u00ads\u00f8kelser dagen f\u00f8r drapet<\/a><\/p>\n<p>\u00abSatanistisk mord\u00bb<\/p>\n<p class=\"_paragraph_145nj_4 _paragraph_6fko5_10 layout-component text-serif-m layout-normal text-serif-m layout-padded\">Lanes har gjennomg\u00e5tt store mengder etterforskningsmateriale og sier hun fikk sjokk da hun fant sitt eget navn og bilde i papirene. <\/p>\n<p class=\"_paragraph_145nj_4 _paragraph_6fko5_10 layout-component text-serif-m layout-normal text-serif-m layout-padded\">Dagen f\u00f8r drapet, den 23. november, utf\u00f8rer siktede et navnes\u00f8k og et bildes\u00f8k p\u00e5 Cecilie Lanes. Kort tid senere kj\u00f8per han barneboka, \u00abTroll Olav\u00bb. Forfatteren av boka er Cecilie Lanes. <\/p>\n<p class=\"_paragraph_145nj_4 _paragraph_6fko5_10 layout-component text-serif-m layout-normal text-serif-m layout-padded\"><strong class=\"_strong_145nj_25\">Litt senere s\u00f8ker siktede p\u00e5 \u00abLyngen helsesenter\u00bb, f\u00f8r han, p\u00e5 YouTube denne gangen, s\u00f8ker p\u00e5 \u00absatanistisk murdermurderEngelsk for mord\u00bb. <\/strong><\/p>\n<p class=\"_paragraph_145nj_4 _paragraph_6fko5_10 layout-component text-serif-m layout-normal text-serif-m layout-padded\"><a href=\"https:\/\/www.nordlys.no\/sokte-opp-datteren-til-avdode-dagen-for-drapet-det-gikk-kaldt-ned-over-ryggen-pa-meg\/s\/5-34-2296727\" class=\"_link_145nj_39\" rel=\"nofollow noopener\" target=\"_blank\">Nordlys <\/a>har ogs\u00e5 omtalt deler av disse s\u00f8kene. <\/p>\n<p class=\"_paragraph_145nj_4 _paragraph_6fko5_10 layout-component text-serif-m layout-normal text-serif-m layout-padded\">Dagen etterp\u00e5, den 24. november, kj\u00f8rer siktede til <a href=\"https:\/\/www.vg.no\/tag\/lyngstunet?utm_source=vg-article&amp;utm_medium=auto-tagger&amp;utm_campaign=K8M6oE\" class=\"_link_145nj_39\" rel=\"nofollow noopener\" target=\"_blank\">Lyngstunet<\/a> helse- og omsorgssenter. Der har han befunnet seg tidligere p\u00e5 grunn av en relasjon til en beboer, men i l\u00f8pet av denne formiddagen mener politiet at han ber om \u00e5 f\u00e5 m\u00f8te Asbj\u00f8rn Lanes, blir sluppet inn p\u00e5 lukket avdeling og Lanes sitt rom, og knivstikker Asbj\u00f8rn Lanes en rekke ganger i brystregionen.<\/p>\n<p class=\"_paragraph_145nj_4 _paragraph_6fko5_10 layout-component text-serif-m layout-normal text-serif-m layout-padded\">Ingen var vitne til drapet. <\/p>\n<p>\u2013 Er han drept p\u00e5 grunn av meg?<\/p>\n<p class=\"_paragraph_145nj_4 _paragraph_6fko5_10 layout-component text-serif-m layout-normal text-serif-m layout-padded\">\u2013 Det ble bare verre og verre. Det var allerede ille, men det har utviklet seg til et mareritt, sier Lanes om \u00e5 lese etterforskningsmaterialet.<\/p>\n<p class=\"_paragraph_145nj_4 _paragraph_6fko5_10 layout-component text-serif-m layout-normal text-serif-m layout-padded\">\u2013 Jeg ser jo boka mi f\u00f8rst og et bilde av meg fra en tysk avisartikkel. Da gikk det kaldt nedover ryggen p\u00e5 meg. Det er vanskelig \u00e5 beskrive f\u00f8lelsen n\u00e5r jeg ser at mitt navn er knyttet til pappa sitt mord. Er han drept p\u00e5 grunn av meg?<\/p>\n<p class=\"_paragraph_145nj_4 _paragraph_6fko5_10 layout-component text-serif-m layout-normal text-serif-m layout-padded\">Cecilie er et par yngre enn siktede og begge er oppvokst i Lyngen. <\/p>\n<p class=\"_paragraph_145nj_4 _paragraph_6fko5_10 layout-component text-serif-m layout-normal text-serif-m layout-padded\">\u2013 Men jeg flyttet fra Lyngen i 1989 og etter det har jeg bare v\u00e6rt p\u00e5 bes\u00f8k. Det er skremmende \u00e5 tenke p\u00e5 at en perifer mann i mitt liv bruker meg og mitt virke som et slags springbrett til \u00e5 drepe pappa.<\/p>\n<p><img alt=\"Politiet brukte i underkant av en time p\u00e5 \u00e5 rykke ut til Lyngstunet. Da de kom fram ble de vist hvor gjerningspersonen befant seg av ansatte p\u00e5 senteret. Siktede var inne p\u00e5 et annet rom og ble p\u00e5grepet ved hjelp av elektrosjokkv\u00e5pen.   Foto: Marius Hoe\" class=\"_image_jw3bv_65 layout-component layout-normal\" data-fullscreen- data-track-element-type=\"Article image fullscreen\" data-track-name=\"ImageFullscreen\" decoding=\"async\" loading=\"lazy\" height=\"2997\" itemprop=\"image\"  src=\"https:\/\/www.europesays.com\/no\/wp-content\/uploads\/2026\/03\/1dcdaf09-745d-4ea5-89e4-123d93ed0eb5.jpeg\"  style=\"object-position:0% 0%\" width=\"4495\"\/>Politiet brukte i underkant av en time p\u00e5 \u00e5 rykke ut til Lyngstunet. Da de kom fram ble de vist hvor gjerningspersonen befant seg av ansatte p\u00e5 senteret. Siktede var inne p\u00e5 et annet rom og ble p\u00e5grepet ved hjelp av elektrosjokkv\u00e5pen.   Foto: Marius Hoe<\/p>\n<p class=\"_paragraph_145nj_4 _paragraph_6fko5_10 layout-component text-serif-m layout-normal text-serif-m layout-padded\">Siktede, som i avh\u00f8r ikke har klart \u00e5 forklare noen motiv for drapet, har v\u00e6rt varetektsfengslet siden p\u00e5gripelsen p\u00e5 Lyngstunet. Mannen ringte selv til politiet og forklarte hva han hadde gjort, og ba om bli hentet. Politiet tok i bruk elektrosjokkv\u00e5pen under p\u00e5gripelsen. <\/p>\n<p class=\"_paragraph_145nj_4 _paragraph_6fko5_10 layout-component text-serif-m layout-normal text-serif-m layout-padded\">10. mars var en rettspsykiatrisk vurdering av han skyldevne forventet ferdig, men rapporten er ikke ferdigstilt. <\/p>\n<p>Rapport utsatt til april<\/p>\n<p class=\"_paragraph_145nj_4 _paragraph_6fko5_10 layout-component text-serif-m layout-normal text-serif-m layout-padded\">Framtid i Nord har v\u00e6rt i kontakt med politiet, men har ikke f\u00e5tt en kommentar til innholdet i denne saken fra politijurist Thomas Rye Holmboe.<\/p>\n<p class=\"_paragraph_145nj_4 _paragraph_6fko5_10 layout-component text-serif-m layout-normal text-serif-m layout-padded\">Siktedes forsvarer, Ken Olav Warth, bekrefter at opplysningene om internetts\u00f8kene stemmer.<\/p>\n<p class=\"_paragraph_145nj_4 _paragraph_6fko5_10 layout-component text-serif-m layout-normal text-serif-m layout-padded\">\u2013 Men jeg \u00f8nsker ikke \u00e5 g\u00e5 inn p\u00e5 hva han har forklart om dette i avh\u00f8r. <\/p>\n<p class=\"_paragraph_145nj_4 _paragraph_6fko5_10 layout-component text-serif-m layout-normal text-serif-m layout-padded\"><strong class=\"_strong_145nj_25\">\u2013 Har dette etter din kjennskap til saken bidratt til \u00e5 komme n\u00e6rmere noe motiv for drapet?<\/strong><\/p>\n<p class=\"_paragraph_145nj_4 _paragraph_6fko5_10 layout-component text-serif-m layout-normal text-serif-m layout-padded\">\u2013 Nei, svarer Warth. <\/p>\n<p class=\"_paragraph_145nj_4 _paragraph_6fko5_10 layout-component text-serif-m layout-normal text-serif-m layout-padded\">Advokaten opplyser om at siktede fortsatt er innlagt p\u00e5 \u00c5sg\u00e5rd i Troms\u00f8. Han sier ogs\u00e5 at den rettspsykiatriske vurderingen n\u00e5 er forventet ferdigstilt i april. <\/p>\n<p>Gransker hendelsene<\/p>\n<p class=\"_paragraph_145nj_4 _paragraph_6fko5_10 layout-component text-serif-m layout-normal text-serif-m layout-padded\">Lanes ber\u00f8mmer etterforskningen til politiet:<\/p>\n<p class=\"_paragraph_145nj_4 _paragraph_6fko5_10 layout-component text-serif-m layout-normal text-serif-m layout-padded\">\u2013 De har gjort en sv\u00e6rt grundig jobb. Det er imponerende og betryggende. Avh\u00f8r ble utf\u00f8rt sv\u00e6rt effektivt og grundig av flere politibetjenter som jobbet parallelt samme dag som pappa ble drept.<\/p>\n<p class=\"_paragraph_145nj_4 _paragraph_6fko5_10 layout-component text-serif-m layout-normal text-serif-m layout-padded\">Statsforvalteren i Troms og Finnmark har \u00e5pnet tilsynssak mot <a href=\"https:\/\/www.vg.no\/nyheter\/i\/d4m5kj\/lyngen-kommune-kan-bli-etterforsket-etter-drapet-paa-80-aar-gamle-asbjoern-lanes\" data-track-element-type=\"Link\" data-track-id=\"link:d4m5kj\" class=\"_link_145nj_39\" rel=\"nofollow noopener\" target=\"_blank\">Lyngen kommune<\/a> etter drapet p\u00e5 Lyngstunet. Statsforvalteren skal unders\u00f8ke om siktede burde ha v\u00e6rt fanget opp av det kommunale apparatet eller av andre instanser f\u00f8r handlingen.<\/p>\n<p class=\"_paragraph_145nj_4 _paragraph_6fko5_10 layout-component text-serif-m layout-normal text-serif-m layout-padded\">I tillegg skal sikkerhetsrutiner p\u00e5 helsesenteret under lupen. Spesifikt bes\u00f8ksrutiner og om disse har v\u00e6rt tilstrekkelige for \u00e5 beskytte beboerne p\u00e5 Lyngstunet.<\/p>\n<p class=\"_paragraph_145nj_4 _paragraph_6fko5_10 layout-component text-serif-m layout-normal text-serif-m layout-padded\">I januar ba Cecilie Lanes politiet om \u00e5 vurdere \u00e5 etterforske om Lyngen kommune kan straffes for uaktsom medvirkning til drap.<\/p>\n<p class=\"_paragraph_145nj_4 _paragraph_6fko5_10 layout-component text-serif-m layout-normal text-serif-m layout-padded\">\u2013 Jeg ble veldig oppr\u00f8rt av \u00e5 lese om hva som hadde skjedd. Foresp\u00f8rselen om etterforskning kom p\u00e5 bakgrunn av det jeg har lest i etterforskningspapirene, sier Lanes. <\/p>\n","protected":false},"excerpt":{"rendered":"Nye opplysninger om siktedes internetts\u00f8k dagen f\u00f8r drapet p\u00e5 Lyngstunet helse- og omsorgssenter. Siktede blir f\u00f8rt i politibil&hellip;\n","protected":false},"author":2,"featured_media":199831,"comment_status":"","ping_status":"","sticky":false,"template":"","format":"standard","meta":{"footnotes":"","_share_on_mastodon":"0"},"categories":[10],"tags":[20,21,377,24,25,15,22,23,12332,19528,13,30,28,29,14,16,26,27],"class_list":["post-199830","post","type-post","status-publish","format-standard","has-post-thumbnail","category-norge","tag-breaking-news","tag-breakingnews","tag-drap","tag-featured-news","tag-featurednews","tag-headlines","tag-latest-news","tag-latestnews","tag-lyngen","tag-lyngstunet","tag-news","tag-no","tag-norge","tag-norway","tag-nyheter","tag-overskrifter","tag-top-stories","tag-topstories"],"share_on_mastodon":{"url":"https:\/\/pubeurope.com\/@no\/116309561583263994","error":""},"_links":{"self":[{"href":"https:\/\/www.europesays.com\/no\/wp-json\/wp\/v2\/posts\/199830","targetHints":{"allow":["GET"]}}],"collection":[{"href":"https:\/\/www.europesays.com\/no\/wp-json\/wp\/v2\/posts"}],"about":[{"href":"https:\/\/www.europesays.com\/no\/wp-json\/wp\/v2\/types\/post"}],"author":[{"embeddable":true,"href":"https:\/\/www.europesays.com\/no\/wp-json\/wp\/v2\/users\/2"}],"replies":[{"embeddable":true,"href":"https:\/\/www.europesays.com\/no\/wp-json\/wp\/v2\/comments?post=199830"}],"version-history":[{"count":0,"href":"https:\/\/www.europesays.com\/no\/wp-json\/wp\/v2\/posts\/199830\/revisions"}],"wp:featuredmedia":[{"embeddable":true,"href":"https:\/\/www.europesays.com\/no\/wp-json\/wp\/v2\/media\/199831"}],"wp:attachment":[{"href":"https:\/\/www.europesays.com\/no\/wp-json\/wp\/v2\/media?parent=199830"}],"wp:term":[{"taxonomy":"category","embeddable":true,"href":"https:\/\/www.europesays.com\/no\/wp-json\/wp\/v2\/categories?post=199830"},{"taxonomy":"post_tag","embeddable":true,"href":"https:\/\/www.europesays.com\/no\/wp-json\/wp\/v2\/tags?post=199830"}],"curies":[{"name":"wp","href":"https:\/\/api.w.org\/{rel}","templated":true}]}}