{"id":200034,"date":"2026-03-29T08:52:18","date_gmt":"2026-03-29T08:52:18","guid":{"rendered":"https:\/\/www.europesays.com\/no\/200034\/"},"modified":"2026-03-29T08:52:18","modified_gmt":"2026-03-29T08:52:18","slug":"krim-politiloggen-fyll-brak-og-uro","status":"publish","type":"post","link":"https:\/\/www.europesays.com\/no\/200034\/","title":{"rendered":"Krim, Politiloggen | Fyll, br\u00e5k og uro"},"content":{"rendered":"\n<p>\u2013 Det er en del folk som drikker for mye, konstaterer operasjonsleder Kirsten Haugen Bergstr\u00f8m i Tr\u00f8ndelag politidistrikt etter vakta natt til palmes\u00f8ndag.<\/p>\n<p>Sint og beruset<\/p>\n<p>Klokka 00.29 ble en mann i 20-\u00e5rene er bortvist fra Steinkjer sentrum. Mannen ble i tillegg kj\u00f8rt hjem av patruljen, etter \u00e5 ha v\u00e6rt beruset og aggressiv mot en vekter.<\/p>\n<p>I Verdal ble en bil stanset av politiet, etter \u00e5 ha spilt for h\u00f8y musikk i sentrum. Saken fikk ingen videre f\u00f8lger.<\/p>\n<p>Klammeri p\u00e5 privatfest<\/p>\n<p>I N\u00e6r\u00f8ysund fikk politiet klokka 23.36 melding om klammeri p\u00e5 en privatfest. En mann i slutten av ten\u00e5rene ble kj\u00f8rt hjem.<\/p>\n<p>Kastet ut: \u2013 Sv\u00e6rt beruset<\/p>\n<p>Klokka 00.21 bortviste patruljen en mann i 20-\u00e5rene fra Namsos sentrum.<\/p>\n<p>\u2013 Mannen var sv\u00e6rt beruset, og ble kastet ut fra et utested av vekterne p\u00e5 stedet, sier Bergstr\u00f8m.<\/p>\n<p>Br\u00e5k utenfor utested<\/p>\n<p>I R\u00f8rvik rykket politiet ut etter \u00e5 ha f\u00e5tt en melding om br\u00e5k utenfor et utested i sentrum klokka 03.42.<\/p>\n<p>\u2013 En gjest var blitt frastj\u00e5let jakke som han senere fikk tilbake. En annen ble lagt i bakken av en annen gjest, men ikke skadet, opplyser Bergstr\u00f8m. Det blir opp til forn\u00e6rmede \u00e5 vurdere om saken skal anmeldes.<\/p>\n<p>Gassflaske tok fyr<\/p>\n<p>N\u00f8detatene rykket ut til en adresse p\u00e5 B\u00f8rsa i Skaun natt til s\u00f8ndag, der det var fest i andre etasje p\u00e5 et stabbur. Her skulle festdeltakerne bruke en gammel propanflaske \u2013 men koblet den feil. Dermed antente flasken, og det oppsto en h\u00f8y flamme som strakte seg mot taket.<\/p>\n<p>\u2013 Det ble ingen personskade eller skader p\u00e5 materiell, konstaterer Bergstr\u00f8m.<\/p>\n<p>Seks bortvist fra Trondheim sentrum<\/p>\n<p>I Trondheim sentrum ble til sammen seks personer bortvist etter tre ulike meldinger om br\u00e5k og uro. Den ene skal ha vaset rundt i vegbanen, mens de andre var involvert i slagsm\u00e5l.<\/p>\n<p>Ungdommer klatret opp p\u00e5 taket p\u00e5 skole<\/p>\n<p>Klokka 04.04 fikk politiet i Tr\u00f8ndelag melding om flere ungdommer i ungdomsskolealder som var p\u00e5 taket p\u00e5 Berg skole i Trondheim. En patrulje ble sendt og fikk ned ungdommene.<\/p>\n<p>\u2013 Politiet tok en prat med ungdommene og sendte dem hjem. Foresatte ble ogs\u00e5 varslet, opplyser Bergstr\u00f8m.<\/p>\n<p>Ny fin dag i vente<\/p>\n<p>Etter en str\u00e5lende start p\u00e5 p\u00e5ska ser det ogs\u00e5 lovende ut for palmes\u00f8ndagen. Det er meldt 9 grader og en god del sol p\u00e5 Innherred, spesielt utp\u00e5 dagen. Samtidig er det meldt laber bris med vindkast opp mot 12 meter i sekundet.<\/p>\n<p>Yrs tekstvarsel for Tr\u00f8ndelag s\u00f8ndag er slik: Frisk bris mellom s\u00f8rvest og nordvest utsatte steder, f\u00f8rst p\u00e5 dagen opp i nordvest stiv kuling p\u00e5 kysten. F\u00f8rst p\u00e5 dagen enkelte regnbyger, nedb\u00f8ren som sn\u00f8 over 400-500 m. Fra i formiddag s\u00f8r og s\u00f8r\u00f8st liten kuling utsatte steder, i kveld stiv kuling p\u00e5 kysten. Stort sett skyet oppholdsv\u00e6r og perioder med sol.<\/p>\n<p>Her har det v\u00e6rt mest nedb\u00f8r det siste d\u00f8gnet:<\/p>\n<p>    Trafikken g\u00e5r som normalt<\/p>\n<p>Vegtrafikksentralen har ingen nye meldinger for Innherred.<\/p>\n<p>Slik ser det ut p\u00e5 vegene i v\u00e5rt omr\u00e5de akkurat n\u00e5:<\/p>\n<p>Dette er status p\u00e5 flytrafikken p\u00e5 V\u00e6rnes:<\/p>\n<p>    H\u00f8ye str\u00f8mpriser<\/p>\n<p>Str\u00f8mprisen bikker over en krone per kilowatt-time ogs\u00e5 i dag. Dyrest str\u00f8m er det p\u00e5 morgenen og formiddagen.<\/p>\n<p>    P\u00e5 T-A.no<\/p>\n<p>Her er noen av sakene du kan lese om p\u00e5 Tr\u00f8nder-Avisas nettsider i dag:<\/p>\n<p>Da barneskolen ble lagt ned, fryktet alle at bygda skulle d\u00f8. I stedet har det motsatte skjedd.<\/p>\n<p>  <a href=\"https:\/\/www.t-a.no\/5-116-2320414\" class=\"related-teaser has-image article--c-MkAkR\" rel=\"nofollow noopener\" target=\"_blank\"><\/p>\n<p>    <img decoding=\"async\" width=\"155\"  loading=\"lazy\"  src=\"https:\/\/www.europesays.com\/no\/wp-content\/uploads\/2026\/03\/DSC_6193.JPG\" alt=\"\" class=\"brick-c-cFOWSL\" style=\"\"\/><\/p>\n<p>\n            Les ogs\u00e5<\/p>\n<p>            Bygda som nektet \u00e5 d\u00f8\n        <\/p>\n<p>  <\/a><\/p>\n<p>Ni tusen f\u00f8lgere, \u00e5r med arbeid og et helt nettverk ble borte da kontoen til Ylva St\u00f8re Myhre ble stengt.<\/p>\n<p>  <a href=\"https:\/\/www.t-a.no\/5-116-2325378\" class=\"related-teaser has-image article--c-MkAkR\" rel=\"nofollow noopener\" target=\"_blank\"><\/p>\n<p>    <img decoding=\"async\" width=\"155\"  loading=\"lazy\"  src=\"https:\/\/www.europesays.com\/no\/wp-content\/uploads\/2026\/03\/Ylva2.jpeg\" alt=\"\" class=\"brick-c-cFOWSL\" style=\"\"\/><\/p>\n<p>\n            Les ogs\u00e5<\/p>\n<p>            Ylvas (24) livsverk forsvant p\u00e5 et blunk: \u2013 Jeg ble helt svett\n        <\/p>\n<p>  <\/a><\/p>\n<p>  <a data-static=\"\" href=\"#skip-\" class=\"brick-c-fgNmNC\">Hopp over karusellen.<\/a><\/p>\n<p data-static=\"\" class=\"brick-c-fgNmNC\" id=\"carousel-title-\">Innholdskarusell med 6 artikler.<\/p>\n<ul data-static=\"\" aria-label=\"Navigasjon for innholdskarusell\" class=\"carousel-nav\">\n<li>\n<\/li>\n<li>\n<\/li>\n<\/ul>\n","protected":false},"excerpt":{"rendered":"\u2013 Det er en del folk som drikker for mye, konstaterer operasjonsleder Kirsten Haugen Bergstr\u00f8m i Tr\u00f8ndelag politidistrikt&hellip;\n","protected":false},"author":2,"featured_media":3842,"comment_status":"","ping_status":"","sticky":false,"template":"","format":"standard","meta":{"footnotes":"","_share_on_mastodon":"0"},"categories":[10],"tags":[36,20,21,24,25,15,983,22,23,739,13,30,28,29,14,16,782,984,1510,26,27],"class_list":["post-200034","post","type-post","status-publish","format-standard","has-post-thumbnail","category-norge","tag-art","tag-breaking-news","tag-breakingnews","tag-featured-news","tag-featurednews","tag-headlines","tag-krim","tag-latest-news","tag-latestnews","tag-morgenrapport","tag-news","tag-no","tag-norge","tag-norway","tag-nyheter","tag-overskrifter","tag-politiloggen","tag-steinkjer","tag-story","tag-top-stories","tag-topstories"],"share_on_mastodon":{"url":"https:\/\/pubeurope.com\/@no\/116311618068951356","error":""},"_links":{"self":[{"href":"https:\/\/www.europesays.com\/no\/wp-json\/wp\/v2\/posts\/200034","targetHints":{"allow":["GET"]}}],"collection":[{"href":"https:\/\/www.europesays.com\/no\/wp-json\/wp\/v2\/posts"}],"about":[{"href":"https:\/\/www.europesays.com\/no\/wp-json\/wp\/v2\/types\/post"}],"author":[{"embeddable":true,"href":"https:\/\/www.europesays.com\/no\/wp-json\/wp\/v2\/users\/2"}],"replies":[{"embeddable":true,"href":"https:\/\/www.europesays.com\/no\/wp-json\/wp\/v2\/comments?post=200034"}],"version-history":[{"count":0,"href":"https:\/\/www.europesays.com\/no\/wp-json\/wp\/v2\/posts\/200034\/revisions"}],"wp:featuredmedia":[{"embeddable":true,"href":"https:\/\/www.europesays.com\/no\/wp-json\/wp\/v2\/media\/3842"}],"wp:attachment":[{"href":"https:\/\/www.europesays.com\/no\/wp-json\/wp\/v2\/media?parent=200034"}],"wp:term":[{"taxonomy":"category","embeddable":true,"href":"https:\/\/www.europesays.com\/no\/wp-json\/wp\/v2\/categories?post=200034"},{"taxonomy":"post_tag","embeddable":true,"href":"https:\/\/www.europesays.com\/no\/wp-json\/wp\/v2\/tags?post=200034"}],"curies":[{"name":"wp","href":"https:\/\/api.w.org\/{rel}","templated":true}]}}