{"id":200060,"date":"2026-03-29T09:22:18","date_gmt":"2026-03-29T09:22:18","guid":{"rendered":"https:\/\/www.europesays.com\/no\/200060\/"},"modified":"2026-03-29T09:22:18","modified_gmt":"2026-03-29T09:22:18","slug":"morgenrapport-politi-bortviste-mann-i-20-arene-fra-namsos-sentrum-svaert-beruset","status":"publish","type":"post","link":"https:\/\/www.europesays.com\/no\/200060\/","title":{"rendered":"Morgenrapport, Politi | Bortviste mann i 20-\u00e5rene fra Namsos sentrum: \u2013 Sv\u00e6rt beruset"},"content":{"rendered":"\n<p><b>R\u00d8RVIK\/NAMSOS\/KOLVEREID<\/b>: Det ble meldt om br\u00e5k utenfor et utested i R\u00f8rvik sentrum i 03-tida i natt.<\/p>\n<p>En gjest var blitt frastj\u00e5let en jakke, som han senere fikk tilbake. En annen ble lagt i bakken av en annen gjest, men ble ikke skadet.<\/p>\n<p>\u2013 Forn\u00e6rmede m\u00e5 selv vurdere anmeldelse i etterkant.<\/p>\n<p>Det opplyser operasjonsleder Kirsten Bergstr\u00f8m i Tr\u00f8ndelag politidistrikt.<\/p>\n<p><b>En patrulje bortviste<\/b> en mann i 20-\u00e5rene fra Namsos sentrum klokka 00.21. If\u00f8lge politiet skal han ha v\u00e6rt sv\u00e6rt beruset.<\/p>\n<p>\u2013 Han ble kastet ut fra et utested av vektere p\u00e5 stedet, sier Bergstr\u00f8m.<\/p>\n<p><b>En mann i slutten av ten\u00e5rene <\/b>ble kj\u00f8rt hjem av en patrulje fra en privatfest p\u00e5 Kolvereid. Mannen skal ha v\u00e6rt i klammeri med andre festdeltakere. Hendelsen skjedde klokka 23.36.<\/p>\n<p>Tr\u00f8ndelag<\/p>\n<p><b>En mann i 20-\u00e5rene<\/b> ble bortvist fra Steinkjer sentrum. Han ble kj\u00f8rt hjem av patruljen. Mannen skal ha v\u00e6rt beruset og aggressiv mot vekter. Det skriver politiet klokka 00.29.<\/p>\n<p><b>En mann i 20-\u00e5rene<\/b> blir anmeldt for kj\u00f8ring uten gyldig f\u00f8rerkort og kj\u00f8ring i p\u00e5virket tilstand. Han ble ogs\u00e5 bortvist fra Trondheim sentrum.<\/p>\n<p><b>En UP-patrulje har beslaglagt<\/b> f\u00f8rerkortet til en mannlig f\u00f8rer i 20-\u00e5rene. Han ble m\u00e5lt til 121 km\/t i 80-sone p\u00e5 E6 Ranheim.<\/p>\n<p><b>Klokka 03.00 fikk politiet<\/b> melding om sl\u00e5ssing utenfor et utested i Trondheim sentrum. To menn i slutten av ten\u00e5rene ble bortvist fra sentrum. Han ene hadde et kutt over \u00f8yet.<\/p>\n<p><b>Tre menn i 20-\u00e5rene<\/b> ble bortvist fra Trondheim sentrum klokka 04.30. De skal ha v\u00e6rt i klammeri med andre gjester p\u00e5 et utested og kommet med trusler.<\/p>\n<p><b>Politiet fikk melding <\/b>om flere ungdommer i ungdomsskolealder, som var p\u00e5 taket p\u00e5 en skole. En patrulje ble sendt, og de fikk ned ungdommene. Patruljen tok en prat med ungdommene og sendte de hjem. Foresatte ble varslet.<\/p>\n<p>V\u00e6ret<\/p>\n<p>Her er meteorologens tekstvarsel for Tr\u00f8ndelag s\u00f8ndag:<\/p>\n<p>\u00abFrisk bris mellom s\u00f8rvest og nordvest utsatte steder, f\u00f8rst p\u00e5 dagen opp i nordvest stiv kuling p\u00e5 kysten. F\u00f8rst p\u00e5 dagen enkelte regnbyger, nedb\u00f8ren som sn\u00f8 over 400-500 m. Fra i formiddag s\u00f8r og s\u00f8r\u00f8st liten kuling utsatte steder, i kveld stiv kuling p\u00e5 kysten. Stort sett skyet oppholdsv\u00e6r og perioder med sol.\u00bb<\/p>\n<p>    Dagens str\u00f8mpriser<\/p>\n<p>    Les i NA i dag<\/p>\n<p>Som ti\u00e5ring syntes Elias Adde Viken at pubstemninga i England var litt skummel. N\u00e5 nyter 23-\u00e5ringen livet som pubvert i heimbyen \u2013 og bor som seg h\u00f8r og b\u00f8r rett over utestedet.<\/p>\n<p>  <a href=\"https:\/\/www.namdalsavisa.no\/5-121-1550864\" class=\"related-teaser has-image article--c-MkAkR\" rel=\"nofollow noopener\" target=\"_blank\"><\/p>\n<p>    <img decoding=\"async\" width=\"155\"  loading=\"lazy\"  src=\"https:\/\/www.europesays.com\/no\/wp-content\/uploads\/2026\/03\/elias+viken004.JPG\" alt=\"\" class=\"brick-c-cFOWSL\" style=\"\"\/><\/p>\n<p>\n            Les ogs\u00e5<\/p>\n<p>            Norges yngste (?) pubvert tar den helt ut \u2013 bor p\u00e5 \u00abloftet\u00bb: \u2013 Jeg elsker engelske puber\n        <\/p>\n<p>  <\/a><\/p>\n<p>Han har v\u00e6rt banksjef og r\u00e5dgiver i en mannsalder. Fredag hadde Jo Morten Aunet (65) sin siste dag p\u00e5 jobb etter en lang og innholdsrik yrkeskarriere.<\/p>\n<p>  <a href=\"https:\/\/www.namdalsavisa.no\/5-121-1550998\" class=\"related-teaser has-image article--c-MkAkR\" rel=\"nofollow noopener\" target=\"_blank\"><\/p>\n<p>    <img decoding=\"async\" width=\"155\"  loading=\"lazy\"  src=\"https:\/\/www.europesays.com\/no\/wp-content\/uploads\/2026\/03\/jo+morten002.JPG\" alt=\"\" class=\"brick-c-cFOWSL\" style=\"\"\/><\/p>\n<p>\n            Les ogs\u00e5<\/p>\n<p>            Etter 45 \u00e5r takker Jo Morten (65) av: \u2013 F\u00f8les litt rart\n        <\/p>\n<p>  <\/a><\/p>\n<p>Hunden reagerte p\u00e5 skraping fra pipa. Men Birger og Ingunn skj\u00f8nte ikke helt hva det var. S\u00e5 h\u00f8rte de uglelyder fra ovnsr\u00f8ret.<\/p>\n<p>  <a href=\"https:\/\/www.namdalsavisa.no\/5-121-1551112\" class=\"related-teaser has-image article--c-MkAkR\" rel=\"nofollow noopener\" target=\"_blank\"><\/p>\n<p>    <img decoding=\"async\" width=\"155\"  loading=\"lazy\"  src=\"https:\/\/www.europesays.com\/no\/wp-content\/uploads\/2026\/03\/IMG_BEA4D26C8773-1.jpeg\" alt=\"\" class=\"brick-c-cFOWSL\" style=\"\"\/><\/p>\n<p>\n            Les ogs\u00e5<\/p>\n<p>            Ugle satt fast i pipe: \u2013 Mye fram og tilbake\n        <\/p>\n<p>  <\/a><\/p>\n<p>Aldri f\u00f8r har revyfestivalen p\u00e5 H\u00f8ylandet generert mer penger til de frivillige. L\u00f8rdag ble rekordsummen delt ut til 15 lag og foreninger.<\/p>\n<p>  <a href=\"https:\/\/www.namdalsavisa.no\/5-121-1551159\" class=\"related-teaser has-image article--c-MkAkR\" rel=\"nofollow noopener\" target=\"_blank\"><\/p>\n<p>    <img decoding=\"async\" width=\"155\"  loading=\"lazy\"  src=\"https:\/\/www.europesays.com\/no\/wp-content\/uploads\/2026\/03\/utdeling+%283+of+3%29.jpg\" alt=\"\" class=\"brick-c-cFOWSL\" style=\"\"\/><\/p>\n<p>\n            Les ogs\u00e5<\/p>\n<p>            Fikk tidenes overraskelse: \u2013 Hele laget er i sving\n        <\/p>\n<p>  <\/a><br \/>\n  Innenriks- og utenriksnyheter<\/p>\n<p><b>18-\u00e5ring p\u00e5grepet og siktet for drapsfors\u00f8k etter voldshendelse fredag<\/b><\/p>\n<p>Politiet har p\u00e5grepet en ny ung mann (18) i forbindelse med at en ten\u00e5ring ble utsatt for en voldshendelse i Sandnes fredag kveld. 18-\u00e5ringen ble p\u00e5grepet like f\u00f8r klokka 20.30 l\u00f8rdag kveld.<\/p>\n<p>\u2013 Mannen er siktet for drapsfors\u00f8k, sier politiadvokat Unni Byberg Malmin.<\/p>\n<p>Politiet p\u00e5grep en annen 18 \u00e5r gammel mann som ble siktet for kroppsskade, fredag.<\/p>\n<p>\u2013 Han har forklart seg om sine bevegelser, og politiet har gjort ytterligere etterforskningsskritt. Det er ikke grunnlag for \u00e5 opprettholde siktelsen, og han er derfor l\u00f8slatt, sier politiadvokaten i en pressemelding l\u00f8rdag kveld.<\/p>\n<p>Det skriver <a href=\"https:\/\/www.nrk.no\/rogaland\/nyheter-fra-rogaland-1.16603632\" rel=\"Follow nofollow noopener\" target=\"_blank\">NRK<\/a>, som s\u00e5 langt ikke har lyktes med \u00e5 f\u00e5 en kommentar fra 18-\u00e5ringens forsvarer.<\/p>\n<p><b>Kraftig brann i leilighetsbygg i L\u00f8renskog<\/b><\/p>\n<p>N\u00f8detatene er p\u00e5 stedet etter melding om brann i en leilighet i tredje etasje i et leilighetsbygg i L\u00f8renskog.<\/p>\n<p>\u2013 Det skal v\u00e6re kraftig brann p\u00e5 stedet. Beboer i aktuell leilighet skal v\u00e6re ute. Brann og politi jobber med \u00e5 evakuere \u00f8vrige beboere, skriver \u00d8st politidistrikt.<\/p>\n<p>Det skriver <a href=\"https:\/\/www.tv2.no\/direkte\/jpybz\/siste-nytt\/69c8bd4633024c600d60a113\/kraftig-brann-i-leilighetsbygg-i-lorenskog\" rel=\"Follow nofollow noopener\" target=\"_blank\">TV 2<\/a>.<\/p>\n<p><b>Israelsk soldat drept i S\u00f8r-Libanon<\/b><\/p>\n<p>Det israelske milit\u00e6ret (IDF) opplyser s\u00f8ndag morgen at en av deres soldater ble drept i kamper mot Hizbollah i S\u00f8r-Libanon.<\/p>\n<p>Soldaten var 22 \u00e5r gammel og amerikansk-israelsk.<\/p>\n<p>I den samme hendelsen ble tre andre IDF-soldater skadet.<\/p>\n<p>Samtidig rapporterer libanesiske helsemyndigheter at minst 10 personer ble drept i israelske luftangrep mot byene Deir al-Zahrani og Kfartebnit l\u00f8rdag, skriver <a href=\"https:\/\/www.nrk.no\/nyheter\/libanon-1.11546244\" rel=\"Follow nofollow noopener\" target=\"_blank\">NRK<\/a>.<\/p>\n","protected":false},"excerpt":{"rendered":"R\u00d8RVIK\/NAMSOS\/KOLVEREID: Det ble meldt om br\u00e5k utenfor et utested i R\u00f8rvik sentrum i 03-tida i natt. En gjest&hellip;\n","protected":false},"author":2,"featured_media":3063,"comment_status":"","ping_status":"","sticky":false,"template":"","format":"standard","meta":{"footnotes":"","_share_on_mastodon":"0"},"categories":[10],"tags":[36,20,21,24,25,15,22,23,739,3158,13,30,28,29,14,16,254,1510,26,27],"class_list":["post-200060","post","type-post","status-publish","format-standard","has-post-thumbnail","category-norge","tag-art","tag-breaking-news","tag-breakingnews","tag-featured-news","tag-featurednews","tag-headlines","tag-latest-news","tag-latestnews","tag-morgenrapport","tag-namdalen","tag-news","tag-no","tag-norge","tag-norway","tag-nyheter","tag-overskrifter","tag-politi","tag-story","tag-top-stories","tag-topstories"],"share_on_mastodon":{"url":"https:\/\/pubeurope.com\/@no\/116311736059454246","error":""},"_links":{"self":[{"href":"https:\/\/www.europesays.com\/no\/wp-json\/wp\/v2\/posts\/200060","targetHints":{"allow":["GET"]}}],"collection":[{"href":"https:\/\/www.europesays.com\/no\/wp-json\/wp\/v2\/posts"}],"about":[{"href":"https:\/\/www.europesays.com\/no\/wp-json\/wp\/v2\/types\/post"}],"author":[{"embeddable":true,"href":"https:\/\/www.europesays.com\/no\/wp-json\/wp\/v2\/users\/2"}],"replies":[{"embeddable":true,"href":"https:\/\/www.europesays.com\/no\/wp-json\/wp\/v2\/comments?post=200060"}],"version-history":[{"count":0,"href":"https:\/\/www.europesays.com\/no\/wp-json\/wp\/v2\/posts\/200060\/revisions"}],"wp:featuredmedia":[{"embeddable":true,"href":"https:\/\/www.europesays.com\/no\/wp-json\/wp\/v2\/media\/3063"}],"wp:attachment":[{"href":"https:\/\/www.europesays.com\/no\/wp-json\/wp\/v2\/media?parent=200060"}],"wp:term":[{"taxonomy":"category","embeddable":true,"href":"https:\/\/www.europesays.com\/no\/wp-json\/wp\/v2\/categories?post=200060"},{"taxonomy":"post_tag","embeddable":true,"href":"https:\/\/www.europesays.com\/no\/wp-json\/wp\/v2\/tags?post=200060"}],"curies":[{"name":"wp","href":"https:\/\/api.w.org\/{rel}","templated":true}]}}