{"id":20057,"date":"2025-08-28T06:35:12","date_gmt":"2025-08-28T06:35:12","guid":{"rendered":"https:\/\/www.europesays.com\/no\/20057\/"},"modified":"2025-08-28T06:35:12","modified_gmt":"2025-08-28T06:35:12","slug":"jeg-haper-pa-jobb-neste-uke","status":"publish","type":"post","link":"https:\/\/www.europesays.com\/no\/20057\/","title":{"rendered":"\u2013 Jeg h\u00e5per p\u00e5 jobb neste uke"},"content":{"rendered":"\n<ul class=\"_list_1bvmi_3 _list_1flq1_85 _unordered_1bvmi_99 text-sans-m\">\n<li class=\"_item_1bvmi_30\">Nav har stanset alle truckf\u00f8rerkurs ut \u00e5ret p\u00e5 grunn av budsjettoverskridelser.<\/li>\n<li class=\"_item_1bvmi_30\">Ivana Stolic (34) fra Jessheim er blant de siste som f\u00e5r ta truckf\u00f8rerkurset og h\u00e5per det gir henne ny jobb snart.<\/li>\n<li class=\"_item_1bvmi_30\">Ivana mistet tidligere jobben som barnehageassistent og har s\u00f8kt 40 nye jobber siden juni.<\/li>\n<li class=\"_item_1bvmi_30\">Assista Oppl\u00e6ring kritiserer stansen og mener kursene er en effektiv vei inn i arbeidslivet.<\/li>\n<\/ul>\n<p>Vis mer <\/p>\n<p class=\"_paragraph_1bvmi_4 _paragraph_xtcu6_10 layout-component text-serif-m layout-normal text-serif-m layout-padded\">Ivana Stolic (31) fra Jessheim er en av de siste som f\u00e5r ta truckf\u00f8rerkurs gjennom <a href=\"https:\/\/www.vg.no\/tag\/nav?utm_source=vg-article&amp;utm_medium=auto-tagger&amp;utm_campaign=nydGQd\" class=\"_link_1bvmi_39\" rel=\"nofollow noopener\" target=\"_blank\">Nav<\/a> p\u00e5 Kl\u00f8fta i \u00e5r etter at den lokale oppl\u00e6ringsbedriften tidligere i august fikk beskjed om at det blir frys i kurs ut \u00e5ret.<\/p>\n<p class=\"_paragraph_1bvmi_4 _paragraph_xtcu6_10 layout-component text-serif-m layout-normal text-serif-m layout-padded\"><strong class=\"_strong_1bvmi_25\">N\u00e5 h\u00e5per tobarnsmoren at det skal gi henne en vei inn i arbeidslivet \u2013 f\u00f8r d\u00f8ren lukkes for andre i samme situasjon.<\/strong><\/p>\n<p class=\"_paragraph_1bvmi_4 _paragraph_xtcu6_10 layout-component text-serif-m layout-normal text-serif-m layout-padded\">\u2013 Jeg er veldig glad og heldig at jeg fikk plass. Og at jeg skal f\u00e5 truckf\u00f8rerbeviset. Men jeg er veldig lei meg for de andre som kanskje kommer til \u00e5 miste jobben, eller har mistet jobben, og som ikke skal ha samme sjanse som jeg har, sier Ivana.<\/p>\n<p><img alt=\"P\u00c5 SKOLEBENKEN: Det er mye teori som skal gjennomg\u00e5s.   Foto: Espen Sj\u00f8lingstad Hoen \/ VG\" class=\"_image_qp4xg_65 layout-component layout-normal\" data-fullscreen- data-track-element-type=\"Article image fullscreen\" data-track-name=\"ImageFullscreen\" decoding=\"async\" loading=\"lazy\" height=\"4832\" itemprop=\"image\"  src=\"https:\/\/www.europesays.com\/no\/wp-content\/uploads\/2025\/08\/3d5cf857-64b5-49b3-833f-c2f5d2b771f2\"  style=\"object-position:0% 0%\" width=\"7244\"\/>P\u00c5 SKOLEBENKEN: Det er mye teori som skal gjennomg\u00e5s.   Foto: Espen Sj\u00f8lingstad Hoen \/ VG<\/p>\n<p class=\"_paragraph_1bvmi_4 _paragraph_xtcu6_10 layout-component text-serif-m layout-normal text-serif-m layout-padded\">Hun har bodd i Norge i nesten \u00e5tte \u00e5r, med mann og to barn. Hun og mannen kommer opprinnelig fra Serbia. De siste fire \u00e5rene har hun jobbet som ufagl\u00e6rt barnehageassistent. <\/p>\n<p class=\"_paragraph_1bvmi_4 _paragraph_xtcu6_10 layout-component text-serif-m layout-normal text-serif-m layout-padded\">For tre m\u00e5neder siden mistet hun jobben fordi det var for f\u00e5 barn i barnehagen.<\/p>\n<p class=\"_paragraph_1bvmi_4 _paragraph_xtcu6_10 layout-component text-serif-m layout-normal text-serif-m layout-padded\">\u2013 Jeg la merke til at det er litt vanskelig \u00e5 f\u00e5 fast jobb uten fagbrev. Alle \u00f8nsker seg en fast jobb, og det er jo bra. S\u00e5 jeg h\u00e5per at jeg finner meg en jobb. For man m\u00e5 jo ha den tryggheten, spesielt i dag. Jeg kan ikke hele tiden tenke: Har jeg jobb eller ikke? Det er ogs\u00e5 en av grunnene til at jeg vil pr\u00f8ve p\u00e5 noe nytt, forteller hun.<\/p>\n<p><img alt=\"TUNGE L\u00d8FT: Ivana ser p\u00e5 trucken som kan l\u00f8fte inntil 10 tonn.   Foto: Espen Sj\u00f8lingstad Hoen \/ VG\" class=\"_image_qp4xg_65 layout-component layout-normal\" data-fullscreen- data-track-element-type=\"Article image fullscreen\" data-track-name=\"ImageFullscreen\" decoding=\"async\" loading=\"lazy\" height=\"4482\" itemprop=\"image\"  src=\"https:\/\/www.europesays.com\/no\/wp-content\/uploads\/2025\/08\/4cc9a93f-6d43-4c9a-ab03-e11a72e7069e\"  style=\"object-position:0% 0%\" width=\"5973\"\/>TUNGE L\u00d8FT: Ivana ser p\u00e5 trucken som kan l\u00f8fte inntil 10 tonn.   Foto: Espen Sj\u00f8lingstad Hoen \/ VGNav stenger d\u00f8ren<\/p>\n<p class=\"_paragraph_1bvmi_4 _paragraph_xtcu6_10 layout-component text-serif-m layout-normal text-serif-m layout-padded\">Nav har n\u00e5 \u00abfrosset\u00bb slike truckf\u00f8rerkurs ut \u00e5ret p\u00e5 grunn av budsjettoverskridelser og lavt inntak. For Ivana betyr det at hun er blant de siste som f\u00e5r denne muligheten.<\/p>\n<p class=\"_paragraph_1bvmi_4 _paragraph_xtcu6_10 layout-component text-serif-m layout-normal text-serif-m layout-padded\">\u2013 Jeg synes Nav har v\u00e6rt veldig hjelpsomme. Dette kurset skal hjelpe meg \u00e5 komme meg raskere i jobb, og gj\u00f8re meg litt mer aktuell p\u00e5 arbeidsmarkedet. Og ja, det vil hjelpe mye. Jeg h\u00e5per \u00e5 kanskje starte i ny jobb fra neste uke, sier hun.<\/p>\n<p class=\"_paragraph_1bvmi_4 _paragraph_xtcu6_10 layout-component text-serif-m layout-normal text-serif-m layout-padded\">Ivana har sendt rundt 40 jobbs\u00f8knader siden juni, b\u00e5de til barnehager og lagerjobber. Hun har allerede s\u00f8kt p\u00e5 flere lagerjobber p\u00e5 Gardermoen, og venter spent p\u00e5 svar. <\/p>\n<p>Hvorfor har Nav stoppet kursene? <\/p>\n<p class=\"_paragraph_1bvmi_4 _paragraph_xtcu6_10 _paragraph_16v91_10 layout-component text-serif-m layout-normal text-sans-m layout-padded\">Nav har brukt mer penger enn planlagt p\u00e5 slike kurs i \u00e5r, og derfor har de bestemt at det ikke blir flere truckf\u00f8rerkurs f\u00f8r neste \u00e5r. <\/p>\n<p class=\"_paragraph_1bvmi_4 _paragraph_xtcu6_10 _paragraph_16v91_10 layout-component text-serif-m layout-normal text-sans-m layout-padded\"><strong class=\"_strong_1bvmi_25\">Hvem rammes av dette?<\/strong> Personer som er arbeidsledige og hadde h\u00e5pet \u00e5 ta truckf\u00f8rerkurs gjennom Nav, f\u00e5r n\u00e5 ikke denne muligheten f\u00f8r tidligst neste \u00e5r. <\/p>\n<p class=\"_paragraph_1bvmi_4 _paragraph_xtcu6_10 _paragraph_16v91_10 layout-component text-serif-m layout-normal text-sans-m layout-padded\"><strong class=\"_strong_1bvmi_25\">Hvorfor er dette viktig? <\/strong>For mange som har mistet jobben eller ikke har utdanning, kan truckf\u00f8rerkurs v\u00e6re en rask vei til ny jobb og trygg inntekt. N\u00e5r kursene stoppes, blir det vanskeligere for dem \u00e5 komme seg ut i arbeid.<\/p>\n<p class=\"_paragraph_1bvmi_4 _paragraph_xtcu6_10 _paragraph_16v91_10 layout-component text-serif-m layout-normal text-sans-m layout-padded\"><strong class=\"_strong_1bvmi_25\">Hva er et truckf\u00f8rerkurs? <\/strong>Et truckf\u00f8rerkurs er et kurs der du l\u00e6rer \u00e5 kj\u00f8re truck (gaffeltruck), som ofte brukes p\u00e5 lager og i butikker. N\u00e5r du har best\u00e5tt kurset, f\u00e5r du truckf\u00f8rerbevis og kan s\u00f8ke jobber der dette er et krav. <\/p>\n<p class=\"_paragraph_1bvmi_4 _paragraph_xtcu6_10 _paragraph_16v91_10 layout-component text-serif-m layout-normal text-sans-m layout-padded\"><strong class=\"_strong_1bvmi_25\">Hvorfor gir Nav slike kurs? <\/strong>Nav tilbyr truckf\u00f8rerkurs for \u00e5 hjelpe folk som er uten jobb til \u00e5 f\u00e5 nye muligheter. Mange lagerjobber krever truckf\u00f8rerbevis, s\u00e5 kurset kan gj\u00f8re det lettere \u00e5 f\u00e5 jobb raskt. <\/p>\n<p>Vis mer<\/p>\n<p class=\"_paragraph_1bvmi_4 _paragraph_xtcu6_10 layout-component text-serif-m layout-normal text-serif-m layout-padded\">\u2013 Etter at jeg er ferdig med det, skal jeg ringe dem og si: \u00abN\u00e5 har jeg truckf\u00f8rerbevis.\u00bb S\u00e5 kanskje jeg blir litt mer aktuell. Det h\u00e5per jeg p\u00e5. For akkurat n\u00e5 ser det ikke s\u00e5 bra ut n\u00e5r jeg sier: \u00abJeg har jobbet i barnehage, jeg har ingen erfaring, jeg kj\u00f8rer ikke truck\u00bb \u2013 s\u00e5 akkurat n\u00e5 er jeg ikke s\u00e5 aktuell for dem. Det skj\u00f8nner jeg, sier den 31 gamle to \u2013 barns-moren. <\/p>\n<p>Mistet sjansen p\u00e5 fagbrev<\/p>\n<p class=\"_paragraph_1bvmi_4 _paragraph_xtcu6_10 layout-component text-serif-m layout-normal text-serif-m layout-padded\">Ivana var godt i gang med \u00e5 ta fagbrev som barne- og ungdomsarbeider da hun jobbet i barnehagen, men utdanningen ble avbrutt da Folkeuniversitetet gikk konkurs i fjor. <\/p>\n<p><img alt=\"KURSENDRING: Ivana var p\u00e5 vei til \u00e5 ta fagbrev i barnehagen. N\u00e5 sikter hun mot \u00e5 kj\u00f8re truck p\u00e5 lager.   Foto: Espen Sj\u00f8lingstad Hoen \/ VG\" class=\"_image_qp4xg_65 layout-component layout-normal\" data-fullscreen- data-track-element-type=\"Article image fullscreen\" data-track-name=\"ImageFullscreen\" decoding=\"async\" loading=\"lazy\" height=\"4797\" itemprop=\"image\"  src=\"https:\/\/www.europesays.com\/no\/wp-content\/uploads\/2025\/08\/31df0de3-18f2-40bf-99f7-b19e0c1ba079\"  style=\"object-position:0% 0%\" width=\"6393\"\/>KURSENDRING: Ivana var p\u00e5 vei til \u00e5 ta fagbrev i barnehagen. N\u00e5 sikter hun mot \u00e5 kj\u00f8re truck p\u00e5 lager.   Foto: Espen Sj\u00f8lingstad Hoen \/ VG<\/p>\n<p class=\"_paragraph_1bvmi_4 _paragraph_xtcu6_10 layout-component text-serif-m layout-normal text-serif-m layout-padded\">\u2013 Det var uheldig, og dumt at de gikk konkurs, forteller den ivrige jobbs\u00f8keren. <\/p>\n<p class=\"_paragraph_1bvmi_4 _paragraph_xtcu6_10 layout-component text-serif-m layout-normal text-serif-m layout-padded\">Hun manglet bare halvannet \u00e5r med praksis og utdanning for \u00e5 kunne ta fagbrevet som barne- og ungdomsarbeider, men n\u00e5 satser hun p\u00e5 lagerjobb i stedet.<\/p>\n<p class=\"_paragraph_1bvmi_4 _paragraph_xtcu6_10 layout-component text-serif-m layout-normal text-serif-m layout-padded\">\u2013 Det jeg vil n\u00e5, er \u00e5 pr\u00f8ve meg i noe helt nytt, som en lagerjobb. Man kan alltid komme tilbake til en jobb i en barnehage. Jeg kommer til \u00e5 savne barnehagen litt, sier Ivana.<\/p>\n<p><img alt=\"DETALJER: Roar Sollien viser til Ivana hvordan en palletruck fungerer.   Foto: Espen Sj\u00f8lingstad Hoen \/ VG\" class=\"_image_qp4xg_65 layout-component layout-normal\" data-fullscreen- data-track-element-type=\"Article image fullscreen\" data-track-name=\"ImageFullscreen\" decoding=\"async\" loading=\"lazy\" height=\"5464\" itemprop=\"image\"  src=\"https:\/\/www.europesays.com\/no\/wp-content\/uploads\/2025\/08\/9da22383-e98a-4ef1-b50f-ef49c13b37c0\"  style=\"object-position:0% 0%\" width=\"7282\"\/>DETALJER: Roar Sollien viser til Ivana hvordan en palletruck fungerer.   Foto: Espen Sj\u00f8lingstad Hoen \/ VGSt\u00f8tte fra familien<\/p>\n<p class=\"_paragraph_1bvmi_4 _paragraph_xtcu6_10 layout-component text-serif-m layout-normal text-serif-m layout-padded\">Hjemme p\u00e5 Jessheim har hun st\u00f8tte fra b\u00e5de mann og barn.<\/p>\n<p class=\"_paragraph_1bvmi_4 _paragraph_xtcu6_10 layout-component text-serif-m layout-normal text-serif-m layout-padded\">\u2013 Mannen min st\u00f8tter meg, som alltid. Han er en veldig god mann. Fordi han kjenner meg, og han vet at uansett hva jeg velger, s\u00e5 blir det bra, forteller Ivana.<\/p>\n<p class=\"_paragraph_1bvmi_4 _paragraph_xtcu6_10 layout-component text-serif-m layout-normal text-serif-m layout-padded\">Mannen hennes jobber ogs\u00e5 p\u00e5 lager, og hun har tro p\u00e5 at hun vil trives i bransjen.<\/p>\n<p class=\"_paragraph_1bvmi_4 _paragraph_xtcu6_10 layout-component text-serif-m layout-normal text-serif-m layout-padded\">\u2013 N\u00e5r jeg ser p\u00e5 ham og ser hvor forn\u00f8yd og glad han er i jobben sin, s\u00e5 kanskje dette er noe for meg ogs\u00e5! Norge gir meg mange muligheter. Det er det jeg liker med Norge. Hvis jeg ser at lagerjobb ikke er noe for meg, da pr\u00f8ver jeg p\u00e5 noe annet, sier hun. <\/p>\n<p> Enkleste vei til jobb<\/p>\n<p class=\"_paragraph_1bvmi_4 _paragraph_xtcu6_10 layout-component text-serif-m layout-normal text-serif-m layout-padded\">Bengt \u00d8ystein Vormeland driver Assista Oppl\u00e6ring p\u00e5 Romerike. N\u00e5 er det stopp for \u00e5 kurse personer som kommer gjennom Nav-systemet fra kontorene p\u00e5 \u00d8vre Romerike.<\/p>\n<p class=\"_paragraph_1bvmi_4 _paragraph_xtcu6_10 layout-component text-serif-m layout-normal text-serif-m layout-padded\">\u2013 Jeg tror ikke det er andre som kan f\u00e5 kj\u00f8pt billigere vei inn i yrkeslivet enn \u00e5 kj\u00f8pe truckf\u00f8rerkurs i Nav, sier Vormeland.<\/p>\n<p class=\"_paragraph_1bvmi_4 _paragraph_xtcu6_10 layout-component text-serif-m layout-normal text-serif-m layout-padded\">Han mener at truckf\u00f8rerkurset er et av de mest effektive tiltakene for \u00e5 f\u00e5 folk raskt ut i jobb, spesielt for folk som har lite praksis eller har mistet jobben.<\/p>\n<p><img alt=\"TEORI: Roar Sollien g\u00e5r gjennom forskriftene og reglene de m\u00e5 kunne.   Foto: Espen Sj\u00f8lingstad Hoen \/ VG\" class=\"_image_qp4xg_65 layout-component layout-normal\" data-fullscreen- data-track-element-type=\"Article image fullscreen\" data-track-name=\"ImageFullscreen\" decoding=\"async\" loading=\"lazy\" height=\"4832\" itemprop=\"image\"  src=\"https:\/\/www.europesays.com\/no\/wp-content\/uploads\/2025\/08\/e1ef037d-da9b-468a-aa0b-de8d9be7454d\"  style=\"object-position:0% 0%\" width=\"7240\"\/>TEORI: Roar Sollien g\u00e5r gjennom forskriftene og reglene de m\u00e5 kunne.   Foto: Espen Sj\u00f8lingstad Hoen \/ VG<\/p>\n<p class=\"_paragraph_1bvmi_4 _paragraph_xtcu6_10 layout-component text-serif-m layout-normal text-serif-m layout-padded\">Beskjeden om kurs-stansen fikk Vormeland mandag 18. august i en e-e-post fra Nav \u00d8st-Viken. Der skriver de blant annet:<\/p>\n<p class=\"_paragraph_1bvmi_4 _paragraph_xtcu6_10 layout-component text-serif-m layout-normal text-serif-m layout-padded\">\u00abGrunnet lav inns\u00f8k og prioritering av midler, har lokalkontorene p\u00e5 \u00d8vre Romerike besluttet at de ikke lenger \u00f8nsker \u00e5 s\u00f8ke inn nye deltagere til Truckf\u00f8rerkurset. Denne begrensningen er ansl\u00e5tt til \u00e5 gjelde fra og med 01.09.2025 og fremst til 01.01.2026. Fra 2026 er planen \u00e5 fortsette bruken av tiltaket. Vi vil da holde dere l\u00f8pende orientert.\u00bb<\/p>\n<p class=\"_paragraph_1bvmi_4 _paragraph_xtcu6_10 layout-component text-serif-m layout-normal text-serif-m layout-padded\">Dermed blir dette forel\u00f8pig de siste deltagerne som f\u00e5r mulighet til \u00e5 f\u00e5 dette tiltaket gjennom Nav \u00d8st-Viken denne h\u00f8sten.<\/p>\n<p><img alt=\"INSTRUKT\u00d8RER: Roar Sollien (t.v.) og Bent \u00d8ystein Vormeland i Assista Oppl\u00e6ring.   Foto: Espen Sj\u00f8lingstad Hoen \/ VG\" class=\"_image_qp4xg_65 layout-component layout-normal\" data-fullscreen- data-track-element-type=\"Article image fullscreen\" data-track-name=\"ImageFullscreen\" decoding=\"async\" loading=\"lazy\" height=\"5464\" itemprop=\"image\"  src=\"https:\/\/www.europesays.com\/no\/wp-content\/uploads\/2025\/08\/a72543ba-3154-4a24-9940-9fbcecb17ce3\"  style=\"object-position:0% 0%\" width=\"7282\"\/>INSTRUKT\u00d8RER: Roar Sollien (t.v.) og Bent \u00d8ystein Vormeland i Assista Oppl\u00e6ring.   Foto: Espen Sj\u00f8lingstad Hoen \/ VG<\/p>\n<p class=\"_paragraph_1bvmi_4 _paragraph_xtcu6_10 layout-component text-serif-m layout-normal text-serif-m layout-padded\">\u2013 Det er jo f\u00e5 som har v\u00e6rt her, i det store bildet, men mange av de som har v\u00e6rt her, f\u00e5r en push for \u00e5 kunne komme inn i noe meningsfylt. S\u00e5 det at Nav n\u00e5 har overforbrukt hittil i \u00e5r, ja, hvorfor har de gjort det? Plutselig skal vi stoppe alt for alle de som er p\u00e5 vei til \u00e5 pr\u00f8ve \u00e5 f\u00e5 en mulighet, eller hjelpe dem videre. Skal det st\u00e5 stille i et halvt \u00e5r? Skal vi miste et halvt \u00e5rs aktivitet p\u00e5 den fronten? Mens markedet skriker etter arbeidskraft, sier han. <\/p>\n<p class=\"_paragraph_1bvmi_4 _paragraph_xtcu6_10 layout-component text-serif-m layout-normal text-serif-m layout-padded\">Vormeland mener videre at et truckf\u00f8rerkurs kanskje er noe av det raskeste og rimeligste tilbudet Nav har til \u00e5 f\u00e5 folk attraktive i markedet. <\/p>\n<p><img alt=\"KLAR: Ivana Stolic m\u00e5 l\u00e6re seg mange spaker og funksjoner for \u00e5 kunne kj\u00f8re en truck.   Foto: Espen Sj\u00f8lingstad Hoen \/ VG\" class=\"_image_qp4xg_65 layout-component layout-normal\" data-fullscreen- data-track-element-type=\"Article image fullscreen\" data-track-name=\"ImageFullscreen\" decoding=\"async\" loading=\"lazy\" height=\"5464\" itemprop=\"image\"  src=\"https:\/\/www.europesays.com\/no\/wp-content\/uploads\/2025\/08\/9b86550a-9f6f-4098-be94-a9546c96b84c\"  style=\"object-position:0% 0%\" width=\"7282\"\/>KLAR: Ivana Stolic m\u00e5 l\u00e6re seg mange spaker og funksjoner for \u00e5 kunne kj\u00f8re en truck.   Foto: Espen Sj\u00f8lingstad Hoen \/ VG<\/p>\n<p class=\"_paragraph_1bvmi_4 _paragraph_xtcu6_10 layout-component text-serif-m layout-normal text-serif-m layout-padded\">Fra juni og ut 2024 hadde Assista Oppl\u00e6ring 94 deltagere fra Nav. I \u00e5r har de kurset 65 personer, men n\u00e5 er det alts\u00e5 full stopp. Assista Oppl\u00e6ring leverer blant annet truckf\u00f8rerkurs til Nav p\u00e5 \u00d8vre Romerike som inkluderer kommunene Ullensaker, Nes, Gjerdrum, Nannestad, Eidsvoll og Hurdal.<\/p>\n<p>H\u00e5per p\u00e5 jobb<\/p>\n<p class=\"_paragraph_1bvmi_4 _paragraph_xtcu6_10 layout-component text-serif-m layout-normal text-serif-m layout-padded\">Ivana gir ikke opp dr\u00f8mmen om fast jobb, selv om Nav har stengt d\u00f8ren for flere kursdeltagere i \u00e5r.<\/p>\n<p class=\"_paragraph_1bvmi_4 _paragraph_xtcu6_10 layout-component text-serif-m layout-normal text-serif-m layout-padded\">\u2013 Jeg gir ikke opp. Jeg h\u00e5per \u00e5 finne jobb s\u00e5 fort som mulig. Jeg satser p\u00e5 at dette truckf\u00f8rerkurset vil hjelpe. At jeg kommer meg i jobb kanskje allerede fra neste uke. Jeg er veldig optimist p\u00e5 det, sier Ivana Stolic. N\u00e5 venter en uke med intensiv kursing i truckkj\u00f8ring. <\/p>\n<p class=\"_paragraph_1bvmi_4 _paragraph_xtcu6_10 layout-component text-serif-m layout-normal layout-padded\"><strong class=\"_strong_1bvmi_25\">Les ogs\u00e5:<\/strong> <a href=\"https:\/\/www.vg.no\/i\/vgL47L\" data-track-element-type=\"Link\" data-track-id=\"link:vgL47L\" class=\"_link_1bvmi_39\" rel=\"nofollow noopener\" target=\"_blank\">Full forvirring rundt Nav-tiltakskaos: \u2013 Har mistet tiltro til systemet<\/a><\/p>\n","protected":false},"excerpt":{"rendered":"Nav har stanset alle truckf\u00f8rerkurs ut \u00e5ret p\u00e5 grunn av budsjettoverskridelser. Ivana Stolic (34) fra Jessheim er blant&hellip;\n","protected":false},"author":2,"featured_media":20058,"comment_status":"","ping_status":"","sticky":false,"template":"","format":"standard","meta":{"footnotes":""},"categories":[10],"tags":[465,20,21,24,25,15,3415,3414,22,23,652,13,30,28,29,14,16,26,27,132,46],"class_list":{"0":"post-20057","1":"post","2":"type-post","3":"status-publish","4":"format-standard","5":"has-post-thumbnail","7":"category-norge","8":"tag-arbeidsliv","9":"tag-breaking-news","10":"tag-breakingnews","11":"tag-featured-news","12":"tag-featurednews","13":"tag-headlines","14":"tag-jobbsoknad","15":"tag-klofta","16":"tag-latest-news","17":"tag-latestnews","18":"tag-nav","19":"tag-news","20":"tag-no","21":"tag-norge","22":"tag-norway","23":"tag-nyheter","24":"tag-overskrifter","25":"tag-top-stories","26":"tag-topstories","27":"tag-utdanning","28":"tag-vgai"},"share_on_mastodon":{"url":"","error":""},"_links":{"self":[{"href":"https:\/\/www.europesays.com\/no\/wp-json\/wp\/v2\/posts\/20057","targetHints":{"allow":["GET"]}}],"collection":[{"href":"https:\/\/www.europesays.com\/no\/wp-json\/wp\/v2\/posts"}],"about":[{"href":"https:\/\/www.europesays.com\/no\/wp-json\/wp\/v2\/types\/post"}],"author":[{"embeddable":true,"href":"https:\/\/www.europesays.com\/no\/wp-json\/wp\/v2\/users\/2"}],"replies":[{"embeddable":true,"href":"https:\/\/www.europesays.com\/no\/wp-json\/wp\/v2\/comments?post=20057"}],"version-history":[{"count":0,"href":"https:\/\/www.europesays.com\/no\/wp-json\/wp\/v2\/posts\/20057\/revisions"}],"wp:featuredmedia":[{"embeddable":true,"href":"https:\/\/www.europesays.com\/no\/wp-json\/wp\/v2\/media\/20058"}],"wp:attachment":[{"href":"https:\/\/www.europesays.com\/no\/wp-json\/wp\/v2\/media?parent=20057"}],"wp:term":[{"taxonomy":"category","embeddable":true,"href":"https:\/\/www.europesays.com\/no\/wp-json\/wp\/v2\/categories?post=20057"},{"taxonomy":"post_tag","embeddable":true,"href":"https:\/\/www.europesays.com\/no\/wp-json\/wp\/v2\/tags?post=20057"}],"curies":[{"name":"wp","href":"https:\/\/api.w.org\/{rel}","templated":true}]}}