{"id":20078,"date":"2025-08-28T07:06:10","date_gmt":"2025-08-28T07:06:10","guid":{"rendered":"https:\/\/www.europesays.com\/no\/20078\/"},"modified":"2025-08-28T07:06:10","modified_gmt":"2025-08-28T07:06:10","slug":"na-gjor-sommeren-et-comeback","status":"publish","type":"post","link":"https:\/\/www.europesays.com\/no\/20078\/","title":{"rendered":"\u2013 N\u00e5 gj\u00f8r sommeren et comeback"},"content":{"rendered":"\n<p class=\"_lead_1bvmi_2 _lead_xtcu6_50 layout-component text-serif-m layout-normal text-serif-l layout-component layout-wide layout-padded _wide_17hqh_1 layout-padded\">Noen deler av landet vil v\u00e6re klart heldigere med v\u00e6ret de neste dagene. <\/p>\n<p><img alt=\" Foto: Skjermdump \/ Windy\" class=\"_image_qp4xg_65 layout-component layout-wide\" data-fullscreen- data-track-element-type=\"Article image fullscreen\" data-track-name=\"ImageFullscreen\" fetchpriority=\"high\" decoding=\"sync\" loading=\"eager\" height=\"742\" itemprop=\"image\"  src=\"https:\/\/www.europesays.com\/no\/wp-content\/uploads\/2025\/08\/7f806a08-4276-4c2e-8a66-dbcc7be6acec\"  style=\"object-position:0% 0%\" width=\"911\"\/> Foto: Skjermdump \/ Windy<\/p>\n<ul aria-hidden=\"true\" class=\"_images_1y6fe_106\">\n<li><a class=\"_link_1y6fe_111\" href=\"https:\/\/www.vg.no\/forfatter\/marie-dreyer-bakken\" style=\"z-index:1\" title=\"Marie Dreyer Bakken\" rel=\"nofollow noopener\" target=\"_blank\"><img alt=\"Bilde av Marie Dreyer Bakken\" class=\"_image_1y6fe_88\" fetchpriority=\"low\" loading=\"lazy\" decoding=\"async\" itemprop=\"image\"  src=\"https:\/\/www.europesays.com\/no\/wp-content\/uploads\/2025\/08\/1756364769_599_a58fd05d-9a13-4704-bd0c-ffb8040bb859\"  width=\"480\"\/><\/a><\/li>\n<\/ul>\n<p> Oppdatert torsdag 28. august kl. 08:51     <\/p>\n<p class=\"_paragraph_1bvmi_4 _paragraph_xtcu6_10 layout-component text-serif-m layout-normal text-serif-m layout-padded\">Men f\u00f8rst starter vi med det noen kanskje synes er en kjip beskjed: <\/p>\n<p class=\"_paragraph_1bvmi_4 _paragraph_xtcu6_10 layout-component text-serif-m layout-normal text-serif-m layout-padded\">For i deler av Vestlandet, S\u00f8rlandet og \u00d8stlandet kan det nemlig bli ganske gr\u00e5tt utover uken. <\/p>\n<p class=\"_paragraph_1bvmi_4 _paragraph_xtcu6_10 layout-component text-serif-m layout-normal text-serif-m layout-padded\">\u2013 Kaldt, gr\u00e5tt og fuktig, oppsummerer meteorolog Rafael Escobar L\u00f8vdahl til VG. <\/p>\n<p class=\"_paragraph_1bvmi_4 _paragraph_xtcu6_10 layout-component text-serif-m layout-normal text-serif-m layout-padded\"><strong class=\"_strong_1bvmi_25\">\u2013 Og det kan komme ganske mye stedvis. <\/strong><\/p>\n<p class=\"_paragraph_1bvmi_4 _paragraph_xtcu6_10 layout-component text-serif-m layout-normal text-serif-m layout-padded\">Uv\u00e6ret kommer trolig ikke for alvor f\u00f8r p\u00e5 fredag.<\/p>\n<p class=\"_paragraph_1bvmi_4 _paragraph_xtcu6_10 layout-component text-serif-m layout-normal text-serif-m layout-padded\">\u2013 De omr\u00e5dene som kan ha tendenser til mye nedb\u00f8r kan v\u00e6re deler av S\u00f8r\u00f8stlandet, Buskerud og Telemark. Det kan bli ganske v\u00e5te dager, sier han. <\/p>\n<p><img alt=\"Bildet ble knipset i Oslo i juli.   Foto: Gabriel Aas Sk\u00e5levik \/ VG\" class=\"_image_qp4xg_65 layout-component layout-normal\" data-fullscreen- data-track-element-type=\"Article image fullscreen\" data-track-name=\"ImageFullscreen\" decoding=\"async\" loading=\"lazy\" height=\"2011\" itemprop=\"image\"  src=\"https:\/\/www.europesays.com\/no\/wp-content\/uploads\/2025\/08\/238654de-63cc-4cae-9ca9-5272ffb575f2\"  style=\"object-position:0% 0%\" width=\"3017\"\/>Bildet ble knipset i Oslo i juli.   Foto: Gabriel Aas Sk\u00e5levik \/ VG<\/p>\n<p class=\"_paragraph_1bvmi_4 _paragraph_xtcu6_10 layout-component text-serif-m layout-normal text-serif-m layout-padded\">Temperaturene vil p\u00e5 sin side ikke synke drastisk, men det vil holde seg mer stabilt enn tidligere. <\/p>\n<p class=\"_paragraph_1bvmi_4 _paragraph_xtcu6_10 layout-component text-serif-m layout-normal text-serif-m layout-padded\">\u2013 Det blir ikke s\u00e5 kaldt om natten som det har v\u00f8rt, men heller ikke s\u00e5 varmt om dagen som det har v\u00e6rt. <\/p>\n<p class=\"_paragraph_1bvmi_4 _paragraph_xtcu6_10 layout-component text-serif-m layout-normal text-serif-m layout-padded\">Meteorologen sammenligner det med varmt h\u00f8stv\u00e6r. <\/p>\n<p class=\"_paragraph_1bvmi_4 _paragraph_xtcu6_10 layout-component text-serif-m layout-normal text-serif-m layout-padded\"><strong class=\"_strong_1bvmi_25\">S\u00e5 over til ukens v\u00e6rvinner: <\/strong><\/p>\n<p class=\"_paragraph_1bvmi_4 _paragraph_xtcu6_10 layout-component text-serif-m layout-normal text-serif-m layout-padded\">If\u00f8lge meteorologene kan det andre steder nemlig l\u00f8nne seg \u00e5 finne frem sommerkl\u00e6rne igjen. <\/p>\n<p class=\"_paragraph_1bvmi_4 _paragraph_xtcu6_10 layout-component text-serif-m layout-normal text-serif-m layout-padded\">\u2013 Fra torsdag og fredag kan det virkelig se bra ut.<\/p>\n<p><img decoding=\"async\" alt=\"Bilde av Rafael Escobar L\u00f8vdahl\" class=\"_image_ygndg_42\" height=\"27\" itemprop=\"image\" loading=\"lazy\"  src=\"https:\/\/www.europesays.com\/no\/wp-content\/uploads\/2025\/08\/c59677ed-7cca-4a73-9e52-4224355268a6\"  width=\"40\"\/><strong class=\"_name_ygndg_51 title-serif-xs\">Rafael Escobar L\u00f8vdahl<\/strong><\/p>\n<p class=\"_paragraph_1bvmi_4 text-sans-m _description_ygndg_56\">Statsmeteorolog<\/p>\n<p class=\"_paragraph_1bvmi_4 _paragraph_xtcu6_10 layout-component text-serif-m layout-normal text-serif-m layout-padded\">Escobar L\u00f8vdahl snakker om Tr\u00f8ndelag, deler av Nordland, Troms og kanskje M\u00f8re og Romsdal. <\/p>\n<p class=\"_paragraph_1bvmi_4 _paragraph_xtcu6_10 layout-component text-serif-m layout-normal text-serif-m layout-padded\">\u2013 Det vil bli mye bra v\u00e6r, lite skyer og nedb\u00f8r, og temperatur opp mot 25 grader. <\/p>\n<p class=\"_paragraph_1bvmi_4 _paragraph_xtcu6_10 layout-component text-serif-m layout-normal text-serif-m layout-padded\">Meteorologen sier at prognosene viser at godv\u00e6ret vil holde gjennom helgen. <\/p>\n<p class=\"_root_1xq52_1\" lang=\"no\" dir=\"auto\">Et stort lavtrykk over de Britiske \u00f8yer styrer v\u00e6ret v\u00e5rt inn i helga \ud83c\udf26\ufe0f<br \/>\nMidt-Norge og etter hvert Nord-Norge kan vente seg sommerlige dager \ud83c\udf1e<br \/>\nS\u00f8r i landet blir det i stedet gr\u00e5tt og v\u00e5tt, men mildt \u2614 <\/p>\n<p class=\"_paragraph_1bvmi_4 _paragraph_xtcu6_10 layout-component text-serif-m layout-normal text-serif-m layout-padded\">\u2013 Det har v\u00e6rt kaldt i disse delene av landet de siste dagene, i hvert fall i nord. N\u00e5 gj\u00f8r sommeren et comeback, sier Escobar L\u00f8vdahl. <\/p>\n<p class=\"_paragraph_1bvmi_4 _paragraph_xtcu6_10 layout-component text-serif-m layout-normal text-serif-m layout-padded\">Enda lenger nord, i Finnmark, vil det trolig bli mer ustabilt. <\/p>\n<p class=\"_paragraph_1bvmi_4 _paragraph_xtcu6_10 layout-component text-serif-m layout-normal text-serif-m layout-padded\">\u2013 I perioder f\u00e5r de vind fra \u00f8st, og da blir det skiftende. <\/p>\n<p class=\"_paragraph_1bvmi_4 _paragraph_xtcu6_10 layout-component text-serif-m layout-normal text-serif-m layout-padded\">Slik s\u00e5 det ut p\u00e5 S\u00f8rvestlandet da uv\u00e6ret \u00abFloris\u00bb traff i starten av august: <\/p>\n","protected":false},"excerpt":{"rendered":"Noen deler av landet vil v\u00e6re klart heldigere med v\u00e6ret de neste dagene. Foto: Skjermdump \/ Windy Oppdatert&hellip;\n","protected":false},"author":2,"featured_media":20079,"comment_status":"","ping_status":"","sticky":false,"template":"","format":"standard","meta":{"footnotes":""},"categories":[10],"tags":[20,21,24,25,15,22,23,1202,3153,13,30,28,29,14,16,385,26,27,3230,553],"class_list":{"0":"post-20078","1":"post","2":"type-post","3":"status-publish","4":"format-standard","5":"has-post-thumbnail","7":"category-norge","8":"tag-breaking-news","9":"tag-breakingnews","10":"tag-featured-news","11":"tag-featurednews","12":"tag-headlines","13":"tag-latest-news","14":"tag-latestnews","15":"tag-meteorologisk-institutt","16":"tag-nedbor","17":"tag-news","18":"tag-no","19":"tag-norge","20":"tag-norway","21":"tag-nyheter","22":"tag-overskrifter","23":"tag-temperatur","24":"tag-top-stories","25":"tag-topstories","26":"tag-uvaer","27":"tag-vaer"},"share_on_mastodon":{"url":"","error":""},"_links":{"self":[{"href":"https:\/\/www.europesays.com\/no\/wp-json\/wp\/v2\/posts\/20078","targetHints":{"allow":["GET"]}}],"collection":[{"href":"https:\/\/www.europesays.com\/no\/wp-json\/wp\/v2\/posts"}],"about":[{"href":"https:\/\/www.europesays.com\/no\/wp-json\/wp\/v2\/types\/post"}],"author":[{"embeddable":true,"href":"https:\/\/www.europesays.com\/no\/wp-json\/wp\/v2\/users\/2"}],"replies":[{"embeddable":true,"href":"https:\/\/www.europesays.com\/no\/wp-json\/wp\/v2\/comments?post=20078"}],"version-history":[{"count":0,"href":"https:\/\/www.europesays.com\/no\/wp-json\/wp\/v2\/posts\/20078\/revisions"}],"wp:featuredmedia":[{"embeddable":true,"href":"https:\/\/www.europesays.com\/no\/wp-json\/wp\/v2\/media\/20079"}],"wp:attachment":[{"href":"https:\/\/www.europesays.com\/no\/wp-json\/wp\/v2\/media?parent=20078"}],"wp:term":[{"taxonomy":"category","embeddable":true,"href":"https:\/\/www.europesays.com\/no\/wp-json\/wp\/v2\/categories?post=20078"},{"taxonomy":"post_tag","embeddable":true,"href":"https:\/\/www.europesays.com\/no\/wp-json\/wp\/v2\/tags?post=20078"}],"curies":[{"name":"wp","href":"https:\/\/api.w.org\/{rel}","templated":true}]}}