{"id":201078,"date":"2026-03-30T14:35:13","date_gmt":"2026-03-30T14:35:13","guid":{"rendered":"https:\/\/www.europesays.com\/no\/201078\/"},"modified":"2026-03-30T14:35:13","modified_gmt":"2026-03-30T14:35:13","slug":"prins-philip-skal-ha-levd-med-bukspyttkjertelkreft-i-atte-ar-for-sin-dod-ifolge-ny-bok","status":"publish","type":"post","link":"https:\/\/www.europesays.com\/no\/201078\/","title":{"rendered":"Prins Philip skal ha levd med bukspyttkjertelkreft i \u00e5tte \u00e5r f\u00f8r sin d\u00f8d, if\u00f8lge ny bok"},"content":{"rendered":"<p class=\"kicker \" style=\"\">Prins Philip:\u00a0<\/p>\n<p>    Prinsen levde i flere \u00e5r med uhelbredelig kreft f\u00f8r han d\u00f8de, if\u00f8lge ny bok.<\/p>\n<p>\n    KREFTSYK: Prins Philip skal if\u00f8lge kongelig historiker ha levd med kreft i \u00e5tte \u00e5r f\u00f8r han d\u00f8de 9. april 2021. Foto: STRINGER \/ AFP \/ NTB\n  <\/p>\n<p>Prins Philip, dronning Elizabeths ektemann, skal ha levd med bukspyttkjertelkreft i \u00e5tte \u00e5r f\u00f8r han d\u00f8de i april 2021, to m\u00e5neder f\u00f8r han skulle ha fylt 100 \u00e5r.<\/p>\n<p>Den kongelige historikeren og biografen Hugo Vickers (74) hevder i sin nye bok \u00abQueen Elizabeth II\u00bb at Philip fikk diagnosen bukspyttkjertelkreft i juni 2013. Det melder blant andre\u00a0<a href=\"https:\/\/www.independent.co.uk\/news\/uk\/home-news\/prince-philip-pancreatic-cancer-book-reveals-b2948188.html\" rel=\"nofollow noopener\" target=\"_blank\">The Independent<\/a>.\u00a0<\/p>\n<p>    <a itemprop=\"url\" href=\"https:\/\/www.seher.no\/kongelig\/med-pikant-avsloring-om-prinsen\/80164588\" rel=\"nofollow noopener\" target=\"_blank\"><\/p>\n<p>        <img loading=\"lazy\" decoding=\"async\" src=\"https:\/\/www.europesays.com\/no\/wp-content\/uploads\/2026\/03\/80164957.webp.webp\" width=\"147\" height=\"98\" title=\"Med pikant avsl\u00f8ring om prinsen\" alt=\"\" class=\"lazyload\" style=\"--aspect-ratio-image: 1.50; \"\/><\/p>\n<p>        Med pikant avsl\u00f8ring om prinsen<\/p>\n<p>    <\/a><\/p>\n<p>If\u00f8lge Vickers skal prinsen ha f\u00e5tt p\u00e5vist kreften under et elleve dager langt sykehusopphold. Legene skal ha oppdaget en \u00abskygge\u00bb p\u00e5 bukspyttkjertelen hans, og fant kreft etter en unders\u00f8kelse.<\/p>\n<p class=\"font-weight-bold m-font-weight-bold\" data-lab-font_weight=\"font-weight-bold\">\u00abDommen var inoperabel bukspyttkjertelkreft\u00bb, hevder Vickers i boka.\u00a0<\/p>\n<p>        <img loading=\"lazy\" decoding=\"async\" src=\"https:\/\/www.europesays.com\/no\/wp-content\/uploads\/2026\/03\/84439727.webp.webp\" width=\"667\" height=\"454\" title=\"GIFT I EN \u00c5RREKKE: Dronning Elizabeth og prins Philip var gift i over 73 \u00e5r. De ble begge stedt til hvile i St. Georgs kapell, som ligger innenfor murene av Windsor Castle. Foto: Alistair Grant\/AP Photo \/NTB\" alt=\"\" class=\"\" style=\"--aspect-ratio-image: 1.47; \"\/><\/p>\n<p>\n        GIFT I EN \u00c5RREKKE: Dronning Elizabeth og prins Philip var gift i over 73 \u00e5r. De ble begge stedt til hvile i St. Georgs kapell, som ligger innenfor murene av Windsor Castle. Foto: Alistair Grant\/AP Photo \/NTB\n    <\/p>\n<p>Etter et kort sykehusopphold ble Philip sendt hjem for \u00e5 komme seg. Mange trodde han aldri ville vise seg offentlig igjen, men prinsen fortsatte sine offentlige plikter frem til han trakk seg tilbake i 2017.<\/p>\n<p>        GIKK BORT: Prins Philip gikk bort 99 \u00e5r hammel. Se og H\u00f8rs kongehusekspert mente d\u00f8dsfallet kunne bli samlende for de britiske kongehuset.<\/p>\n<p>Vickers beskriver prins Philips siste timer p\u00e5 Windsor Castle. Kvelden f\u00f8r han d\u00f8de skal han ha listet seg forbi sykepleierne, g\u00e5tt langs korridoren med rullator, og tatt seg en \u00f8l i Oak Room.<\/p>\n<p class=\"font-weight-bold m-font-weight-bold\" data-lab-font_weight=\"font-weight-bold\">\u00abMorgenen etter sto han opp, tok et bad, sa han ikke f\u00f8lte seg bra og sovnet stille inn\u00bb, skriver Vickers i boken, if\u00f8lge avisen.\u00a0<\/p>\n<p>    <a itemprop=\"url\" href=\"https:\/\/www.seher.no\/kongelig\/hevder-den-ukjente-sonnen-lyver\/78541118\" rel=\"nofollow noopener\" target=\"_blank\"><\/p>\n<p>        <img loading=\"lazy\" decoding=\"async\" src=\"https:\/\/www.europesays.com\/no\/wp-content\/uploads\/2026\/03\/78541204.webp.webp\" width=\"147\" height=\"98\" title=\"Hevder den \u00abukjente s\u00f8nnen\u00bb lyver\" alt=\"\" class=\"lazyload\" style=\"--aspect-ratio-image: 1.50; \"\/><\/p>\n<p>        Hevder den \u00abukjente s\u00f8nnen\u00bb lyver<\/p>\n<p>    <\/a><\/p>\n<p>Dronning Elizabeth var ikke til stede da ektemannen d\u00f8de. If\u00f8lge Vickers skal hun ha v\u00e6rt \u00abrasende\u00bb over at Philip forlot henne uten \u00e5 si farvel.<\/p>\n<p>D\u00f8ds\u00e5rsaken ble oppgitt som \u00abalderdom\u00bb. <\/p>\n<p>        <img loading=\"lazy\" decoding=\"async\" src=\"https:\/\/www.europesays.com\/no\/wp-content\/uploads\/2026\/03\/84439759.webp.webp\" width=\"686\" height=\"467\" title=\"ALENE: P\u00e5 grunn av pandemien satt monarken for seg selv i begravelsen. Foto: Reuters \/ NTB\" alt=\"\" class=\"\" style=\"--aspect-ratio-image: 1.47; \"\/><\/p>\n<p>\n        ALENE: P\u00e5 grunn av pandemien satt monarken for seg selv i begravelsen. Foto: Reuters \/ NTB\n    <\/p>\n<p>P\u00e5 grunn av coronarestriksjoner kunne bare 30 personer delta i begravelsen. Dronningen ble tvunget til \u00e5 sitte alene i kapellet mens ektemannen ble gravlagt i Royal Vault i St. George&#8217;s Chapel.<\/p>\n<p>The Independent har fors\u00f8kt \u00e5 f\u00e5 en kommentar fra Buckingham Palace, uten \u00e5 lykkes.\u00a0<\/p>\n","protected":false},"excerpt":{"rendered":"Prins Philip:\u00a0 Prinsen levde i flere \u00e5r med uhelbredelig kreft f\u00f8r han d\u00f8de, if\u00f8lge ny bok. KREFTSYK: Prins&hellip;\n","protected":false},"author":2,"featured_media":201079,"comment_status":"","ping_status":"","sticky":false,"template":"","format":"standard","meta":{"footnotes":"","_share_on_mastodon":"0"},"categories":[58],"tags":[5025,19615,9630,71,76,30,28,29,9631,72],"class_list":["post-201078","post","type-post","status-publish","format-standard","has-post-thumbnail","category-underholdning","tag-avsloring","tag-bokbombe","tag-den-britiske-kongefamilien","tag-entertainment","tag-kongelig","tag-no","tag-norge","tag-norway","tag-prins-philip","tag-underholdning"],"share_on_mastodon":{"url":"https:\/\/pubeurope.com\/@no\/116318629130462030","error":""},"_links":{"self":[{"href":"https:\/\/www.europesays.com\/no\/wp-json\/wp\/v2\/posts\/201078","targetHints":{"allow":["GET"]}}],"collection":[{"href":"https:\/\/www.europesays.com\/no\/wp-json\/wp\/v2\/posts"}],"about":[{"href":"https:\/\/www.europesays.com\/no\/wp-json\/wp\/v2\/types\/post"}],"author":[{"embeddable":true,"href":"https:\/\/www.europesays.com\/no\/wp-json\/wp\/v2\/users\/2"}],"replies":[{"embeddable":true,"href":"https:\/\/www.europesays.com\/no\/wp-json\/wp\/v2\/comments?post=201078"}],"version-history":[{"count":0,"href":"https:\/\/www.europesays.com\/no\/wp-json\/wp\/v2\/posts\/201078\/revisions"}],"wp:featuredmedia":[{"embeddable":true,"href":"https:\/\/www.europesays.com\/no\/wp-json\/wp\/v2\/media\/201079"}],"wp:attachment":[{"href":"https:\/\/www.europesays.com\/no\/wp-json\/wp\/v2\/media?parent=201078"}],"wp:term":[{"taxonomy":"category","embeddable":true,"href":"https:\/\/www.europesays.com\/no\/wp-json\/wp\/v2\/categories?post=201078"},{"taxonomy":"post_tag","embeddable":true,"href":"https:\/\/www.europesays.com\/no\/wp-json\/wp\/v2\/tags?post=201078"}],"curies":[{"name":"wp","href":"https:\/\/api.w.org\/{rel}","templated":true}]}}