{"id":201297,"date":"2026-03-30T19:35:13","date_gmt":"2026-03-30T19:35:13","guid":{"rendered":"https:\/\/www.europesays.com\/no\/201297\/"},"modified":"2026-03-30T19:35:13","modified_gmt":"2026-03-30T19:35:13","slug":"nyhet-trafikk-paskehandelen-utsetter-nodvendig-vedlikehold-av-svinesundsbrua-sarpsborg-arbeiderblad","status":"publish","type":"post","link":"https:\/\/www.europesays.com\/no\/201297\/","title":{"rendered":"Nyhet, Trafikk | P\u00e5skehandelen utsetter n\u00f8dvendig vedlikehold av Svinesundsbrua &#8211; Sarpsborg Arbeiderblad"},"content":{"rendered":"<ol>\n<li><a href=\"https:\/\/news.google.com\/rss\/articles\/CBMimwFBVV95cUxNclp1S3N1cU1GSTRTWXYzR1A1R3VEcHhkUk1wb00zbm1FS2RsVWNMNFRwT0RUblJtMklTU3VRa2M0S2NGaDhWcDk1dEJlRHNwajRORkk1X1I0NFIwXzAtYmpUREtXcDYxYXMzVTFtdlVvV3pJTi1qRUhKT1p5SGhvMlFYSTFDekQ0a09NaWxoUUExRFFfcThOazFIZw?oc=5\" target=\"_blank\" rel=\"nofollow noopener\">Nyhet, Trafikk | P\u00e5skehandelen utsetter n\u00f8dvendig vedlikehold av Svinesundsbrua<\/a>&nbsp;&nbsp;Sarpsborg Arbeiderblad<\/li>\n<li><a href=\"https:\/\/news.google.com\/rss\/articles\/CBMiiwFBVV95cUxQdk1zWVp4cjRiOFc2MDFXakFkdlFpYTZNR0hIb2tIWDY2c3QtU3VCWUdGWHdGdi1kcXJZcUF2eWtNMU12bUwxd1N6YWt2QTJVdXJ4VG1yUHhEaE9uT3lpSW40bFJEeGx4SS1HeWRXRllYSzNLcjloamlXUThjazJBMUFKUGZnUXNTWGFJ?oc=5\" target=\"_blank\" rel=\"nofollow noopener\">Krisegrep: Vil sette penger p\u00e5 kontoen til folk<\/a>&nbsp;&nbsp;NRK<\/li>\n<li><a href=\"https:\/\/news.google.com\/rss\/articles\/CBMiogFBVV95cUxOMC1kek1qMktOdl9VMmw1UjdYdGswZ0ZyOVhVc3lEcnI1Y05CRDVfbS1WRFpQb1pNeVZZaXpnU0VSNlRjcWdBWDdZRmN6OTVlNlRqczEzbmZmbXZxSWFZQ1hWa2dQNnpuM09mUl9xdUdXZXpqYkxEYUpOQ1pyaHdIaE1NcHdxeU01ajBSbG5kZkZxYTBlZF9hak1Iamx4d3ZacUE?oc=5\" target=\"_blank\" rel=\"nofollow noopener\">Nordmenn fyller tanken med svensk drivstoff<\/a>&nbsp;&nbsp;Aftenposten<\/li>\n<li><a href=\"https:\/\/news.google.com\/rss\/articles\/CBMinwFBVV95cUxPMGRTOXNhUDZ0QkRaTm5TQ05wVkhOWlhuZC1CUDRUMV9FU2RweG5SOXZUTHVhUHd5UldtcnVoakF5dkU4d1kzcnl4LVJyNTRWVXNZb2t0SWtFYVhMWFlFZVNjMmMyU09BUE9VSEJWbjNFbXhiU0w3c1FUWU9heDlIaFYwWmNIeHZZYXFObkN3VTJZLW0xNVJjZW5GSWtJSkk?oc=5\" target=\"_blank\" rel=\"nofollow noopener\">N\u00e5 kutter de prisene over grensa: \u2013 Tror det blir en forandring<\/a>&nbsp;&nbsp;mn24.no<\/li>\n<li><a href=\"https:\/\/news.google.com\/rss\/articles\/CBMifkFVX3lxTFBZM2Fma2pFMUM2V1R2bUkzZzd6eUZUZjR4WGppUWZIWGRFc01ITWFVWDVZSmMySGtYWXgxZ1lUSXQwYzZnaXpjc3kyazFTLW82VzlPTTI1Tnhpd1hRYmhNcVNBNnB6d1dXRk81Z3J0cG5XVGNvQmFBQVl0WHZ0UQ?oc=5\" target=\"_blank\" rel=\"nofollow noopener\">Jens Stoltenberg om drivstoffavgiftene<\/a>&nbsp;&nbsp;VG<\/li>\n<\/ol>\n","protected":false},"excerpt":{"rendered":"Nyhet, Trafikk | P\u00e5skehandelen utsetter n\u00f8dvendig vedlikehold av Svinesundsbrua&nbsp;&nbsp;Sarpsborg Arbeiderblad Krisegrep: Vil sette penger p\u00e5 kontoen til folk&nbsp;&nbsp;NRK&hellip;\n","protected":false},"author":2,"featured_media":201298,"comment_status":"","ping_status":"","sticky":false,"template":"","format":"standard","meta":{"footnotes":"","_share_on_mastodon":"0"},"categories":[10],"tags":[36,20,21,834,24,25,679,15,22,23,13,30,28,29,447,14,16,16923,1510,19627,26,27,224],"class_list":["post-201297","post","type-post","status-publish","format-standard","has-post-thumbnail","category-norge","tag-art","tag-breaking-news","tag-breakingnews","tag-e6","tag-featured-news","tag-featurednews","tag-grensehandel","tag-headlines","tag-latest-news","tag-latestnews","tag-news","tag-no","tag-norge","tag-norway","tag-nyhet","tag-nyheter","tag-overskrifter","tag-paske","tag-story","tag-svinesundsbrua","tag-top-stories","tag-topstories","tag-trafikk"],"share_on_mastodon":{"url":"https:\/\/pubeurope.com\/@no\/116319809089187287","error":""},"_links":{"self":[{"href":"https:\/\/www.europesays.com\/no\/wp-json\/wp\/v2\/posts\/201297","targetHints":{"allow":["GET"]}}],"collection":[{"href":"https:\/\/www.europesays.com\/no\/wp-json\/wp\/v2\/posts"}],"about":[{"href":"https:\/\/www.europesays.com\/no\/wp-json\/wp\/v2\/types\/post"}],"author":[{"embeddable":true,"href":"https:\/\/www.europesays.com\/no\/wp-json\/wp\/v2\/users\/2"}],"replies":[{"embeddable":true,"href":"https:\/\/www.europesays.com\/no\/wp-json\/wp\/v2\/comments?post=201297"}],"version-history":[{"count":0,"href":"https:\/\/www.europesays.com\/no\/wp-json\/wp\/v2\/posts\/201297\/revisions"}],"wp:featuredmedia":[{"embeddable":true,"href":"https:\/\/www.europesays.com\/no\/wp-json\/wp\/v2\/media\/201298"}],"wp:attachment":[{"href":"https:\/\/www.europesays.com\/no\/wp-json\/wp\/v2\/media?parent=201297"}],"wp:term":[{"taxonomy":"category","embeddable":true,"href":"https:\/\/www.europesays.com\/no\/wp-json\/wp\/v2\/categories?post=201297"},{"taxonomy":"post_tag","embeddable":true,"href":"https:\/\/www.europesays.com\/no\/wp-json\/wp\/v2\/tags?post=201297"}],"curies":[{"name":"wp","href":"https:\/\/api.w.org\/{rel}","templated":true}]}}