{"id":201586,"date":"2026-03-31T05:40:11","date_gmt":"2026-03-31T05:40:11","guid":{"rendered":"https:\/\/www.europesays.com\/no\/201586\/"},"modified":"2026-03-31T05:40:11","modified_gmt":"2026-03-31T05:40:11","slug":"ulykker-og-hendelser-politiloggen-falt-ned-i-juv-og-satte-seg-fast-matte-reddes","status":"publish","type":"post","link":"https:\/\/www.europesays.com\/no\/201586\/","title":{"rendered":"Ulykker og hendelser, Politiloggen | Falt ned i juv og satte seg fast \u2013 m\u00e5tte reddes"},"content":{"rendered":"\n<p>Klokken 02.30 i natt meldte politiet i Tr\u00f8ndelag at et redningshelikopter var p\u00e5 vei til Osen for \u00e5 hjelpe en mann som hadde falt ned i et juv.<\/p>\n<p>\u2013 Mannen er v\u00e5ken, men sitter fast under en stein, opplyste operasjonsleder Svein Helgetun i Tr\u00f8ndelag politidistrikt.<\/p>\n<p>Helikopteret lokaliserte mannen etter kort tid. I mellomtiden hadde redningsmannskap og ambulansepersonell tatt seg fram til stedet til fots.<\/p>\n<p>\u2013 Det var en annen person i turf\u00f8lget som varslet om hendelsen. Politiet fikk melding via AMK-sentralen, sier Helgetun til Tr\u00f8nder-Avisa.<\/p>\n<p>Fl\u00f8yet til sykehus \u2013 ukjent skadeomfang<\/p>\n<p>Han bekrefter at mannen falt ned i et juv, og at han satt fast.<\/p>\n<p>\u2013 Hendelsen skjedde i et ulendt og kupert terreng. Det var bratte berg og en slags bekkedal p\u00e5 stedet, sier Helgetun.<\/p>\n<p>Mannen ble frigjort av redningsmannskapene og fl\u00f8yet til St. Olavs Hospital. Det er uklart hvor langt mannen hadde falt, og skadeomfanget er ogs\u00e5 ukjent.<\/p>\n<p>\u2013 Politiet har ikke v\u00e6rt p\u00e5 stedet, og vi har forel\u00f8pig ikke snakket med de involverte, sier Helgetun.<\/p>\n<p>Ufin p\u00e5 bensinstasjon<\/p>\n<p>Klokken 03.15 fikk operasjonssentralen melding om en kunde som oppf\u00f8rte seg ubehagelig ved en bensinstasjon i Steinkjer. Mannen skal ha v\u00e6rt til sjenanse for de andre p\u00e5 stedet, og politiet kj\u00f8rte til bensinstasjonen for \u00e5 ta en prat med vedkommende.<\/p>\n<p>\u2013 Da politiet kom fram hadde mannen forlatt stedet. Men vi fikk kontakt med ham 15-20 minutter senere, og fikk en prat med ham, sier Helgetun. Mannen beskrives som en kjenning av politiet, og er i 40-\u00e5rene.<\/p>\n<p>Maskert gjerningsmann funnet etter innbrudd<\/p>\n<p>Klokken 04.28 gikk innbruddsalarmen hos Dekkmann (Bestdrive) i Trondheim. Politiet var raskt p\u00e5 stedet, og fant en knust rute. En hundepatrulje og en dronef\u00f8rer ble koblet p\u00e5 i saken.<\/p>\n<p>\u2013 Bygget ble isolert, og etter et s\u00f8k ble det funnet en maskert gjerningsperson som fortsatt befant seg inne i bygget. Politiet fikk kontroll p\u00e5 mannen. Vedkommende er en mann i 20-\u00e5rene som er kjent for politiet, sier operasjonsleder Christopher James White i politiet.<\/p>\n<p>Fint fra start<\/p>\n<p>Tirsdag ser ut til \u00e5 starte som nok en fin dag. Det er meldt 9 grader og lettskyet v\u00e6r i Steinkjer, med mulighet for sol litt utp\u00e5 dagen. Mot kvelden er det derimot ventet regn. Vindforholdene er rolige p\u00e5 morgenen og formiddagen, men midt p\u00e5 dagen kan det komme vindkast p\u00e5 opp mot 9 meter i sekundet.<\/p>\n<p>Slik er Yrs tekstvarsel for Tr\u00f8ndelag tirsdag: S\u00f8rvestlig periodevis frisk bris utsatte steder, fra i ettermiddag liten kuling, i kveld stiv kuling p\u00e5 kysten. Skiftende skydekke og enkelte regnbyger, sn\u00f8byger over 400-600 meter, i kveld regn, sn\u00f8grense stigende til 1200-1400 meter.<\/p>\n<p>Her har det v\u00e6rt mest nedb\u00f8r det siste d\u00f8gnet:<\/p>\n<p>    Trafikken<\/p>\n<p>En grevling ble i natt p\u00e5kj\u00f8rt p\u00e5 E6 i Vuddudalen i Levanger, like ved den nordligste fotoboksen.<\/p>\n<p>\u2013 Grevlingen ble liggende midt p\u00e5 vegen. Vi har en bil p\u00e5 stedet og fjerner den n\u00e5, sier operat\u00f8r Stian Gullv\u00e5g ved Vegtrafikksentralen.<\/p>\n<p>Ellers har det v\u00e6rt rolig p\u00e5 vegene i hele fylket i natt.<\/p>\n<p>Slik ser det ut p\u00e5 vegene i v\u00e5rt omr\u00e5de akkurat n\u00e5:<\/p>\n<p>Dette er status p\u00e5 flytrafikken p\u00e5 V\u00e6rnes:<\/p>\n<p>    Dyrere str\u00f8m<\/p>\n<p>Str\u00f8mprisen har steget noen hakk igjen tirsdag. I dag er str\u00f8mmen dyrest p\u00e5 ettermiddagen, da den n\u00e5r 177,2 \u00f8re\/kWh.<\/p>\n<p>    P\u00e5 T-A.no<\/p>\n<p>Her er noen av sakene du kan lese om p\u00e5 Tr\u00f8nder-Avisas nettsider i dag:<\/p>\n<p>Planleggingen er i rute, grilldressene er funnet fram, og i \u00e5r innf\u00f8res en helt ny k\u00e5ring n\u00e5r \u00e5rets \u00c5re-kolonne fra Verdal ruller over svenskegrensa.<\/p>\n<p>  <a href=\"https:\/\/www.t-a.no\/5-116-2328475\" class=\"related-teaser has-image article--c-MkAkR\" rel=\"nofollow noopener\" target=\"_blank\"><\/p>\n<p>    <img decoding=\"async\" width=\"155\"  loading=\"lazy\"  src=\"https:\/\/www.europesays.com\/no\/wp-content\/uploads\/2026\/03\/5_116_1922812__HTH6023.jpg\" alt=\"\" class=\"brick-c-cFOWSL\" style=\"\"\/><\/p>\n<p>\n            Les ogs\u00e5<\/p>\n<p>            Klart for folkefest over grensa: \u2013 Kan kj\u00f8re moped etter\n        <\/p>\n<p>  <\/a><\/p>\n<p>Bane Nor s\u00f8ker dispensasjon for \u00e5 legge midlertidig bane over eng ved Nesvatnet.<\/p>\n<p>  <a href=\"https:\/\/www.t-a.no\/5-116-2328876\" class=\"related-teaser has-image article--c-MkAkR\" rel=\"nofollow noopener\" target=\"_blank\"><\/p>\n<p>    <img decoding=\"async\" width=\"155\"  loading=\"lazy\"  src=\"https:\/\/www.europesays.com\/no\/wp-content\/uploads\/2026\/03\/JAnesv-arb04.jpg\" alt=\"\" class=\"brick-c-cFOWSL\" style=\"\"\/><\/p>\n<p>\n            Les ogs\u00e5<\/p>\n<p>            S\u00f8ker om 750 meter midlertidig bane ved Nesvatnet\n        <\/p>\n<p>  <\/a><\/p>\n<p>  <a data-static=\"\" href=\"#skip-\" class=\"brick-c-fgNmNC\">Hopp over karusellen.<\/a><\/p>\n<p data-static=\"\" class=\"brick-c-fgNmNC\" id=\"carousel-title-\">Innholdskarusell med 6 artikler.<\/p>\n<ul data-static=\"\" aria-label=\"Navigasjon for innholdskarusell\" class=\"carousel-nav\">\n<li>\n<\/li>\n<li>\n<\/li>\n<\/ul>\n","protected":false},"excerpt":{"rendered":"Klokken 02.30 i natt meldte politiet i Tr\u00f8ndelag at et redningshelikopter var p\u00e5 vei til Osen for \u00e5&hellip;\n","protected":false},"author":2,"featured_media":3842,"comment_status":"","ping_status":"","sticky":false,"template":"","format":"standard","meta":{"footnotes":"","_share_on_mastodon":"0"},"categories":[10],"tags":[36,20,21,24,25,15,22,23,739,13,30,28,29,14,16,782,1510,26,27,941],"class_list":["post-201586","post","type-post","status-publish","format-standard","has-post-thumbnail","category-norge","tag-art","tag-breaking-news","tag-breakingnews","tag-featured-news","tag-featurednews","tag-headlines","tag-latest-news","tag-latestnews","tag-morgenrapport","tag-news","tag-no","tag-norge","tag-norway","tag-nyheter","tag-overskrifter","tag-politiloggen","tag-story","tag-top-stories","tag-topstories","tag-ulykker-og-hendelser"],"share_on_mastodon":{"url":"https:\/\/pubeurope.com\/@no\/116322187843601416","error":""},"_links":{"self":[{"href":"https:\/\/www.europesays.com\/no\/wp-json\/wp\/v2\/posts\/201586","targetHints":{"allow":["GET"]}}],"collection":[{"href":"https:\/\/www.europesays.com\/no\/wp-json\/wp\/v2\/posts"}],"about":[{"href":"https:\/\/www.europesays.com\/no\/wp-json\/wp\/v2\/types\/post"}],"author":[{"embeddable":true,"href":"https:\/\/www.europesays.com\/no\/wp-json\/wp\/v2\/users\/2"}],"replies":[{"embeddable":true,"href":"https:\/\/www.europesays.com\/no\/wp-json\/wp\/v2\/comments?post=201586"}],"version-history":[{"count":0,"href":"https:\/\/www.europesays.com\/no\/wp-json\/wp\/v2\/posts\/201586\/revisions"}],"wp:featuredmedia":[{"embeddable":true,"href":"https:\/\/www.europesays.com\/no\/wp-json\/wp\/v2\/media\/3842"}],"wp:attachment":[{"href":"https:\/\/www.europesays.com\/no\/wp-json\/wp\/v2\/media?parent=201586"}],"wp:term":[{"taxonomy":"category","embeddable":true,"href":"https:\/\/www.europesays.com\/no\/wp-json\/wp\/v2\/categories?post=201586"},{"taxonomy":"post_tag","embeddable":true,"href":"https:\/\/www.europesays.com\/no\/wp-json\/wp\/v2\/tags?post=201586"}],"curies":[{"name":"wp","href":"https:\/\/api.w.org\/{rel}","templated":true}]}}