{"id":201677,"date":"2026-03-31T07:41:39","date_gmt":"2026-03-31T07:41:39","guid":{"rendered":"https:\/\/www.europesays.com\/no\/201677\/"},"modified":"2026-03-31T07:41:39","modified_gmt":"2026-03-31T07:41:39","slug":"morgenrapport-vaer-redningsaksjon-i-osen-maskert-mann-i-sor","status":"publish","type":"post","link":"https:\/\/www.europesays.com\/no\/201677\/","title":{"rendered":"Morgenrapport, V\u00e6r | Redningsaksjon i Osen, maskert mann i s\u00f8r"},"content":{"rendered":"\n<p><b>NAMDALEN: <\/b>Klokka <b>02.22<\/b> fikk politiet melding om en mann som hadde falt ned i et juv i <b>Osen kommune. <\/b><\/p>\n<p>Mannen var bevisst, men satt fast nede i juvet. Redningshelikopter og ambulansepersonell rykket ut, og klokka <b>03.31<\/b> meldte politiloggen at mannen var lokalisert.<\/p>\n<p>Klokka <b>04.02<\/b> ble det meldt at mannen ble fraktet til St. Olavs med helikopter. Det skal ikke v\u00e6re snakk om livstruende skade, opplyser operasjonsleder Trond Hangaas.<\/p>\n<p>  <a href=\"https:\/\/www.namdalsavisa.no\/5-121-1551649\" class=\"related-teaser article--c-MkAkR\" rel=\"nofollow noopener\" target=\"_blank\"><\/p>\n<p>\n            Les ogs\u00e5<\/p>\n<p>            Redningsaksjon i Osen: Mann satt fast i juv\n        <\/p>\n<p>  <\/a><\/p>\n<p>Utover dette har ikke politiloggen fra Namdalen mer \u00e5 by p\u00e5, men det har den lenger s\u00f8r.<\/p>\n<p>S\u00f8rp\u00e5: Maskert mann funnet i bygg<\/p>\n<p><b>Klokka 02.41, Trondheim: <\/b>Politiet fikk melding om en mann som gikk rundt og kjente p\u00e5 d\u00f8rer og vinduer. Patruljen i omr\u00e5det kom over en mann som var inne i en bil som ikke var hans egen. Mannen ble p\u00e5grepet og kj\u00f8rt i arrest, mistenkt for fors\u00f8k p\u00e5 tyveri av bil.<\/p>\n<p><b>Klokka 04.28<\/b> mottok politiet i melding fra et vaktselskap om at det var utl\u00f8st alarm hos Dekkmann (Bestdrive) i <b>Trondheim. <\/b>Politiet var raskt p\u00e5 stedet og fant en knust rute. Det ble satt inn flere ressurser, blant annet hundepatrulje og dronef\u00f8rer.<\/p>\n<p>Bygget ble isolert, og etter et s\u00f8k ble det funnet en maskert gjerningsperson som fortsatt befant seg inne i bygget. Politiet fikk kontroll p\u00e5 mannen. Vedkommende er en mann i 20-\u00e5rene som er kjent for politiet.<\/p>\n<p>Mye is i fjorden<\/p>\n<p>Anders Vikan fra b\u00e5ten \u00abRo North\u00bb opplyser til NA at det har dannet seg mye is i Lokkarfjorden.<\/p>\n<p>\u2013 Vi har en b\u00e5t p\u00e5 82 meter og 3.500 tonn \u2013 og kjenner isen godt, s\u00e5 oppfordrer andre som ferdes i fjorden til \u00e5 f\u00f8lge godt med, opplyser Vikan.<\/p>\n<p>V\u00e6ret<\/p>\n<p>Her er meteorologens tekstvarsel for Tr\u00f8ndelag: S\u00f8rvestlig periodevis frisk bris utsatte steder, fra i ettermiddag liten kuling, i kveld stiv kuling p\u00e5 kysten. Skiftende skydekke og enkelte regnbyger, sn\u00f8byger over 400-600 m, i kvelden regn, sn\u00f8grense stigende til 1200-1400 m.<\/p>\n<p>    Trafikken<\/p>\n<p>            Trafikkmeldinger tirsdag 31. mars<\/p>\n<p>P\u00e5 Fv.715 ved Fagerdalsbekken i<b> Namsos kommune<\/b> vil vegen v\u00e6re stengt i korte perioder mellom klokka 07.00 og 20.00 p\u00e5 grunn av vegarbeid. <\/p>\n<p>P\u00e5 fylkesveg 7120 i <b>N\u00e6r\u00f8ysund<\/b> er det mellom klokka 07.00 og 15.00 ett stengt kj\u00f8refelt p\u00e5 grunn av bevegelig vegarbeid mellom Var\u00f8ya og Skillingstad.<\/p>\n<p>P\u00e5 <b>Leka<\/b> er det bevegelig vegarbeid p\u00e5 strekninga Leknes-Fr\u00f8vik\u00f8ya, og ett kj\u00f8refelt er stengt mellom klokka 07.00 og 18.00.<\/p>\n<p>P\u00e5 E6 mellom Stein\u00e5moen og Aunet i <b>Namsskogan <\/b>er manuell dirigering og lysregulering som f\u00f8lge av vegarbeid. Vegen stenger i korte perioder. <\/p>\n<p>Det er ogs\u00e5 vegarbeid p\u00e5 E6 ved Tromselvbrua i <b>Namsskogan. <\/b>Fartsgrensa er satt til 50 km\/timen. <\/p>\n<p>P\u00e5 fylkesveg 6926 i <b>Namsos kommune <\/b>er det restriksjon p\u00e5 aksellast mellom Korsen og Fallet. Dette gjelder kj\u00f8ret\u00f8y med totalvek st\u00f8rre enn 28 tonn og aksellast st\u00f8rre enn 6 tonn. <\/p>\n<p>P\u00e5 fylkesveg 7044 i <b>H\u00f8ylandet kommune<\/b> er det restriksjon p\u00e5 aksellast mellom Mevassvik og Litl-Tyldom. Dette gjelder kj\u00f8ret\u00f8y med totalvek st\u00f8rre enn 32 tonn og aksellast st\u00f8rre enn 8 tonn. <\/p>\n<p>Mellom Bursvikbotn og Kjeldeidet i <b>Bindal<\/b> p\u00e5 fylkesveg 17 er det ogs\u00e5 aksellastrestriksjon. Veivesenet skriver at strekningen har midlertidig akseltrykk 8T.<\/p>\n<p>P\u00e5 E6 i <b>Grong <\/b>ved Medj\u00e5brua i retning Mosj\u00f8en er det vegarbeid. Her er det ett stengt kj\u00f8refelt, og fartsgrensa er satt til 50 km\/t. <\/p>\n<p>P\u00e5 Fv. 7040 ved J\u00f8reselvbrua i <b>Grong <\/b>er det vegarbeid og stengt veg. Omkj\u00f8ring er skiltet.<\/p>\n<p>Det p\u00e5g\u00e5r fortsatt arbeid p\u00e5 fylkesveg 6928 ved Utvorda i <b>Flatanger <\/b>etter raset. Omkj\u00f8ring er fremdeles skiltet, og fartsgrensa er satt til 30 km\/t.<\/p>\n<p><b>Slik ser vegene ut akkurat n\u00e5<\/b>:<\/p>\n<p>    Dagens str\u00f8mpriser<\/p>\n<p>    Hos NA i dag<\/p>\n<p>Fram mot 2040 vil Overhalla kommune ha behov for langt flere held\u00f8gns omsorgsplasser enn i dag. N\u00e5 g\u00e5r formannskapet inn for \u00e5 starte utbygginga av 20 nye plasser s\u00e5 raskt som mulig. Byggestart kan bli allerede i \u00e5r.<\/p>\n<p>  <a href=\"https:\/\/www.namdalsavisa.no\/5-121-1550334\" class=\"related-teaser has-image article--c-MkAkR\" rel=\"nofollow noopener\" target=\"_blank\"><\/p>\n<p>    <img decoding=\"async\" width=\"155\"  loading=\"lazy\"  src=\"https:\/\/www.europesays.com\/no\/wp-content\/uploads\/2026\/03\/Skjermbilde+2026-03-26+kl.+12.34.27.png\" alt=\"\" class=\"brick-c-cFOWSL\" style=\"\"\/><\/p>\n<p>\n            Les ogs\u00e5<\/p>\n<p>            Helseutbygging til 125 millioner: \u2013 Vi skal ligge i forkant av utviklinga\n        <\/p>\n<p>  <\/a><\/p>\n<p>Etter 19 \u00e5r p\u00e5 teaterscenen gj\u00f8r Kenneth Homstad sin debut i en sentral rolle i en tv-serie. Det b\u00f8d p\u00e5 en bratt l\u00e6ringskurve for namsosingen.<\/p>\n<p>  <a href=\"https:\/\/www.namdalsavisa.no\/5-121-1549586\" class=\"related-teaser has-image article--c-MkAkR\" rel=\"nofollow noopener\" target=\"_blank\"><\/p>\n<p>    <img decoding=\"async\" width=\"155\"  loading=\"lazy\"  src=\"https:\/\/www.europesays.com\/no\/wp-content\/uploads\/2026\/03\/LIS_lillianjulsvik_039.jpg\" alt=\"\" class=\"brick-c-cFOWSL\" style=\"\"\/><\/p>\n<p>\n            Les ogs\u00e5<\/p>\n<p>            Kenneth klar for v\u00e5rens storsatsing p\u00e5 tv: \u2013 Det er best \u00e5 spille p\u00e5 tr\u00f8ndersk\n        <\/p>\n<p>  <\/a><\/p>\n<p>Andreas Anker Hansen ba om kommunal st\u00f8tte for sent. N\u00e5 trosser lokalpolitikerne p\u00e5 Leka sin egen administrasjon, og blar likevel opp 150.000 kroner for \u00e5 st\u00f8tte restauranten.<\/p>\n<p>  <a href=\"https:\/\/www.namdalsavisa.no\/5-121-1551592\" class=\"related-teaser has-image article--c-MkAkR\" rel=\"nofollow noopener\" target=\"_blank\"><\/p>\n<p>    <img decoding=\"async\" width=\"155\"  loading=\"lazy\"  src=\"https:\/\/www.europesays.com\/no\/wp-content\/uploads\/2026\/03\/IMG_9437_01.JPG\" alt=\"\" class=\"brick-c-cFOWSL\" style=\"\"\/><\/p>\n<p>\n            Les ogs\u00e5<\/p>\n<p>            Gr\u00fcnderen f\u00e5r 150.000 kroner i st\u00f8tte tross regelbrudd: \u2013 Gir motivasjon og framtidstro\n        <\/p>\n<p>  <\/a><\/p>\n","protected":false},"excerpt":{"rendered":"NAMDALEN: Klokka 02.22 fikk politiet melding om en mann som hadde falt ned i et juv i Osen&hellip;\n","protected":false},"author":2,"featured_media":3063,"comment_status":"","ping_status":"","sticky":false,"template":"","format":"standard","meta":{"footnotes":"","_share_on_mastodon":"0"},"categories":[5],"tags":[36,20,21,24,25,15,19,983,22,23,17,18,739,13,30,28,29,14,16,1510,26,27,224,553],"class_list":["post-201677","post","type-post","status-publish","format-standard","has-post-thumbnail","category-overskrifter","tag-art","tag-breaking-news","tag-breakingnews","tag-featured-news","tag-featurednews","tag-headlines","tag-hovedoppslag","tag-krim","tag-latest-news","tag-latestnews","tag-main-news","tag-mainnews","tag-morgenrapport","tag-news","tag-no","tag-norge","tag-norway","tag-nyheter","tag-overskrifter","tag-story","tag-top-stories","tag-topstories","tag-trafikk","tag-vaer"],"share_on_mastodon":{"url":"https:\/\/pubeurope.com\/@no\/116322663715088144","error":""},"_links":{"self":[{"href":"https:\/\/www.europesays.com\/no\/wp-json\/wp\/v2\/posts\/201677","targetHints":{"allow":["GET"]}}],"collection":[{"href":"https:\/\/www.europesays.com\/no\/wp-json\/wp\/v2\/posts"}],"about":[{"href":"https:\/\/www.europesays.com\/no\/wp-json\/wp\/v2\/types\/post"}],"author":[{"embeddable":true,"href":"https:\/\/www.europesays.com\/no\/wp-json\/wp\/v2\/users\/2"}],"replies":[{"embeddable":true,"href":"https:\/\/www.europesays.com\/no\/wp-json\/wp\/v2\/comments?post=201677"}],"version-history":[{"count":0,"href":"https:\/\/www.europesays.com\/no\/wp-json\/wp\/v2\/posts\/201677\/revisions"}],"wp:featuredmedia":[{"embeddable":true,"href":"https:\/\/www.europesays.com\/no\/wp-json\/wp\/v2\/media\/3063"}],"wp:attachment":[{"href":"https:\/\/www.europesays.com\/no\/wp-json\/wp\/v2\/media?parent=201677"}],"wp:term":[{"taxonomy":"category","embeddable":true,"href":"https:\/\/www.europesays.com\/no\/wp-json\/wp\/v2\/categories?post=201677"},{"taxonomy":"post_tag","embeddable":true,"href":"https:\/\/www.europesays.com\/no\/wp-json\/wp\/v2\/tags?post=201677"}],"curies":[{"name":"wp","href":"https:\/\/api.w.org\/{rel}","templated":true}]}}