{"id":201730,"date":"2026-03-31T09:03:14","date_gmt":"2026-03-31T09:03:14","guid":{"rendered":"https:\/\/www.europesays.com\/no\/201730\/"},"modified":"2026-03-31T09:03:14","modified_gmt":"2026-03-31T09:03:14","slug":"ulrikke-brandstorp-klager-nrk-inn-til-diskrimineringsnemnda","status":"publish","type":"post","link":"https:\/\/www.europesays.com\/no\/201730\/","title":{"rendered":"Ulrikke Brandstorp klager NRK inn til Diskrimineringsnemnda"},"content":{"rendered":"<p class=\"kicker \" style=\"\">Ulrikke Branstorp (30):\u00a0<\/p>\n<p>    &#8211; Vi er veldig uenige om hva som har skjedd, og da er det eneste riktige \u00e5 ta saken videre, sier artisten og programlederen til Dagbladet.\u00a0<\/p>\n<p>\n    VAR PROGRAMLEDER: Ulrikke Brandstorp ble mamma i mai 2025, mens hun spilte inn \u00abBakemesterskapet\u00bb i Bergen. Her er hun hjemme hos moren sin i oktober, da hun fortalte Dagbladet om hva som skjedde. Foto: John Terje Pedersen \/ Dagbladet\n  <\/p>\n<p>&#8211; N\u00e5 har jeg bestemt meg for \u00e5 klage NRK til Diskrimineringsnemnda, sier Ulrikke Brandstorp til Dagbladet\u00a0<\/p>\n<p>Nyheten deler hun med sine 148 000 f\u00f8lgere p\u00e5 Snapchat, tirsdag morgen.<\/p>\n<p>&#8211; Jeg har skrevet en formell klage som jeg sender til nemnda i dag.\u00a0<\/p>\n<p>Striden\t<\/p>\n<p>Brandstorp var i Bergen i mai i fjor, da konflikten oppsto. Dagen f\u00f8r hun skulle starte innspillingen av sesong tre av \u00abBakemesterskapet\u00bb, m\u00e5tte hun br\u00e5tt haste til sykehuset.\u00a0<\/p>\n<p>Der f\u00f8dte hun s\u00f8nnen Timotheus to m\u00e5neder f\u00f8r termin.<\/p>\n<p>I en rekke SMS-er med NRK, som Dagbladet har sett, ytret den da nybakte mammaen at hun \u00f8nsket &#8211; og hadde f\u00e5tt ja fra sykehuset &#8211; til \u00e5 spille inn sesongen som planlagt, til tross for at hun var blitt mamma.\u00a0<\/p>\n<p>NRK hentet inn vikarprogramlederen Julie Str\u00f8msv\u00e5g og ba Brandstorp om ikke \u00e5 uroe seg, men \u00e5 <a href=\"https:\/\/www.dagbladet.no\/kjendis\/har-ikke-hort-fra-nrk\/83720795\" target=\"_blank\" rel=\"nofollow noopener\">ha fokus p\u00e5 babyen sin<\/a>.\u00a0\u00a0<\/p>\n<p>Deretter fikk Brandstorp fikk beskjed om at hun ikke fikk v\u00e6re med som programleder i sesong 4.<\/p>\n<p>        <img loading=\"lazy\" decoding=\"async\" src=\"https:\/\/www.europesays.com\/no\/wp-content\/uploads\/2026\/03\/84441306.webp.webp\" width=\"980\" height=\"559\" title=\"VAR P\u00c5 TV: Ulrikke Brandstorp var programleder for sesong 1 og 2 av \u00abBakemesterskapet\u00bb, og f\u00f8dte dagen f\u00f8r innspilling av sesong 3. Foto: NRK\" alt=\"\" class=\"\" style=\"--aspect-ratio-image: 1.75; \"\/><\/p>\n<p>\n        VAR P\u00c5 TV: Ulrikke Brandstorp var programleder for sesong 1 og 2 av \u00abBakemesterskapet\u00bb, og f\u00f8dte dagen f\u00f8r innspilling av sesong 3. Foto: NRK\n    <\/p>\n<p>Slik Brandstorp ser det, ble hun fratatt muligheten til \u00e5 jobbe\u00a0p\u00e5 grunn av at hun var nybakt mor.\u00a0<\/p>\n<p>Hun mener at dette bryter\u00a0diskrimineringsloven. Dagbladet har sett klagen hennes.\u00a0<\/p>\n<p>&#8211; Hensynet til Ulrikke\t<\/p>\n<p>NRK har hele tida avvist anklagene. De har tidligere uttalt at de mener avgj\u00f8relsen er av hensyn til mor og barn, ikke jobben.<\/p>\n<p>        <img loading=\"lazy\" decoding=\"async\" src=\"https:\/\/www.europesays.com\/no\/wp-content\/uploads\/2026\/03\/84146057.webp.webp\" width=\"980\" height=\"559\" title=\"TATT EN AVGJ\u00d8RELSE: - Jeg har tenkt mye. Jeg kjenner fremdeles at dette er en kamp jeg har lyst til \u00e5 ta, sier Ulrikke Brandstorp. Foto: John Terje Pedersen \/ Dagbladet\" alt=\"\" class=\"\" style=\"--aspect-ratio-image: 1.75; \"\/><\/p>\n<p>\n        TATT EN AVGJ\u00d8RELSE: &#8211; Jeg har tenkt mye. Jeg kjenner fremdeles at dette er en kamp jeg har lyst til \u00e5 ta, sier Ulrikke Brandstorp. Foto: John Terje Pedersen \/ Dagbladet\n    <\/p>\n<p>Programredakt\u00f8r i NRK Vest, Kristin Ytre-Arne sa i oktober p\u00e5 \u00ab<a href=\"https:\/\/tv.nrk.no\/serie\/dagsnytt-atten-tv\/sesong\/202510\/episode\/NNFA56101325\" target=\"_blank\" rel=\"nofollow noopener\">Dagsnytt 18<\/a>\u00bb at det er <a href=\"https:\/\/www.dagbladet.no\/kjendis\/har-brutt-kontrakten\/83718747\" rel=\"nofollow noopener\" target=\"_blank\">mange hensyn som m\u00e5 tas<\/a> n\u00e5r man jobber med TV-produksjon.\u00a0<\/p>\n<p>&#8211; Det handlet f\u00f8rst og fremst om hensynet til Ulrikke og at hun hadde blitt nybakt mor. Ulrikke vet at vi mente at det beste valget var at hun var sammen med sin prematurf\u00f8dte s\u00f8nn og familien p\u00e5 sykehuset, sa redakt\u00f8ren og fortsatte:\u00a0<\/p>\n<p>&#8211; Vi vet at hun hadde lyst til \u00e5 komme tilbake og f\u00f8lte seg klar for det, men jeg som programredakt\u00f8r har et st\u00f8rre ansvar utover programlederen: Nemlig hensynet til produksjonen.<\/p>\n<p>Ikke bare f\u00f8lelser\t<\/p>\n<p>Saken utl\u00f8ste en debatt om\u00a0arbeidsliv, permisjon og likestilling, og\u00a0<a href=\"https:\/\/www.dagbladet.no\/kjendis\/ikke-greit\/83697748\" target=\"_blank\" rel=\"nofollow noopener\">flere har vist st\u00f8tte til Brandstorp<\/a>. Kort tid etter den offentlige disputten var et faktum, hadde NRK mottatt\u00a0<a href=\"https:\/\/www.dagbladet.no\/kjendis\/stor-skam-av-nrk\/83699649#:~:text=Nyheten%20har%20f%C3%A5tt%20mange%20til,kommentarfeltet%20til%20det%20f%C3%B8lelsesladde%20innlegget.\" target=\"_blank\" rel=\"nofollow noopener\">n\u00e6r hundre klager<\/a>\u00a0knyttet til saken.<\/p>\n<p class=\"font-weight-bold m-font-weight-bold\" data-lab-font_weight=\"font-weight-bold\">N\u00e5, fem m\u00e5neder seinere, sier Ulrikke Brandstorp at hun har hatt god tid til \u00e5 tenke seg om.\u00a0<\/p>\n<p>Hun tror mange s\u00e5 for seg at hun bare var f\u00f8lelsesstyrt da hun gr\u00e5t p\u00e5 Snapchat og fortalte om NRK-krangelen.\u00a0<\/p>\n<p>&#8211; Mange tenkte nok at jeg var drevet av f\u00f8lelser, og jeg ville kjenne hva jeg f\u00f8lte n\u00e5r ting roet seg litt. Jeg har tenkt mye, sier hun og fortsetter:\u00a0<\/p>\n<p>&#8211; Det er skremmende at dette kan skje og at det ikke f\u00e5r noen konsekvenser om de bare sitter stille i b\u00e5ten. Jeg klarte ikke \u00e5 legge det fra meg, for jeg har f\u00e5tt s\u00e5 mange meldinger fra kvinner som kjenner p\u00e5 en redsel for at karrieren skal p\u00e5virkes av at de f\u00e5r barn. Alle de meldingene gj\u00f8r at jeg vil ta den kampen videre.\u00a0<\/p>\n<p>&#8211; Innr\u00f8mme feilen\u00a0\t<\/p>\n<p>Hun \u00f8nsker ingen erstatning eller jobben tilbake, men sier at hun h\u00e5per at NRK skal \u00abinnr\u00f8mme feilen\u00bb.\u00a0<\/p>\n<p>&#8211; Alle kan gj\u00f8re feil, og s\u00e5 m\u00e5 man se hva man kan gj\u00f8re for at det ikke skal skje igjen. For valget var mitt. Det er litt skummelt \u00e5 gj\u00f8re dette, for NRK er store og det hele ble veldig offentlig. Men jeg h\u00e5per at dette skal inspirere andre til \u00e5 si ifra n\u00e5r de mener at noe er galt.\u00a0<\/p>\n<p>&#8211; Vi er veldig uenige om situasjonen og hva som har skjedd, og da er det eneste riktige \u00e5 ta saken videre.<\/p>\n<p>I dag er Brandstorp gravid med sitt andre barn, og har termin i slutten av august. Det blir hennes andre s\u00f8nn.\u00a0<\/p>\n<p>&#8211; Hvis gutta mine en gang f\u00e5r egne barn, s\u00e5 vil jeg gjerne vise dem at du m\u00e5 kjempe for det du st\u00e5r for og tror p\u00e5.\u00a0<\/p>\n<p>        <img loading=\"lazy\" decoding=\"async\" src=\"https:\/\/www.europesays.com\/no\/wp-content\/uploads\/2026\/03\/84146059.webp.webp\" width=\"980\" height=\"559\" title=\"BLE MAMMA: Timotheus er snart ett \u00e5r gammel. Han ble f\u00f8dt i mai, da Ulrikke skulle til \u00e5 starte innspillingen av sesong tre av \u00abBakemesterskapet\u00bb. Her er mor og s\u00f8nn i oktober i fjor. Foto: John Terje Pedersen \/ Dagbladet\" alt=\"\" class=\"\" style=\"--aspect-ratio-image: 1.75; \"\/><\/p>\n<p>\n        BLE MAMMA: Timotheus er snart ett \u00e5r gammel. Han ble f\u00f8dt i mai, da Ulrikke skulle til \u00e5 starte innspillingen av sesong tre av \u00abBakemesterskapet\u00bb. Her er mor og s\u00f8nn i oktober i fjor. Foto: John Terje Pedersen \/ Dagbladet\n    <\/p>\n<p>&#8211; Det er sjukt at man i 2025 skal v\u00e6re redd for \u00e5 miste jobben n\u00e5r du f\u00f8der. At det skal v\u00e6re den st\u00f8rste frykten &#8230; Men jeg st\u00e5r st\u00f8dig i dette,\u00a0 men jeg er jo nerv\u00f8s. Men det er fint at temaet settes p\u00e5 dagsordenen, at folk kanskje tenker litt over det. Det er fint. Men det kan ikke stoppe her, vi kan ikke v\u00e6re enige om \u00e5 v\u00e6re uenige om avgj\u00f8relsen, sier hun.<\/p>\n<p>\u00abBakemesterskapet\u00bb p\u00e5 NRK var Ulrikke Brandstorps f\u00f8rste programlederjobb. I dag jobber hun som artist, med sosiale medier og driver podkasten \u00abMammachatten\u00bb.\u00a0<\/p>\n","protected":false},"excerpt":{"rendered":"Ulrikke Branstorp (30):\u00a0 &#8211; Vi er veldig uenige om hva som har skjedd, og da er det eneste&hellip;\n","protected":false},"author":2,"featured_media":201731,"comment_status":"","ping_status":"","sticky":false,"template":"","format":"standard","meta":{"footnotes":"","_share_on_mastodon":"0"},"categories":[5],"tags":[20,21,2243,24,25,15,19,479,22,23,17,18,13,30,28,29,787,14,16,26,27,4388],"class_list":["post-201730","post","type-post","status-publish","format-standard","has-post-thumbnail","category-overskrifter","tag-breaking-news","tag-breakingnews","tag-diskriminering","tag-featured-news","tag-featurednews","tag-headlines","tag-hovedoppslag","tag-kjendis","tag-latest-news","tag-latestnews","tag-main-news","tag-mainnews","tag-news","tag-no","tag-norge","tag-norway","tag-nrk","tag-nyheter","tag-overskrifter","tag-top-stories","tag-topstories","tag-ulrikke-brandstorp"],"share_on_mastodon":{"url":"https:\/\/pubeurope.com\/@no\/116322986121788859","error":""},"_links":{"self":[{"href":"https:\/\/www.europesays.com\/no\/wp-json\/wp\/v2\/posts\/201730","targetHints":{"allow":["GET"]}}],"collection":[{"href":"https:\/\/www.europesays.com\/no\/wp-json\/wp\/v2\/posts"}],"about":[{"href":"https:\/\/www.europesays.com\/no\/wp-json\/wp\/v2\/types\/post"}],"author":[{"embeddable":true,"href":"https:\/\/www.europesays.com\/no\/wp-json\/wp\/v2\/users\/2"}],"replies":[{"embeddable":true,"href":"https:\/\/www.europesays.com\/no\/wp-json\/wp\/v2\/comments?post=201730"}],"version-history":[{"count":0,"href":"https:\/\/www.europesays.com\/no\/wp-json\/wp\/v2\/posts\/201730\/revisions"}],"wp:featuredmedia":[{"embeddable":true,"href":"https:\/\/www.europesays.com\/no\/wp-json\/wp\/v2\/media\/201731"}],"wp:attachment":[{"href":"https:\/\/www.europesays.com\/no\/wp-json\/wp\/v2\/media?parent=201730"}],"wp:term":[{"taxonomy":"category","embeddable":true,"href":"https:\/\/www.europesays.com\/no\/wp-json\/wp\/v2\/categories?post=201730"},{"taxonomy":"post_tag","embeddable":true,"href":"https:\/\/www.europesays.com\/no\/wp-json\/wp\/v2\/tags?post=201730"}],"curies":[{"name":"wp","href":"https:\/\/api.w.org\/{rel}","templated":true}]}}