{"id":202130,"date":"2026-03-31T17:53:15","date_gmt":"2026-03-31T17:53:15","guid":{"rendered":"https:\/\/www.europesays.com\/no\/202130\/"},"modified":"2026-03-31T17:53:15","modified_gmt":"2026-03-31T17:53:15","slug":"age-hareide-hyllet-pa-ullevaal","status":"publish","type":"post","link":"https:\/\/www.europesays.com\/no\/202130\/","title":{"rendered":"\u00c5ge Hareide hyllet p\u00e5 Ullevaal"},"content":{"rendered":"<p>            <img decoding=\"async\" src=\"https:\/\/www.europesays.com\/no\/wp-content\/uploads\/2026\/03\/1774554252_114_DB_VM_Banner_12fps.gif\" alt=\"\" loading=\"lazy\"\/><\/p>\n<p class=\"bg-red color_mobile_bg-red align-center mobile_text_align_align-center font-weight-bold m-font-weight-bold\" data-lab-text_background_color=\"bg-red\" data-lab-text_align=\"center\" data-lab-font_weight=\"font-weight-bold\">Norge &#8211; Sveits 0-0 (p\u00e5g\u00e5r)<\/p>\n<p>ULLEVAAL STADION (Dagbladet): Selv noen av verdens beste fotballspillere ser ut til \u00e5 v\u00e6re totalt blottet for teknikk ute p\u00e5 Ullevaal-matta, som like gjerne kan omtales som en \u00e5ker.\u00a0<\/p>\n<p>Til pause st\u00e5r det 0-0. Ballen spretter i alle retninger og humpene har blitt flere for hvert minutt. Lite severdig for b\u00e5de TV-seere og publikum.<\/p>\n<p>&#8211; Baneforholdene er en skandale, raljerer den sveitsiske storavisa <a href=\"https:\/\/www.blick.ch\/sport\/fussball\/nati\/int-freundschaftsspiele-norwegen-schweiz-31-03-2026-id21831503.html\" rel=\"nofollow noopener\" target=\"_blank\">Blick.<\/a><\/p>\n<p>De fortsetter:<\/p>\n<p>&#8211; Oppdatering p\u00e5 katastrofebanen: Som om den ikke var skadet nok, har n\u00e5 ogs\u00e5 duer begynt \u00e5 gj\u00f8re fra seg i straffefeltet til Yvon Mvogo.<\/p>\n<p>F\u00f8r kamp sa St\u00e5le Solbakken til TV 2 at han er glad det bare er en treningskamp, og ingen avgj\u00f8rende kamp hvor de presenterer dagens gressmatte.<\/p>\n<p>&#8211; En skam, freser Dagbladets fotballekspert Bernt Hulsker.<\/p>\n<p>        ULLEVAAL: Norge m\u00f8ter Sveits til privatlandskamp p\u00e5 Ullevaal for \u00e5 forberede seg til VM.<\/p>\n<p>Forholdene har f\u00f8rt til flere absurde situasjoner.<\/p>\n<p>&#8211;\u00a0Det er noe med forholdene slik at det blir kokos, kommenterte Carl-Erik Torp p\u00e5 NRK.<\/p>\n<p>&#8211;\u00a0Uansett hva Norge presterer gjennom 90 min blir det bedre enn \u00abgressmatta\u00bb. Kvaliteten p\u00e5 den er kamp for \u00e5 unng\u00e5 nedrykk fra 8. divisjon, skriver Lars Tj\u00e6rn\u00e5s p\u00e5 X.<\/p>\n<p>    <a itemprop=\"url\" href=\"https:\/\/www.dagbladet.no\/sport\/slik-spilles-fotball-vm-i-2026\/84084013\" rel=\"nofollow noopener\" target=\"_blank\"><\/p>\n<p>        <img loading=\"lazy\" decoding=\"async\" src=\"https:\/\/www.europesays.com\/no\/wp-content\/uploads\/2026\/03\/1774979595_709_84102748.webp.webp\" width=\"147\" height=\"100\" title=\"Slik spilles fotball-VM i 2026\" alt=\"\" class=\"lazyload\" style=\"--aspect-ratio-image: 1.47; \"\/><\/p>\n<p>        Slik spilles fotball-VM i 2026<\/p>\n<p>    <\/a><\/p>\n","protected":false},"excerpt":{"rendered":"Norge &#8211; Sveits 0-0 (p\u00e5g\u00e5r) ULLEVAAL STADION (Dagbladet): Selv noen av verdens beste fotballspillere ser ut til \u00e5&hellip;\n","protected":false},"author":2,"featured_media":202131,"comment_status":"","ping_status":"","sticky":false,"template":"","format":"standard","meta":{"footnotes":"","_share_on_mastodon":"0"},"categories":[59],"tags":[11648,92,30,28,29,83,82],"class_list":["post-202130","post","type-post","status-publish","format-standard","has-post-thumbnail","category-sport","tag-age-hareide","tag-fotball","tag-no","tag-norge","tag-norway","tag-sport","tag-sports"],"share_on_mastodon":{"url":"https:\/\/pubeurope.com\/@no\/116325070326061902","error":""},"_links":{"self":[{"href":"https:\/\/www.europesays.com\/no\/wp-json\/wp\/v2\/posts\/202130","targetHints":{"allow":["GET"]}}],"collection":[{"href":"https:\/\/www.europesays.com\/no\/wp-json\/wp\/v2\/posts"}],"about":[{"href":"https:\/\/www.europesays.com\/no\/wp-json\/wp\/v2\/types\/post"}],"author":[{"embeddable":true,"href":"https:\/\/www.europesays.com\/no\/wp-json\/wp\/v2\/users\/2"}],"replies":[{"embeddable":true,"href":"https:\/\/www.europesays.com\/no\/wp-json\/wp\/v2\/comments?post=202130"}],"version-history":[{"count":0,"href":"https:\/\/www.europesays.com\/no\/wp-json\/wp\/v2\/posts\/202130\/revisions"}],"wp:featuredmedia":[{"embeddable":true,"href":"https:\/\/www.europesays.com\/no\/wp-json\/wp\/v2\/media\/202131"}],"wp:attachment":[{"href":"https:\/\/www.europesays.com\/no\/wp-json\/wp\/v2\/media?parent=202130"}],"wp:term":[{"taxonomy":"category","embeddable":true,"href":"https:\/\/www.europesays.com\/no\/wp-json\/wp\/v2\/categories?post=202130"},{"taxonomy":"post_tag","embeddable":true,"href":"https:\/\/www.europesays.com\/no\/wp-json\/wp\/v2\/tags?post=202130"}],"curies":[{"name":"wp","href":"https:\/\/api.w.org\/{rel}","templated":true}]}}