{"id":202183,"date":"2026-03-31T19:04:25","date_gmt":"2026-03-31T19:04:25","guid":{"rendered":"https:\/\/www.europesays.com\/no\/202183\/"},"modified":"2026-03-31T19:04:25","modified_gmt":"2026-03-31T19:04:25","slug":"sport-kbk-gauseth-forklarer-hvorfor-kbk-ikke-vil-selge-kilen-na","status":"publish","type":"post","link":"https:\/\/www.europesays.com\/no\/202183\/","title":{"rendered":"Sport, KBK | Gauseth forklarer hvorfor KBK ikke vil selge Kilen n\u00e5"},"content":{"rendered":"\n<p>Her er selvsagt Vikings fors\u00f8k p\u00e5 \u00e5 kj\u00f8pe Sander Kilen et tema det snakkes om.<\/p>\n<p>Fjor\u00e5rets seriemester har lagt inn flere bud p\u00e5 20-\u00e5ringen fra \u00c5rdal. Det siste budet kom mandag og skal ha v\u00e6rt i st\u00f8rrelsesorden 20 millioner kroner, men det er ikke nok til at KBK vil slippe kantspilleren til Stavanger.<\/p>\n<p>Overgangsvinduet stenger ved midnatt tirsdag. Det betyr at Viking fortsatt har muligheter til \u00e5 legge mer penger p\u00e5 bordet, men Christian Gauseth tror det skal mye til for at Sander Kilen bytter klubb n\u00e5.<\/p>\n<p>\u2013 Det er stor avstand mellom det vi mener spilleren er verdt og det Viking er villig til \u00e5 betale, sier Christian Gauseth.<\/p>\n<p><b>Podkasten er laget av Rune Ed\u00f8y og Trygve Strand Joakimsen.<\/b><\/p>\n<p>M\u00e5 selge<\/p>\n<p>Ikke minst er det timingen p\u00e5 de siste budene som gj\u00f8r at KBK vegrer seg for \u00e5 selge.<\/p>\n<p>\u2013 Et salg n\u00e5 hadde gjort det umulig for oss \u00e5 hente inn en erstatter. Hvis bud i den st\u00f8rrelsesorden vi ser n\u00e5 hadde kommet for et par uker siden, kunne dette ha v\u00e6rt annerledes, sier KBKs p\u00e5troppende daglige leder.<\/p>\n<p>Gauseth starter formelt ikke i jobben p\u00e5 Nordm\u00f8re stadion f\u00f8r 1. april, men har alts\u00e5 v\u00e6rt tett p\u00e5 prosessen i Vikings jakt p\u00e5 Kilen de siste dagene.<\/p>\n<p>\u2013 Ja, jeg har god oversikt over det som har foreg\u00e5tt.<\/p>\n<p>KBK har budsjettert at de skal selge spillere for dr\u00f8yt 20 millioner kroner for \u00e5 unng\u00e5 r\u00f8de tall p\u00e5 bunnlinja i \u00e5r, men klubben mener alts\u00e5 at det ikke er n\u00f8dvendig \u00e5 selge n\u00e5.<\/p>\n<p>\u2013 Noen vil sikkert mene at det er h\u00f8y grad av gambling \u00e5 si nei til penger n\u00e5, men s\u00e5nn er fotballen. Det er alltid et element av risiko i bildet. Kilen og\/eller andre kan bli solgt for enda st\u00f8rre summer i sommer. Med dette som utgangspunkt er det lett \u00e5 forst\u00e5 at de sier nei n\u00e5, sier Rune Ed\u00f8y.<\/p>\n<p>  <a href=\"https:\/\/www.tk.no\/5-51-1827956\" class=\"related-teaser has-image article--c-MkAkR\" rel=\"nofollow noopener\" target=\"_blank\"><\/p>\n<p>    <img decoding=\"async\" width=\"155\"  loading=\"lazy\"  src=\"https:\/\/www.europesays.com\/no\/wp-content\/uploads\/2026\/03\/DSC_0850.JPG\" alt=\"\" class=\"brick-c-cFOWSL\" style=\"\"\/><\/p>\n<p>\n            Les ogs\u00e5<\/p>\n<p>            Klar tale fra Rundspilt: \u2013 Ikke gj\u00f8r det!\n        <\/p>\n<p>  <\/a><\/p>\n<p>  <a href=\"https:\/\/www.tk.no\/5-51-1827217\" class=\"related-teaser has-image article--c-MkAkR\" rel=\"nofollow noopener\" target=\"_blank\"><\/p>\n<p>    <img decoding=\"async\" width=\"155\"  loading=\"lazy\"  src=\"https:\/\/www.europesays.com\/no\/wp-content\/uploads\/2026\/03\/1774983864_998_1.jpg\" alt=\"\" class=\"brick-c-cFOWSL\" style=\"\"\/><\/p>\n<p>\n            Les ogs\u00e5<\/p>\n<p>            God stemning da Rundspilt inviterte til livepod\n        <\/p>\n<p>  <\/a><br \/>\n  Provosert av Moldes nye bortedrakt<\/p>\n<p>I p\u00e5skeutgaven av Rundspilt snakkes det selvsagt om mye mer enn Sander Kilen. Rune Ed\u00f8y forteller blant annet om da han fikk blod p\u00e5 tann og satte sin \u00e6re inn p\u00e5 \u00e5 finne ut hvem som skulle bli daglig leder i KBK f\u00f8r nordm\u00f8rsklubben selv hadde tenkt \u00e5 offentliggj\u00f8re det.<\/p>\n<p>\u2013 Styreleder Odd Einar Folland sa jo at ny daglig leder var p\u00e5 plass, men at kun formaliteter gjenst\u00e5r f\u00f8r alt var klart. Da legger du opp til smash for en journalist, sier Ed\u00f8y.<\/p>\n<p>\u2013 Du gjorde jo at dette ble kjent f\u00f8r vi rakk \u00e5 informere internt, men det f\u00e5r vi leve med. Det er stor offentlig interesse rundt det som skjer i en toppklubb. Vi skal v\u00e6re glad for at det er s\u00e5nn, sier Gauseth, som ogs\u00e5 blir utfordret til \u00e5 prate om hva han tenker om at enkelte etter ansettelsen av ny daglig leder p\u00e5 Nordm\u00f8re stadion uttrykte sin skepsis fordi det er en moldenser som skal ta over for Kjetil Thorsen.<\/p>\n<p>\u2013 Jeg skj\u00f8nner at kristiansundere kan bli forbannet n\u00e5r vi ser hvordan Molde har tilgrafset seg ting p\u00e5 enkelte omr\u00e5der de siste ti\u00e5rene.<\/p>\n<p>Gauseth bruker blant annet MFKs nye bortedrakt som et eksempel p\u00e5 hvordan romsdalsklubben evner \u00e5 provosere nordm\u00f8ringer.<\/p>\n<p>\u2013 De har Atlanterhavsveien p\u00e5 ryggen. Det er ikke en del av Romsdalen. Det tilh\u00f8rer Nordm\u00f8re. Det er frekt \u00e5 sette dette p\u00e5 drakta. Det bare underbygger det bildet folk har av at Molde skal ha alt og gj\u00f8r som de vil.<\/p>\n<p>   <img decoding=\"async\" width=\"1308\" height=\"720\" fetchpriority=\"low\"  loading=\"lazy\"  src=\"https:\/\/www.europesays.com\/no\/wp-content\/uploads\/2026\/03\/molde.jpg\" alt=\"Stavanger 20260321. &#10;Moldes Sivert Sira Hansen under eliteseriekampen i fotball mellom Viking og Molde p\u00e5 Lyse Arena.&#10;Foto: Carina Johansen \/ NTB\" class=\"brick-c-cFOWSL\" style=\"--brick-image-ratio: 1308 \/ 720;\"\/><\/p>\n<p>      Christian Gauseth liker d\u00e5rlig Molde har koordinater og en logo som skal illustrere Atlanterhavsveien p\u00e5 bortedrakten sin i \u00e5r.<br \/>\n      Foto: Carina Johansen\n    <\/p>\n<p>  Tidligere episoder av Rundspilt<\/p>\n<p>            Slik kan du lytte til v\u00e5re podkaster <\/p>\n<p>Den enkleste m\u00e5ten \u00e5 lytte til Tidens Kravs podkaster p\u00e5, er \u00e5 gj\u00f8re det gjennom en av de mange podkast-appene.<\/p>\n<p><b>Har du +Alt abonnement s\u00e5 anbefaler vi <a href=\"https:\/\/untold.app\/\" rel=\"Follow nofollow noopener\" target=\"_self\">Untold<\/a>. <\/b>Her finner du b\u00e5de Klokere Klokest og Rundspilt samt en rekke eksklusive podkaster kun for abonnenter.<\/p>\n<p><b>Bruker du allerede en str\u00f8mmetjeneste finner du ogs\u00e5 v\u00e5re podkaster p\u00e5: <\/b><\/p>\n<p>Husk \u00e5 <b>f\u00f8lg <\/b>podkastene der du lytter for \u00e5 enkelt f\u00e5 med deg de nyeste episodene! <\/p>\n<p>F\u00f8lg oss ogs\u00e5 Tidens Krav p\u00e5 <b><a href=\"https:\/\/www.instagram.com\/tidenskrav\/\" rel=\"Follow nofollow noopener\" target=\"_self\">Instagram <\/a><\/b>\u2013 her poster vi morsomme klipp fra podkastene. <\/p>\n<p><script async src=\"\/\/www.instagram.com\/embed.js\"><\/script><\/p>\n","protected":false},"excerpt":{"rendered":"Her er selvsagt Vikings fors\u00f8k p\u00e5 \u00e5 kj\u00f8pe Sander Kilen et tema det snakkes om. Fjor\u00e5rets seriemester har&hellip;\n","protected":false},"author":2,"featured_media":202184,"comment_status":"","ping_status":"","sticky":false,"template":"","format":"standard","meta":{"footnotes":"","_share_on_mastodon":"0"},"categories":[59],"tags":[36,92,3219,298,30,28,29,1270,2358,83,82,1510],"class_list":["post-202183","post","type-post","status-publish","format-standard","has-post-thumbnail","category-sport","tag-art","tag-fotball","tag-kbk","tag-kristiansund","tag-no","tag-norge","tag-norway","tag-podkast","tag-rundspilt","tag-sport","tag-sports","tag-story"],"share_on_mastodon":{"url":"https:\/\/pubeurope.com\/@no\/116325349267838936","error":""},"_links":{"self":[{"href":"https:\/\/www.europesays.com\/no\/wp-json\/wp\/v2\/posts\/202183","targetHints":{"allow":["GET"]}}],"collection":[{"href":"https:\/\/www.europesays.com\/no\/wp-json\/wp\/v2\/posts"}],"about":[{"href":"https:\/\/www.europesays.com\/no\/wp-json\/wp\/v2\/types\/post"}],"author":[{"embeddable":true,"href":"https:\/\/www.europesays.com\/no\/wp-json\/wp\/v2\/users\/2"}],"replies":[{"embeddable":true,"href":"https:\/\/www.europesays.com\/no\/wp-json\/wp\/v2\/comments?post=202183"}],"version-history":[{"count":0,"href":"https:\/\/www.europesays.com\/no\/wp-json\/wp\/v2\/posts\/202183\/revisions"}],"wp:featuredmedia":[{"embeddable":true,"href":"https:\/\/www.europesays.com\/no\/wp-json\/wp\/v2\/media\/202184"}],"wp:attachment":[{"href":"https:\/\/www.europesays.com\/no\/wp-json\/wp\/v2\/media?parent=202183"}],"wp:term":[{"taxonomy":"category","embeddable":true,"href":"https:\/\/www.europesays.com\/no\/wp-json\/wp\/v2\/categories?post=202183"},{"taxonomy":"post_tag","embeddable":true,"href":"https:\/\/www.europesays.com\/no\/wp-json\/wp\/v2\/tags?post=202183"}],"curies":[{"name":"wp","href":"https:\/\/api.w.org\/{rel}","templated":true}]}}