{"id":202519,"date":"2026-04-01T07:05:15","date_gmt":"2026-04-01T07:05:15","guid":{"rendered":"https:\/\/www.europesays.com\/no\/202519\/"},"modified":"2026-04-01T07:05:15","modified_gmt":"2026-04-01T07:05:15","slug":"alt-starter-med-en-drom","status":"publish","type":"post","link":"https:\/\/www.europesays.com\/no\/202519\/","title":{"rendered":"\u00abAlt starter med en dr\u00f8m\u00bb"},"content":{"rendered":"\n<p class=\"_lead_145nj_2 _lead_6fko5_53 layout-component text-serif-m layout-normal text-serif-l layout-component layout-wide layout-padded _wide_17hqh_1 layout-padded\">Fotballstjernen Antonio Nusa (20) har i all hemmelighet skrevet bok \u2013 og \u00e5pner opp om hvorfor han har blitt s\u00e5 god i fotball.<\/p>\n<p><img alt=\"KRYSSER FINGRENE: Antonio Nusa hadde aldri sett for seg at han noen gang skulle utgi en bok.  Foto: Gyldendal\" class=\"_image_jw3bv_65 layout-component layout-wide\" data-fullscreen- data-track-element-type=\"Article image fullscreen\" data-track-name=\"ImageFullscreen\" fetchpriority=\"high\" decoding=\"sync\" loading=\"eager\" height=\"2964\" itemprop=\"image\"  src=\"https:\/\/www.europesays.com\/no\/wp-content\/uploads\/2026\/04\/e75b6406-29cf-4057-ac5c-23eeb7ce9f74.jpeg\"  style=\"object-position:0% 0%\" width=\"3484\"\/>KRYSSER FINGRENE: Antonio Nusa hadde aldri sett for seg at han noen gang skulle utgi en bok.  Foto: Gyldendal<\/p>\n<ul aria-hidden=\"true\" class=\"_images_ntbth_112\">\n<li><a class=\"_link_ntbth_117\" href=\"https:\/\/www.vg.no\/forfatter\/camilla-norli\" style=\"z-index:2\" title=\"Camilla Norli\" rel=\"nofollow noopener\" target=\"_blank\"><img alt=\"Bilde av Camilla Norli\" class=\"_image_ntbth_93\" fetchpriority=\"low\" loading=\"lazy\" decoding=\"async\" itemprop=\"image\"  src=\"https:\/\/www.europesays.com\/no\/wp-content\/uploads\/2026\/04\/722f4960-2325-48e8-ba97-62396728c076.jpeg\"  width=\"480\"\/><\/a><\/li>\n<li><a class=\"_link_ntbth_117\" href=\"https:\/\/www.vg.no\/forfatter\/andreas-hellenes\" style=\"z-index:1\" title=\"Andreas Hellenes\" rel=\"nofollow noopener\" target=\"_blank\"><img alt=\"Bilde av Andreas Hellenes\" class=\"_image_ntbth_93\" fetchpriority=\"low\" loading=\"lazy\" decoding=\"async\" itemprop=\"image\"  src=\"https:\/\/www.europesays.com\/no\/wp-content\/uploads\/2026\/04\/f0e69750-1684-4e72-ba28-6c797f48859d.jpeg\"  width=\"480\"\/><\/a><\/li>\n<\/ul>\n<p> Oppdatert onsdag 1. april kl. 08:30     <\/p>\n<p class=\"_paragraph_145nj_4 _paragraph_6fko5_10 layout-component text-serif-m layout-normal text-serif-m layout-padded\">\u2013 Det er stort, veldig kult, og litt rart ogs\u00e5, \u00e5 plutselig v\u00e6re forfatter, sier <a href=\"https:\/\/www.vg.no\/tag\/antonio-nusa?utm_source=vg-article&amp;utm_medium=auto-tagger&amp;utm_campaign=WvvoAQ\" class=\"_link_145nj_39\" rel=\"nofollow noopener\" target=\"_blank\">Antonio Nusa<\/a> til VG. <\/p>\n<p class=\"_paragraph_145nj_4 _paragraph_6fko5_10 layout-component text-serif-m layout-normal text-serif-m layout-padded\">N\u00e5 har han signert med Gyldendal forlag, og boken \u00abAlt starter med en dr\u00f8m\u00bb kommer ut allerede 20. mai \u2013 perfekt timet opp mot fotball-VM.<\/p>\n<p class=\"_paragraph_145nj_4 _paragraph_6fko5_10 layout-component text-serif-m layout-normal text-serif-m layout-padded\">Det var selvsagt fotball som var Nusas dr\u00f8m, ikke forfatteryrket. <\/p>\n<p class=\"_paragraph_145nj_4 _paragraph_6fko5_10 layout-component text-serif-m layout-normal text-serif-m layout-padded\"><strong class=\"_strong_145nj_25\">\u2013 Jeg har aldri sett for meg at jeg skulle gi ut en bok, men det f\u00f8les veldig riktig n\u00e5. Jeg har lyst til \u00e5 gi noe tilbake til barn og unge, sier 20-\u00e5ringen<\/strong>. <\/p>\n<p class=\"_paragraph_145nj_4 _paragraph_6fko5_10 layout-component text-serif-m layout-normal text-serif-m layout-padded\">I boken forteller Nusa sin historie: Fra de f\u00f8rste sparkene p\u00e5 l\u00f8kka hjemme p\u00e5 Langhus utenfor Oslo til hverdagen som profesjonell fotballspiller p\u00e5 toppniv\u00e5. Men if\u00f8lge Nusa er det ogs\u00e5 noe mer.<\/p>\n<p class=\"_paragraph_145nj_4 _paragraph_6fko5_10 layout-component text-serif-m layout-normal text-serif-m layout-padded\">\u2013 Jeg vil ikke at dette kun skal v\u00e6re en bok, men mest en guide med konkrete grep du kan bruke for \u00e5 n\u00e5 dr\u00f8mmene dine. Og som gj\u00f8r at du uansett l\u00e6rer noe p\u00e5 veien, sier Nusa og forklarer:<\/p>\n<p><img alt=\"Nusa i aksjon p\u00e5 landslagssamling i forrige uke.   Foto: Bj\u00f8rn S. Delebekk \/ VG\" class=\"_image_jw3bv_65 layout-component layout-normal\" data-fullscreen- data-track-element-type=\"Article image fullscreen\" data-track-name=\"ImageFullscreen\" decoding=\"async\" loading=\"lazy\" height=\"5504\" itemprop=\"image\"  src=\"https:\/\/www.europesays.com\/no\/wp-content\/uploads\/2026\/04\/313ae2d6-784e-437c-9fbc-d3b01611e364.jpeg\"  style=\"object-position:0% 0%\" width=\"8256\"\/>Nusa i aksjon p\u00e5 landslagssamling i forrige uke.   Foto: Bj\u00f8rn S. Delebekk \/ VG<\/p>\n<p class=\"_paragraph_145nj_4 _paragraph_6fko5_10 layout-component text-serif-m layout-normal text-serif-m layout-padded\">\u2013 M\u00e5let er at barn og unge faktisk kan bruke dette fysisk i hverdagen sin. Det er en bok jeg selv skulle \u00f8nske jeg hadde da jeg var yngre, med erfaringer og tips<strong class=\"_strong_145nj_25\">.<\/strong><\/p>\n<p class=\"_paragraph_145nj_4 _paragraph_6fko5_10 layout-component text-serif-m layout-normal text-serif-m layout-padded\"><strong class=\"_strong_145nj_25\">\u2013 Boken handler om \u00e5 bli s\u00e5 god som mulig i fotball. Hva vil du si har v\u00e6rt de aller viktigste grunnene til at du er blitt s\u00e5 god som du er?<\/strong><\/p>\n<p class=\"_paragraph_145nj_4 _paragraph_6fko5_10 layout-component text-serif-m layout-normal text-serif-m layout-padded\">\u2013 Mye arbeid over tid. Og at jeg aldri har v\u00e6rt redd for \u00e5 satse skikkelig. Du m\u00e5 t\u00f8rre \u00e5 ville noe, og s\u00e5 m\u00e5 du f\u00f8lge det opp hver eneste dag.<\/p>\n<p><img alt=\"Slik blir forsiden av boken til fotballstjernen.  Foto: Faksimile: Gyldendal\" class=\"_image_jw3bv_65 layout-component layout-normal\" data-fullscreen- data-track-element-type=\"Article image fullscreen\" data-track-name=\"ImageFullscreen\" decoding=\"async\" loading=\"lazy\" height=\"2480\" itemprop=\"image\"  src=\"https:\/\/www.europesays.com\/no\/wp-content\/uploads\/2026\/04\/88eb5c5a-c727-457a-918b-d4f637ccc2c4.jpeg\"  style=\"object-position:0% 0%\" width=\"1748\"\/>Slik blir forsiden av boken til fotballstjernen.  Foto: Faksimile: Gyldendal<\/p>\n<p class=\"_paragraph_145nj_4 _paragraph_6fko5_10 layout-component text-serif-m layout-normal text-serif-m layout-padded\">P\u00e5 sp\u00f8rsm\u00e5l om hvordan han h\u00e5ndterer vanskelige perioder p\u00e5 og utenfor banen, svarer Nusa:<\/p>\n<p class=\"_paragraph_145nj_4 _paragraph_6fko5_10 layout-component text-serif-m layout-normal text-serif-m layout-padded\">\u2013 Jeg pr\u00f8ver \u00e5 holde det enkelt. Fortsette \u00e5 jobbe, stole p\u00e5 det jeg gj\u00f8r og ikke miste hodet. Og s\u00e5 er det viktig \u00e5 ha folk rundt seg du kan lene deg p\u00e5.<\/p>\n<p class=\"_paragraph_145nj_4 _paragraph_6fko5_10 layout-component text-serif-m layout-normal text-serif-m layout-padded\">Selv ble han kj\u00f8pt opp av den belgiske klubben Brugge allerede som 16-\u00e5ring, og han beskriver overgangen fra norsk klubbfotball til utlandet som den perioden i livet han har opplevd mest motgang. <\/p>\n<p><img alt=\"Nusa feirer etter scoring for Club Brugge som 17-\u00e5ring mot FC Porto i 2022.   Foto: Luis Vieira \/ AP \/ NTB\" class=\"_image_jw3bv_65 layout-component layout-normal\" data-fullscreen- data-track-element-type=\"Article image fullscreen\" data-track-name=\"ImageFullscreen\" decoding=\"async\" loading=\"lazy\" height=\"3097\" itemprop=\"image\"  src=\"https:\/\/www.europesays.com\/no\/wp-content\/uploads\/2026\/04\/f912ee58-bf2c-49f4-b27e-792be308d745.jpeg\"  style=\"object-position:0% 0%\" width=\"4646\"\/>Nusa feirer etter scoring for Club Brugge som 17-\u00e5ring mot FC Porto i 2022.   Foto: Luis Vieira \/ AP \/ NTB<\/p>\n<p class=\"_paragraph_145nj_4 _paragraph_6fko5_10 layout-component text-serif-m layout-normal text-serif-m layout-padded\">\u2013 Jeg flyttet alene til et nytt land hvor jeg ikke kjente noen og ikke snakket spr\u00e5ket. Det var en r\u00f8ff overgang, sier Nusa, som n\u00e5 spiller for den tyske klubben RB Leipzig, <\/p>\n<p class=\"_paragraph_145nj_4 _paragraph_6fko5_10 layout-component text-serif-m layout-normal text-serif-m layout-padded\">N\u00e5 gleder fotballstjernen seg til fotball-VM, men pr\u00f8ver samtidig \u00e5 ikke la seg p\u00e5virke for mye. <\/p>\n<p class=\"_paragraph_145nj_4 _paragraph_6fko5_10 layout-component text-serif-m layout-normal text-serif-m layout-padded\">\u2013 Jeg gleder meg veldig, men jeg passer p\u00e5 \u00e5 ikke bli for opptatt av det.<\/p>\n<p class=\"_paragraph_145nj_4 _paragraph_6fko5_10 layout-component text-serif-m layout-normal text-serif-m layout-padded\">\u2013 <strong class=\"_strong_145nj_25\">Ser du p\u00e5 VM som det st\u00f8rste hittil i karrieren din?<\/strong><\/p>\n<p class=\"_paragraph_145nj_4 _paragraph_6fko5_10 layout-component text-serif-m layout-normal text-serif-m layout-padded\">\u2013 Ja, det er vanskelig \u00e5 toppe det. \u00c5 spille et VM for Norge er noe av det st\u00f8rste du kan oppleve som fotballspiller. Det er en dr\u00f8m \u00e5 spille p\u00e5 verdens aller st\u00f8rste scene.<\/p>\n<p class=\"_paragraph_145nj_4 _paragraph_6fko5_10 layout-component text-serif-m layout-normal text-serif-m layout-padded\">I VGTV-serien \u00abInnsiden: Antonio Nusa\u00bb kan du bli med hjem til Norge-stjernens bosted i Leipzig:<\/p>\n<p class=\"_paragraph_145nj_4 _paragraph_6fko5_10 layout-component text-serif-m layout-normal text-serif-m layout-padded\">If\u00f8lge forlaget inneholder boken blant annet syv konkrete n\u00f8kler til \u00abhvordan man kan t\u00f8rre \u00e5 sikte h\u00f8yt, holde trykket oppe gjennom hele kampen og utvikle b\u00e5de ferdigheter og mental styrke p\u00e5 veien \u2013 og samtidig v\u00e6re en god venn.\u00bb<\/p>\n<p class=\"_paragraph_145nj_4 _paragraph_6fko5_10 layout-component text-serif-m layout-normal text-serif-m layout-padded\">Boken er skrevet i samarbeid med Frode Saugestad, og Gyldendal forlag er forn\u00f8yd med \u00e5 ha signert Nusa. <\/p>\n<p class=\"_paragraph_145nj_4 _paragraph_6fko5_10 layout-component text-serif-m layout-normal text-serif-m layout-padded\">\u2013 Han er et fantastisk forbilde for barn og ungdom i alle aldre, og har imponert oss gjennom hele prosessen med et stort hjerte og engasjement for m\u00e5lgruppen, sier redakt\u00f8rene Stine Linstad og Nina M\u00e9d.<\/p>\n<p class=\"_paragraph_145nj_4 _paragraph_6fko5_10 layout-component text-serif-m layout-normal text-serif-m layout-padded\">Bli bedre kjent med Antonio Nusa i VGTV-serien \u00abInnsiden: Antonio Nusa\u00bb her:<\/p>\n","protected":false},"excerpt":{"rendered":"Fotballstjernen Antonio Nusa (20) har i all hemmelighet skrevet bok \u2013 og \u00e5pner opp om hvorfor han har&hellip;\n","protected":false},"author":2,"featured_media":202520,"comment_status":"","ping_status":"","sticky":false,"template":"","format":"standard","meta":{"footnotes":"","_share_on_mastodon":"0"},"categories":[59],"tags":[4164,150,4472,30,28,29,3423,83,82],"class_list":["post-202519","post","type-post","status-publish","format-standard","has-post-thumbnail","category-sport","tag-antonio-nusa","tag-bok","tag-fotball-vm","tag-no","tag-norge","tag-norway","tag-sakprosa","tag-sport","tag-sports"],"share_on_mastodon":{"url":"https:\/\/pubeurope.com\/@no\/116328184755872809","error":""},"_links":{"self":[{"href":"https:\/\/www.europesays.com\/no\/wp-json\/wp\/v2\/posts\/202519","targetHints":{"allow":["GET"]}}],"collection":[{"href":"https:\/\/www.europesays.com\/no\/wp-json\/wp\/v2\/posts"}],"about":[{"href":"https:\/\/www.europesays.com\/no\/wp-json\/wp\/v2\/types\/post"}],"author":[{"embeddable":true,"href":"https:\/\/www.europesays.com\/no\/wp-json\/wp\/v2\/users\/2"}],"replies":[{"embeddable":true,"href":"https:\/\/www.europesays.com\/no\/wp-json\/wp\/v2\/comments?post=202519"}],"version-history":[{"count":0,"href":"https:\/\/www.europesays.com\/no\/wp-json\/wp\/v2\/posts\/202519\/revisions"}],"wp:featuredmedia":[{"embeddable":true,"href":"https:\/\/www.europesays.com\/no\/wp-json\/wp\/v2\/media\/202520"}],"wp:attachment":[{"href":"https:\/\/www.europesays.com\/no\/wp-json\/wp\/v2\/media?parent=202519"}],"wp:term":[{"taxonomy":"category","embeddable":true,"href":"https:\/\/www.europesays.com\/no\/wp-json\/wp\/v2\/categories?post=202519"},{"taxonomy":"post_tag","embeddable":true,"href":"https:\/\/www.europesays.com\/no\/wp-json\/wp\/v2\/tags?post=202519"}],"curies":[{"name":"wp","href":"https:\/\/api.w.org\/{rel}","templated":true}]}}