{"id":20287,"date":"2025-08-28T11:03:08","date_gmt":"2025-08-28T11:03:08","guid":{"rendered":"https:\/\/www.europesays.com\/no\/20287\/"},"modified":"2025-08-28T11:03:08","modified_gmt":"2025-08-28T11:03:08","slug":"halve-eliteserien-er-i-rod-sone","status":"publish","type":"post","link":"https:\/\/www.europesays.com\/no\/20287\/","title":{"rendered":"Halve eliteserien er i r\u00f8d sone"},"content":{"rendered":"\n<p class=\"_lead_1bvmi_2 _lead_xtcu6_50 layout-component text-serif-m layout-normal text-serif-l layout-component layout-wide layout-padded _wide_17hqh_1 layout-padded\">Halvparten av klubbene i eliteserien i ishockey innleder den kommende sesongen i det som \u00f8konomisk betegnes som r\u00f8d sone.<\/p>\n<p><img alt=\"Petter Salsten vil ha klubbene ut av r\u00f8d sone.  Foto: Heiko Junge \/ NTB\" class=\"_image_qp4xg_65 layout-component layout-wide\" data-fullscreen- data-track-element-type=\"Article image fullscreen\" data-track-name=\"ImageFullscreen\" fetchpriority=\"high\" decoding=\"sync\" loading=\"eager\" height=\"5760\" itemprop=\"image\"  src=\"https:\/\/www.europesays.com\/no\/wp-content\/uploads\/2025\/08\/493af1ca-bcf0-400d-babb-22589a724a6e\"  style=\"object-position:0% 0%\" width=\"8640\"\/>Petter Salsten vil ha klubbene ut av r\u00f8d sone.  Foto: Heiko Junge \/ NTB<\/p>\n<ul aria-hidden=\"true\" class=\"_images_1y6fe_106\">\n<li><a class=\"_link_1y6fe_111\" href=\"https:\/\/www.vg.no\/forfatter\/ntb\" style=\"z-index:1\" title=\"NTB\" rel=\"nofollow noopener\" target=\"_blank\"><img alt=\"Bilde av NTB\" class=\"_image_1y6fe_88\" fetchpriority=\"low\" loading=\"lazy\" decoding=\"async\" itemprop=\"image\"  src=\"https:\/\/www.europesays.com\/no\/wp-content\/uploads\/2025\/08\/1756378988_974_c33980b0-5d07-4027-84a1-813f90a7c8d6\"  width=\"480\"\/><\/a><\/li>\n<\/ul>\n<p> Oppdatert torsdag 28. august kl. 11:44     <\/p>\n<p class=\"_paragraph_1bvmi_4 _paragraph_xtcu6_10 layout-component text-serif-m layout-normal text-serif-m layout-padded\"> Det er <a href=\"https:\/\/www.nitten.no\/blogg\/halve-ligaen-i-rod-sone---ideelt-sett-for-mye\" class=\"_link_1bvmi_39\" rel=\"nofollow noopener\" target=\"_blank\">nettstedet Nitten<\/a> som omtaler den finansielle statusen til klubbene p\u00e5 \u00f8verste niv\u00e5 i norsk ishockey.<\/p>\n<p class=\"_paragraph_1bvmi_4 _paragraph_xtcu6_10 layout-component text-serif-m layout-normal text-serif-m layout-padded\">Frisk Asker, Lillehammer, Narvik, Sparta Sarpsborg og Stjernen er alle med henvisning til klubblisensreglementet definert til \u00e5 v\u00e6re i r\u00f8de sone.<\/p>\n<p class=\"_paragraph_1bvmi_4 _paragraph_xtcu6_10 layout-component text-serif-m layout-normal text-serif-m layout-padded\">L\u00f8renskog, Nidaros, Storhamar og V\u00e5lerenga er i gul, mens Stavanger Oilers er alene om \u00e5 havne i gr\u00f8nn kategori.<\/p>\n<p class=\"_paragraph_1bvmi_4 _paragraph_xtcu6_10 layout-component text-serif-m layout-normal text-serif-m layout-padded\">Generalsekret\u00e6r i Norges Ishockeyforbund, Petter Salsten, liker ikke at s\u00e5 mange klubber har havnet i r\u00f8d sone.<\/p>\n<p class=\"_paragraph_1bvmi_4 _paragraph_xtcu6_10 layout-component text-serif-m layout-normal text-serif-m layout-padded\">\u2013 Ideelt sett er det for mye. Vi har et m\u00e5l om at klubbene skal ut av r\u00f8d sone, sier han til Nitten.<\/p>\n<p class=\"_paragraph_1bvmi_4 _paragraph_xtcu6_10 layout-component text-serif-m layout-normal text-serif-m layout-padded\">Klubbene som ligger i bunnkategorien m\u00e5 utarbeide en handlingsplan og har tre \u00e5r p\u00e5 seg til \u00e5 framvise dokumentasjon p\u00e5 positiv egenkapital.<\/p>\n<p class=\"_paragraph_1bvmi_4 _paragraph_xtcu6_10 layout-component text-serif-m layout-normal text-serif-m layout-padded\">Dersom ikke handlingsplanen etterleves kan klubbene straffes med blant annet poengtrekk.<\/p>\n<p class=\"_paragraph_1bvmi_4 _paragraph_xtcu6_10 layout-component text-serif-m layout-normal text-serif-m layout-padded\">Systemet er det samme som for eksempel i norsk toppfotball.<\/p>\n","protected":false},"excerpt":{"rendered":"Halvparten av klubbene i eliteserien i ishockey innleder den kommende sesongen i det som \u00f8konomisk betegnes som r\u00f8d&hellip;\n","protected":false},"author":2,"featured_media":20288,"comment_status":"","ping_status":"","sticky":false,"template":"","format":"standard","meta":{"footnotes":""},"categories":[59],"tags":[3448,977,30,28,29,83,82],"class_list":{"0":"post-20287","1":"post","2":"type-post","3":"status-publish","4":"format-standard","5":"has-post-thumbnail","7":"category-sport","8":"tag-eliteserien-hockey","9":"tag-ishockey","10":"tag-no","11":"tag-norge","12":"tag-norway","13":"tag-sport","14":"tag-sports"},"share_on_mastodon":{"url":"","error":""},"_links":{"self":[{"href":"https:\/\/www.europesays.com\/no\/wp-json\/wp\/v2\/posts\/20287","targetHints":{"allow":["GET"]}}],"collection":[{"href":"https:\/\/www.europesays.com\/no\/wp-json\/wp\/v2\/posts"}],"about":[{"href":"https:\/\/www.europesays.com\/no\/wp-json\/wp\/v2\/types\/post"}],"author":[{"embeddable":true,"href":"https:\/\/www.europesays.com\/no\/wp-json\/wp\/v2\/users\/2"}],"replies":[{"embeddable":true,"href":"https:\/\/www.europesays.com\/no\/wp-json\/wp\/v2\/comments?post=20287"}],"version-history":[{"count":0,"href":"https:\/\/www.europesays.com\/no\/wp-json\/wp\/v2\/posts\/20287\/revisions"}],"wp:featuredmedia":[{"embeddable":true,"href":"https:\/\/www.europesays.com\/no\/wp-json\/wp\/v2\/media\/20288"}],"wp:attachment":[{"href":"https:\/\/www.europesays.com\/no\/wp-json\/wp\/v2\/media?parent=20287"}],"wp:term":[{"taxonomy":"category","embeddable":true,"href":"https:\/\/www.europesays.com\/no\/wp-json\/wp\/v2\/categories?post=20287"},{"taxonomy":"post_tag","embeddable":true,"href":"https:\/\/www.europesays.com\/no\/wp-json\/wp\/v2\/tags?post=20287"}],"curies":[{"name":"wp","href":"https:\/\/api.w.org\/{rel}","templated":true}]}}