{"id":202898,"date":"2026-04-01T16:04:17","date_gmt":"2026-04-01T16:04:17","guid":{"rendered":"https:\/\/www.europesays.com\/no\/202898\/"},"modified":"2026-04-01T16:04:17","modified_gmt":"2026-04-01T16:04:17","slug":"fra-snodekte-vidder-til-solfylte-strender","status":"publish","type":"post","link":"https:\/\/www.europesays.com\/no\/202898\/","title":{"rendered":"Fra sn\u00f8dekte vidder til solfylte strender"},"content":{"rendered":"<p class=\"kicker \" style=\"\">Se kjendisenes p\u00e5skebilder<\/p>\n<p>    Fra sn\u00f8dekte vidder til solfylte strender &#8211; slik feirer kjendisene p\u00e5ske i \u00e5r!<\/p>\n<p>\n    SNART TERMIN: H\u00f8ygravide Alexandra Joner nyter p\u00e5skesolen fra balkongen i leiligheten sin i Oslo mens hun venter p\u00e5 den lille. Foto: Skjermbilde: @alexandrajoner \/ Instagram\n  <\/p>\n<p>N\u00e5r solen endelig titter frem og nordmenn inntar p\u00e5skefjellet, deler kjendisene b\u00e5de store og sm\u00e5 \u00f8yeblikk fra p\u00e5skefeiringen sin.\u00a0<\/p>\n<p>Jan Thomas (59)\u00a0\t<\/p>\n<p> \u00abSkal vi danse\u00bb-dommeren, som vanligvis pakker kofferten og drar til sydligere str\u00f8k n\u00e5r p\u00e5sken n\u00e6rmer seg, har i \u00e5r valgt en helt annen vri.\u00a0<\/p>\n<p>Han tilbringer p\u00e5sken hjemme sammen med forloveden Harlem Alexander (39).\u00a0<\/p>\n<p class=\"no_italic m-no_italic font-weight-bold m-font-weight-bold\" data-lab-italic=\"\" data-lab-font_weight=\"font-weight-bold\"> \u00abDet er nesten umulig \u00e5 sette ord p\u00e5 hvor h\u00f8yt jeg elsker livet v\u00e5rt her p\u00e5 Nes\u00f8ya. I p\u00e5sken f\u00f8les det nesten magisk stille, som om verden har trykket p\u00e5 pause &#8230; og p\u00e5 to minuter st\u00e5r vi ved vannkanten og bare puster\u00bb, skriver han til f\u00f8lgerne sine p\u00e5 Instagram.<\/p>\n<p>        NYTT HJEM: Bli med inn p\u00e5 rundtur i Jan Thomas og Harlems nye luksusparadis p\u00e5 Nes\u00f8ya! Video: H\u00e5vard Bj\u00f8rnerem \/\/ Foto: Espen Solli \/ Se og H\u00f8r<\/p>\n<p>Jan Thomas fortsetter:\u00a0<\/p>\n<p>\u00abMidt i en ellers hektisk hverdag er akkurat disse \u00f8yeblikkene selve luksusen, det \u00e5 v\u00e6re sammen, kjenne roen og bare v\u00e6re til stede. N\u00e5 g\u00e5r vi inn i den vakreste tiden, hvor det spirer og gror i hver eneste skrent og tr\u00e6rne s\u00e5vidt begynner \u00e5 f\u00e5 et hint av gr\u00f8nt\u00bb.\u00a0<\/p>\n<p>    <a itemprop=\"url\" href=\"https:\/\/www.seher.no\/kjendis\/sikret-seg-drommeleilighet\/84447348\" rel=\"nofollow noopener\" target=\"_blank\"><\/p>\n<p>        <img loading=\"lazy\" decoding=\"async\" src=\"https:\/\/www.europesays.com\/no\/wp-content\/uploads\/2026\/04\/1775059451_331_84448274.webp.webp\" width=\"147\" height=\"98\" title=\"Sikret seg dr\u00f8mmeleilighet\" alt=\"\" class=\"lazyload\" style=\"--aspect-ratio-image: 1.50; \"\/><\/p>\n<p>        Sikret seg dr\u00f8mmeleilighet<\/p>\n<p>    <\/a><\/p>\n<p>Sebastian Solberg (35)\u00a0\t<\/p>\n<p>\u00abSpillet\u00bb-aktuelle Sebastian Solberg har g\u00e5tt for en mer tradisjonsrik feiring. Han tilbringer p\u00e5sken p\u00e5 hytten sin p\u00e5 Norefjell.\u00a0<\/p>\n<p>Tonje Frigstad (26)\u00a0\t<\/p>\n<p> Influenser Tonje Frigstad har i \u00e5r valgt fjellet som p\u00e5skedestinasjon.\u00a0<\/p>\n<p>Hun deler flittig stemningsfulle \u00f8yeblikk &#8211; fra p\u00e5skefrokost og skiturer til pinnebr\u00f8d p\u00e5 grillen. <\/p>\n<p>Rasmus Wold (34)\t<\/p>\n<p>Rasmus tilbringer helligdagene sammen med familien i solfylte Spania.\u00a0<\/p>\n<p> \u00abAvlyst halvmaraton grunnet sykdom, d\u00e5rlig golfing i iskald vind, smakl\u00f8s buff\u00e9t i 16 dager, men veldig godt selskap\u00bb, skriver han til et bilde av seg selv og kj\u00e6resten Rikke Sundby (28).\u00a0<\/p>\n<p>Amalie Sn\u00f8l\u00f8s (29)\u00a0\t<\/p>\n<p> Influenser og TV-profil Amalie Sn\u00f8l\u00f8s deler p\u00e5skestemning fra hytten. P\u00e5 terassen poserer hun med solen i ansiktet og Norgesflagget vaiende i vinden &#8211; kan det bli mer klassisk p\u00e5skeidyll? <\/p>\n<p> \u00abStartet p\u00e5sken tidlig \ud83d\udc9b\ud83d\udc23\ud83c\udfd4\ufe0f\u00bb, lyder kommentaren til innlegget hennes.\u00a0<\/p>\n<p>Pernille D\u00f8svik (28)\u00a0\t<\/p>\n<p> Kj\u00e6resten til gullvinner og olympisk stjerne Johannes Kl\u00e6bo (29) har, ikke overraskende, tatt p\u00e5 seg skiene og suser innover fjellviddene p\u00e5 Mer\u00e5ker.\u00a0<\/p>\n<p> \u00abKommet s\u00e6 til fjells \ud83c\udfd4\ufe0f Glad p\u00e5sk!\u00bb skriver hun.\u00a0<\/p>\n<p>\u00d8rjan Bur\u00f8e (51)\u00a0\t<\/p>\n<p> Komikeren har delt et fargerikt bilde hvor han poserer i rosa genser foran en rosa moped med rosa bakgrunn. Og for de observante seerne titter en liten hund forsiktig frem fra vesken. <\/p>\n<p> \u00abHa en r\u00e5\u00e5\u00e5sa fin p\u00e5sk alle sammen \ud83d\udc9e\u00bb, skriver han til f\u00f8lgerne sine.\u00a0<\/p>\n<p>David Eriksen (58) og L ouise Angelica Riise (36)\u00a0\t<\/p>\n<p>\u00abAlle elsker David\u00bb-profilene nyter p\u00e5sken p\u00e5 sin nye hytte p\u00e5 Kvitfjell.\u00a0<\/p>\n<p>Paret deler flotte p\u00e5skebilder fra skibakken, og med seg har de Louises s\u00f8nn Collin, som ser ut til \u00e5 storkose seg i sn\u00f8en.<\/p>\n<p>        <img loading=\"lazy\" decoding=\"async\" src=\"https:\/\/www.europesays.com\/no\/wp-content\/uploads\/2026\/04\/84448875.webp.webp\" width=\"667\" height=\"828\" title=\"P\u00c5SKEFIN DUO: Louise og David smiler til kameraet. Foto: Instagram \/ @davideriksen\" alt=\"\" class=\"\" style=\"--aspect-ratio-image: 0.81; \"\/><\/p>\n<p>\n        P\u00c5SKEFIN DUO: Louise og David smiler til kameraet. Foto: Instagram \/ @davideriksen\n    <\/p>\n<p>        <img loading=\"lazy\" decoding=\"async\" src=\"https:\/\/www.europesays.com\/no\/wp-content\/uploads\/2026\/04\/84448946.webp.webp\" width=\"667\" height=\"848\" title=\"P\u00c5SKEFERIE: Louise poserer sammen med s\u00f8nnen Colin i skiheisen. Foto: Skjermbilde: @davideriksen \/ Instagram\" alt=\"\" class=\"\" style=\"--aspect-ratio-image: 0.79; \"\/><\/p>\n<p>\n        P\u00c5SKEFERIE: Louise poserer sammen med s\u00f8nnen Colin i skiheisen. Foto: Skjermbilde: @davideriksen \/ Instagram\n    <\/p>\n<p>Alexandra Joner (36)\u00a0\t<\/p>\n<p> Den h\u00f8ygravide influenseren nyter p\u00e5skesolen fra balkongen i leiligheten sin i Oslo. Med et forfriskende glass i h\u00e5nden og et smil om munnen lar hun solstr\u00e5lene sette p\u00e5skestemningen.\u00a0<\/p>\n<p class=\"font-weight-bold m-font-weight-bold\" data-lab-font_weight=\"font-weight-bold\">\u00abBare 2 uker igjen til termin. Koser meg ihjel!\u00bb skriver hun.\u00a0<\/p>\n<p>        <img loading=\"lazy\" decoding=\"async\" src=\"https:\/\/www.europesays.com\/no\/wp-content\/uploads\/2026\/04\/84448895.webp.webp\" width=\"667\" height=\"841\" title=\"SNART TERMIN: Alexandra Joner nyter p\u00e5skesolen p\u00e5 terassen. Om kort tid blir hun mamma for f\u00f8rste gang. Foto: Skjermbilde: @alexandrajoner \/ Instagram\" alt=\"\" class=\"\" style=\"--aspect-ratio-image: 0.79; \"\/><\/p>\n<p>\n        SNART TERMIN: Alexandra Joner nyter p\u00e5skesolen p\u00e5 terassen. Om kort tid blir hun mamma for f\u00f8rste gang. Foto: Skjermbilde: @alexandrajoner \/ Instagram\n    <\/p>\n<p>        <img loading=\"lazy\" decoding=\"async\" src=\"https:\/\/www.europesays.com\/no\/wp-content\/uploads\/2026\/04\/84448957.webp.webp\" width=\"667\" height=\"901\" title=\"VARMT I SOLEN: Influenseren nyter en alkoholfri \u00f8l i p\u00e5skesolen. Foto: Skjermbilde: @alexandrajoner \/ Instagram\" alt=\"\" class=\"\" style=\"--aspect-ratio-image: 0.74; \"\/><\/p>\n<p>\n        VARMT I SOLEN: Influenseren nyter en alkoholfri \u00f8l i p\u00e5skesolen. Foto: Skjermbilde: @alexandrajoner \/ Instagram\n    <\/p>\n<p>Atle pettersen (36)\u00a0\t<\/p>\n<p> \u00abBeat for Beat\u00bb-programlederen har lagt mikrofonen til side for en stund og viser seg frem i et stilig antrekk mens han triller barnevognen p\u00e5 brygga.\u00a0<\/p>\n<p>        <img loading=\"lazy\" decoding=\"async\" src=\"https:\/\/www.europesays.com\/no\/wp-content\/uploads\/2026\/04\/84448902.webp.webp\" width=\"667\" height=\"994\" title=\"P\u00c5SKE: Atle Pettersen nyter ogs\u00e5 p\u00e5skesolen. Foto: Skjermbilde: @atlepettersen \/ Instagram\" alt=\"\" class=\"\" style=\"--aspect-ratio-image: 0.67; \"\/><\/p>\n<p>\n        P\u00c5SKE: Atle Pettersen nyter ogs\u00e5 p\u00e5skesolen. Foto: Skjermbilde: @atlepettersen \/ Instagram\n    <\/p>\n","protected":false},"excerpt":{"rendered":"Se kjendisenes p\u00e5skebilder Fra sn\u00f8dekte vidder til solfylte strender &#8211; slik feirer kjendisene p\u00e5ske i \u00e5r! SNART TERMIN:&hellip;\n","protected":false},"author":2,"featured_media":202899,"comment_status":"","ping_status":"","sticky":false,"template":"","format":"standard","meta":{"footnotes":"","_share_on_mastodon":"0"},"categories":[58],"tags":[2427,2912,3252,4104,71,11726,479,12320,3251,30,28,29,19711,774,7606,72,13019],"class_list":["post-202898","post","type-post","status-publish","format-standard","has-post-thumbnail","category-underholdning","tag-alexandra-joner","tag-atle-pettersen","tag-david-eriksen","tag-eksklusivt","tag-entertainment","tag-karianne-vilde-spetalen","tag-kjendis","tag-kygo","tag-louise-angelica-riise","tag-no","tag-norge","tag-norway","tag-orjan-buroe","tag-sebastian-solberg","tag-tonje-frigstad","tag-underholdning","tag-victoria-nadine"],"share_on_mastodon":{"url":"https:\/\/pubeurope.com\/@no\/116330303748165984","error":""},"_links":{"self":[{"href":"https:\/\/www.europesays.com\/no\/wp-json\/wp\/v2\/posts\/202898","targetHints":{"allow":["GET"]}}],"collection":[{"href":"https:\/\/www.europesays.com\/no\/wp-json\/wp\/v2\/posts"}],"about":[{"href":"https:\/\/www.europesays.com\/no\/wp-json\/wp\/v2\/types\/post"}],"author":[{"embeddable":true,"href":"https:\/\/www.europesays.com\/no\/wp-json\/wp\/v2\/users\/2"}],"replies":[{"embeddable":true,"href":"https:\/\/www.europesays.com\/no\/wp-json\/wp\/v2\/comments?post=202898"}],"version-history":[{"count":0,"href":"https:\/\/www.europesays.com\/no\/wp-json\/wp\/v2\/posts\/202898\/revisions"}],"wp:featuredmedia":[{"embeddable":true,"href":"https:\/\/www.europesays.com\/no\/wp-json\/wp\/v2\/media\/202899"}],"wp:attachment":[{"href":"https:\/\/www.europesays.com\/no\/wp-json\/wp\/v2\/media?parent=202898"}],"wp:term":[{"taxonomy":"category","embeddable":true,"href":"https:\/\/www.europesays.com\/no\/wp-json\/wp\/v2\/categories?post=202898"},{"taxonomy":"post_tag","embeddable":true,"href":"https:\/\/www.europesays.com\/no\/wp-json\/wp\/v2\/tags?post=202898"}],"curies":[{"name":"wp","href":"https:\/\/api.w.org\/{rel}","templated":true}]}}