{"id":203090,"date":"2026-04-01T20:46:17","date_gmt":"2026-04-01T20:46:17","guid":{"rendered":"https:\/\/www.europesays.com\/no\/203090\/"},"modified":"2026-04-01T20:46:17","modified_gmt":"2026-04-01T20:46:17","slug":"brann-os-garasjebrann-pa-os-i-bjornafjorden-mats-lauring-fra-rode-kors-kjorte-tilfeldigvis-forbi-da-han-oppdaget-brannen","status":"publish","type":"post","link":"https:\/\/www.europesays.com\/no\/203090\/","title":{"rendered":"Brann, Os | Garasjebrann p\u00e5 Os i Bj\u00f8rnafjorden. Mats Lauring fra R\u00f8de Kors kj\u00f8rte tilfeldigvis forbi da han oppdaget brannen."},"content":{"rendered":"\n<p>Onsdag kveld, like f\u00f8r klokken 1930, meldte politiet at en garasje p\u00e5 Os sto i full fyr.<\/p>\n<p>Brannvesenet fikk ut gassflasker fra garasjen og startet slukking like etter, meldte vaktleder Dan Inge Gjesdal ved 110-sentralen like etter. <\/p>\n<p>   <img decoding=\"async\" width=\"1145\" height=\"773\" fetchpriority=\"low\"  loading=\"lazy\"  src=\"https:\/\/www.europesays.com\/no\/wp-content\/uploads\/2026\/04\/processed-C21BB88A-728F-4357-9983-4DE62049D17E.jpeg\" alt=\"\" class=\"brick-c-cFOWSL\" style=\"--brick-image-ratio: 1145 \/ 773;\"\/><\/p>\n<p>Da politipatruljen kom frem var det mye flammer, sier innsatsleder Christian Meyer.<\/p>\n<p>Men det tok ikke lang tid f\u00f8r brannvesenet fikk kontroll, og det ble aldri meldt om fare for spredning.<\/p>\n<p>Klokken 2114 melder operasjonsleder Dan Erik Johannessen i Vest politidistrikt at brannen er slukket. Brannen kan ha startet i en el-sykkel, opplyser han.<\/p>\n<p>   <img decoding=\"async\" width=\"8256\" height=\"5504\" fetchpriority=\"low\"  loading=\"lazy\"  src=\"https:\/\/www.europesays.com\/no\/wp-content\/uploads\/2026\/04\/RJ8_3848.JPG\" alt=\"\" class=\"brick-c-cFOWSL\" style=\"--brick-image-ratio: 8256 \/ 5504;\"\/><\/p>\n<p>      Politiets innsatsleder p\u00e5 stedet, Christian Meyer, til h\u00f8yre.<br \/>\n      Foto: RUNE JOHANSEN\n    <\/p>\n<p>  Mats varslet: \u2013 Kom tilfeldigvis forbi<\/p>\n<p>Mats Lauring fra R\u00f8de Kors var ute i tjeneste da han tilfeldigvis kj\u00f8rte forbi garasjen. Det var han som varslet brannvesenet.<\/p>\n<p><b>\u2013 Da var det mye svart r\u00f8yk og \u00e5pne flammer. <\/b><\/p>\n<p>\u2013 Det er aldri kjekt med brann, men det virker som det har g\u00e5tt greit. <\/p>\n<p>   <img decoding=\"async\" width=\"8256\" height=\"5504\" fetchpriority=\"low\"  loading=\"lazy\"  src=\"https:\/\/www.europesays.com\/no\/wp-content\/uploads\/2026\/04\/_RJO6687.JPG\" alt=\"\" class=\"brick-c-cFOWSL\" style=\"--brick-image-ratio: 8256 \/ 5504;\"\/><\/p>\n<p>      Mats Lauring fra R\u00f8de Kors var tilfeldigvis p\u00e5 vei forbi da han s\u00e5 brannen og meldte fra til brannvesenet.<br \/>\n      Foto: RUNE JOHANSEN\n    <\/p>\n<p>For mannen som jobber med \u00e5 hjelpe og redde andre, var det vanskelig \u00e5 gj\u00f8re noe annet enn \u00e5 f\u00e5 varslet brannvesenet og huseier.<\/p>\n<p>\u2013 Det er vanskelig \u00e5 hjelpe n\u00e5r det er brann, og lite man selv f\u00e5r gjort. Men man kan alltids gj\u00f8re noe og v\u00e6re en st\u00f8ttende skulder, uten at man setter seg selv eller andre i fare.<\/p>\n<p>Han at han innledningsvis snakket med huseier, og s\u00f8rget for at folk holdt avstand.<\/p>\n<p>En person fikk tilsyn av ambulanse etter \u00e5 ha f\u00e5tt i seg r\u00f8yk, meldte operasjonsleder Johannessen i Vest politidistrikt.<\/p>\n<p>S\u00e5 flammer fra stuen<\/p>\n<p>H\u00e5kon Hjelle var hjemme da han ble vitne til brannen like ved sentrum av Os\u00f8yro.<\/p>\n<p>\u2013 Jeg gikk bort til stuevinduet og s\u00e5 at det sto i full fyr fra taket der. Et par sekunder etterp\u00e5 kom en politibil, og s\u00e5 kom brannvesenet et par minutter etterp\u00e5, forteller han til BA.<\/p>\n<p>   <img decoding=\"async\" width=\"407\" height=\"277\" fetchpriority=\"low\"  loading=\"lazy\"  src=\"https:\/\/www.europesays.com\/no\/wp-content\/uploads\/2026\/04\/TNt1iMCZbx0.jpeg\" alt=\"\" class=\"brick-c-cFOWSL\" style=\"--brick-image-ratio: 407 \/ 277;\"\/><\/p>\n","protected":false},"excerpt":{"rendered":"Onsdag kveld, like f\u00f8r klokken 1930, meldte politiet at en garasje p\u00e5 Os sto i full fyr. Brannvesenet&hellip;\n","protected":false},"author":2,"featured_media":203091,"comment_status":"","ping_status":"","sticky":false,"template":"","format":"standard","meta":{"footnotes":"","_share_on_mastodon":"0"},"categories":[10],"tags":[36,6769,367,20,21,24,25,15,22,23,13,30,28,29,447,14,2932,16,1510,26,27],"class_list":["post-203090","post","type-post","status-publish","format-standard","has-post-thumbnail","category-norge","tag-art","tag-bjornafjorden","tag-brann","tag-breaking-news","tag-breakingnews","tag-featured-news","tag-featurednews","tag-headlines","tag-latest-news","tag-latestnews","tag-news","tag-no","tag-norge","tag-norway","tag-nyhet","tag-nyheter","tag-os","tag-overskrifter","tag-story","tag-top-stories","tag-topstories"],"share_on_mastodon":{"url":"https:\/\/pubeurope.com\/@no\/116331412893167349","error":""},"_links":{"self":[{"href":"https:\/\/www.europesays.com\/no\/wp-json\/wp\/v2\/posts\/203090","targetHints":{"allow":["GET"]}}],"collection":[{"href":"https:\/\/www.europesays.com\/no\/wp-json\/wp\/v2\/posts"}],"about":[{"href":"https:\/\/www.europesays.com\/no\/wp-json\/wp\/v2\/types\/post"}],"author":[{"embeddable":true,"href":"https:\/\/www.europesays.com\/no\/wp-json\/wp\/v2\/users\/2"}],"replies":[{"embeddable":true,"href":"https:\/\/www.europesays.com\/no\/wp-json\/wp\/v2\/comments?post=203090"}],"version-history":[{"count":0,"href":"https:\/\/www.europesays.com\/no\/wp-json\/wp\/v2\/posts\/203090\/revisions"}],"wp:featuredmedia":[{"embeddable":true,"href":"https:\/\/www.europesays.com\/no\/wp-json\/wp\/v2\/media\/203091"}],"wp:attachment":[{"href":"https:\/\/www.europesays.com\/no\/wp-json\/wp\/v2\/media?parent=203090"}],"wp:term":[{"taxonomy":"category","embeddable":true,"href":"https:\/\/www.europesays.com\/no\/wp-json\/wp\/v2\/categories?post=203090"},{"taxonomy":"post_tag","embeddable":true,"href":"https:\/\/www.europesays.com\/no\/wp-json\/wp\/v2\/tags?post=203090"}],"curies":[{"name":"wp","href":"https:\/\/api.w.org\/{rel}","templated":true}]}}