{"id":203554,"date":"2026-04-02T06:30:16","date_gmt":"2026-04-02T06:30:16","guid":{"rendered":"https:\/\/www.europesays.com\/no\/203554\/"},"modified":"2026-04-02T06:30:16","modified_gmt":"2026-04-02T06:30:16","slug":"51-ar-seinere-ted-bundy-avslort","status":"publish","type":"post","link":"https:\/\/www.europesays.com\/no\/203554\/","title":{"rendered":"51 \u00e5r seinere: Ted Bundy avsl\u00f8rt"},"content":{"rendered":"<p>    Ny DNA-teknologi kan endelig knytte den fryktede seriemorderen Ted Bundy til et rystende ten\u00e5ringsdrap.<\/p>\n<p>\n    SERIEMORDER: Ny DNA-testing har definitivt knyttet det uoppklarte d\u00f8dsfallet til en ten\u00e5ring fra Utah i 1974 til den beryktede seriemorderen Ted Bundy, her fotografert i 1979. Foto: AP\/NTB\n  <\/p>\n<p>Halloween-kvelden 1974 forlot 17 \u00e5r gamle Laura Ann Aime en fest i Utah. Hun skulle bare et \u00e6rend i en butikk i n\u00e6rheten.<\/p>\n<p>Omtrent en m\u00e5ned seinere gjorde turg\u00e5ere et grusomt funn ved siden av en motorvei i American Fork Canyon.<\/p>\n<p class=\"font-weight-bold m-font-weight-bold\" data-lab-font_weight=\"font-weight-bold\">Der l\u00e5 kroppen til ten\u00e5ringen &#8211; naken, bundet og mishandlet.<\/p>\n<p>Politiet mente hun ble holdt fanget i flere dager f\u00f8r hun ble drept.<\/p>\n<p>Erkjente f\u00f8r henrettelsen\t<\/p>\n<p>Etterforskere har lenge mistenkt at det var den beryktede seriemorderen Ted Bundy som sto bak. Politiet sier han muntlig erkjente drapet f\u00f8r han ble henrettet i Florida i 1989.<\/p>\n<p class=\"font-weight-bold m-font-weight-bold\" data-lab-font_weight=\"font-weight-bold\">Men uten DNA-bevis forble saken ul\u00f8st &#8211; inntil n\u00e5.<\/p>\n<p>        <img loading=\"lazy\" decoding=\"async\" src=\"https:\/\/www.europesays.com\/no\/wp-content\/uploads\/2026\/04\/84449859.webp.webp\" width=\"667\" height=\"541\" title=\"FUNNET DREPT: Laura Ann Aime (17) forsvant for 51 \u00e5r siden etter at hun forlot en fest alene for \u00e5 g\u00e5 til en n\u00e6rbutikk. Foto: Utah Department of Public Safety\" alt=\"\" class=\"\" style=\"--aspect-ratio-image: 1.23; \"\/><\/p>\n<p>\n        FUNNET DREPT: Laura Ann Aime (17) forsvant for 51 \u00e5r siden etter at hun forlot en fest alene for \u00e5 g\u00e5 til en n\u00e6rbutikk. Foto: Utah Department of Public Safety\n    <\/p>\n<p>Etterforskerne hadde bevart sporene fra drapsstedet i et halvt \u00e5rhundre.<\/p>\n<p>I 2023 fikk statens krimlaboratorium ny teknologi som kan hente ut DNA fra pr\u00f8ver selv om de er blitt nedbrutt gjennom \u00e5renes l\u00f8p.<\/p>\n<p>    <a itemprop=\"url\" href=\"https:\/\/www.dagbladet.no\/nyheter\/ted-bundy-hvor-mange-drepte-han-egentlig\/82189289\" rel=\"nofollow noopener\" target=\"_blank\"><\/p>\n<p>        <img loading=\"lazy\" decoding=\"async\" src=\"https:\/\/www.europesays.com\/no\/wp-content\/uploads\/2026\/04\/70690607.webp.webp\" width=\"147\" height=\"98\" title=\"Ted Bundy: Hvor mange drepte han egentlig?\" alt=\"\" class=\"lazyload\" style=\"--aspect-ratio-image: 1.50; \"\/><\/p>\n<p>        Ted Bundy: Hvor mange drepte han egentlig?<\/p>\n<p>    <\/a><\/p>\n<p>Familiens mareritt\t<\/p>\n<p>Teknologien gjorde det mulig \u00e5 identifisere en enkelt mannlig DNA-profil. Da de sjekket den mot en nasjonal database, var svaret klart: Ted Bundy.<\/p>\n<p>&#8211; Vi f\u00f8lte smerten familien f\u00f8lte da hun ble tatt,\u00a0sa sersjant Mike Reynolds ved sheriffkontoret i Utah County p\u00e5 en pressekonferanse onsdag, skriver <a href=\"https:\/\/edition.cnn.com\/2026\/04\/01\/us\/ted-bundy-murder-laura-ann-aime-utah\" target=\"_blank\" rel=\"nofollow noopener\">CNN<\/a>. <\/p>\n<p>        <img loading=\"lazy\" decoding=\"async\" src=\"https:\/\/www.europesays.com\/no\/wp-content\/uploads\/2026\/04\/84449854.webp.webp\" width=\"980\" height=\"559\" title=\"LETTELSE: Etterforskningsleder Jake Hall klemmer Tommi Aime, yngste s\u00f8ster av Laura Ann Aime, etter at det ble kunngjort at nye DNA-bevis knytter Ted Bundy til drapet. Foto: Isaac Hale\/AP\" alt=\"\" class=\"\" style=\"--aspect-ratio-image: 1.75; \"\/><\/p>\n<p>\n        LETTELSE: Etterforskningsleder Jake Hall klemmer Tommi Aime, yngste s\u00f8ster av Laura Ann Aime, etter at det ble kunngjort at nye DNA-bevis knytter Ted Bundy til drapet. Foto: Isaac Hale\/AP\n    <\/p>\n<p>&#8211; Vi har f\u00f8lt smerten dere har kjent p\u00e5 hele denne tida, og vi har hatt et \u00f8nske om \u00e5 gi dere en form for lindring &#8211; vi kan egentlig ikke si avslutning.<\/p>\n<p>Terroriserte i \u00e5revis\t<\/p>\n<p>Theodore Robert Bundy er en av tidenes verste amerikanske seriemordere.\u00a0 Utover midten av 1970-tallet terroriserte han flere delstater.<\/p>\n<p class=\"font-weight-bold m-font-weight-bold\" data-lab-font_weight=\"font-weight-bold\">Det er ikke kjent n\u00e5r mannen med filmstjerneutseendet drepte f\u00f8rste gang, men innen 1974 begynte unge kvinner &#8211; mange av dem studenter &#8211; \u00e5 forsvinne i delstaten Washington.<\/p>\n<p>        <img loading=\"lazy\" decoding=\"async\" src=\"https:\/\/www.europesays.com\/no\/wp-content\/uploads\/2026\/04\/84449861.webp.webp\" width=\"667\" height=\"427\" title=\"HENRETTET I 1989: Bundy er knyttet til minst 30 drap p\u00e5 kvinner og jenter i flere amerikanske stater p\u00e5 1970-tallet. Foto: AP\" alt=\"\" class=\"\" style=\"--aspect-ratio-image: 1.56; \"\/><\/p>\n<p>\n        HENRETTET I 1989: Bundy er knyttet til minst 30 drap p\u00e5 kvinner og jenter i flere amerikanske stater p\u00e5 1970-tallet. Foto: AP\n    <\/p>\n<p>Bundy brukte sitt vakre utseende og sjarmerende vesen til \u00e5 lure sine ofre, og han er knyttet til minst 30 drap p\u00e5 kvinner og jenter.<\/p>\n<p>Da Laura ble drept, studerte Bundy jus ved University of Utah.<\/p>\n<p>    <a itemprop=\"url\" href=\"https:\/\/www.dagbladet.no\/nyheter\/candy-man-gaten-hvem-er-dette\/80030984\" rel=\"nofollow noopener\" target=\"_blank\"><\/p>\n<p>        <img loading=\"lazy\" decoding=\"async\" src=\"https:\/\/www.europesays.com\/no\/wp-content\/uploads\/2026\/04\/80031335.webp.webp\" width=\"147\" height=\"98\" title=\"\u00abCandy Man\u00bb-g\u00e5ten: Hvem er dette?\" alt=\"\" class=\"lazyload\" style=\"--aspect-ratio-image: 1.50; \"\/><\/p>\n<p>        \u00abCandy Man\u00bb-g\u00e5ten: Hvem er dette?<\/p>\n<p>    <\/a><\/p>\n<p>Drepte 12-\u00e5ring\t<\/p>\n<p>Han ble f\u00f8rst arrestert i 1975, og r\u00f8mte fra politiet to ganger f\u00f8r han til slutt ble tatt i Florida.<\/p>\n<p class=\"font-weight-bold m-font-weight-bold\" data-lab-font_weight=\"font-weight-bold\">Der drepte han to kvinner i et studenthjem og en 12 \u00e5r gammel jente. Hun skulle bli hans siste offer. Noen mener Ted Bundy drepte over 100 kvinner.<\/p>\n<p>Bare timer f\u00f8r han ble henrettet i den elektriske stolen i 1989, ble han igjen spurt om han har drept flere enn de 30 han innr\u00f8mmet \u00e5 st\u00e5 bak.<\/p>\n<p>&#8211; Kan jeg bomme en sigarett? svarte han FBI-agenten.<\/p>\n<p>Han fikk en r\u00f8yk, men nevnte ikke flere navn.<\/p>\n","protected":false},"excerpt":{"rendered":"Ny DNA-teknologi kan endelig knytte den fryktede seriemorderen Ted Bundy til et rystende ten\u00e5ringsdrap. SERIEMORDER: Ny DNA-testing har&hellip;\n","protected":false},"author":2,"featured_media":203555,"comment_status":"","ping_status":"","sticky":false,"template":"","format":"standard","meta":{"footnotes":"","_share_on_mastodon":"0"},"categories":[5],"tags":[20,21,24,25,15,19,22,23,17,18,13,30,28,29,14,16,19750,19749,26,27,3574,412],"class_list":["post-203554","post","type-post","status-publish","format-standard","has-post-thumbnail","category-overskrifter","tag-breaking-news","tag-breakingnews","tag-featured-news","tag-featurednews","tag-headlines","tag-hovedoppslag","tag-latest-news","tag-latestnews","tag-main-news","tag-mainnews","tag-news","tag-no","tag-norge","tag-norway","tag-nyheter","tag-overskrifter","tag-seriemorder","tag-ted-bundy","tag-top-stories","tag-topstories","tag-true-crime","tag-utenriks"],"share_on_mastodon":{"url":"https:\/\/pubeurope.com\/@no\/116333708950352192","error":""},"_links":{"self":[{"href":"https:\/\/www.europesays.com\/no\/wp-json\/wp\/v2\/posts\/203554","targetHints":{"allow":["GET"]}}],"collection":[{"href":"https:\/\/www.europesays.com\/no\/wp-json\/wp\/v2\/posts"}],"about":[{"href":"https:\/\/www.europesays.com\/no\/wp-json\/wp\/v2\/types\/post"}],"author":[{"embeddable":true,"href":"https:\/\/www.europesays.com\/no\/wp-json\/wp\/v2\/users\/2"}],"replies":[{"embeddable":true,"href":"https:\/\/www.europesays.com\/no\/wp-json\/wp\/v2\/comments?post=203554"}],"version-history":[{"count":0,"href":"https:\/\/www.europesays.com\/no\/wp-json\/wp\/v2\/posts\/203554\/revisions"}],"wp:featuredmedia":[{"embeddable":true,"href":"https:\/\/www.europesays.com\/no\/wp-json\/wp\/v2\/media\/203555"}],"wp:attachment":[{"href":"https:\/\/www.europesays.com\/no\/wp-json\/wp\/v2\/media?parent=203554"}],"wp:term":[{"taxonomy":"category","embeddable":true,"href":"https:\/\/www.europesays.com\/no\/wp-json\/wp\/v2\/categories?post=203554"},{"taxonomy":"post_tag","embeddable":true,"href":"https:\/\/www.europesays.com\/no\/wp-json\/wp\/v2\/tags?post=203554"}],"curies":[{"name":"wp","href":"https:\/\/api.w.org\/{rel}","templated":true}]}}