{"id":203584,"date":"2026-04-02T07:53:26","date_gmt":"2026-04-02T07:53:26","guid":{"rendered":"https:\/\/www.europesays.com\/no\/203584\/"},"modified":"2026-04-02T07:53:26","modified_gmt":"2026-04-02T07:53:26","slug":"grensehandel-sverige-massive-priskutt-i-hele-sverige","status":"publish","type":"post","link":"https:\/\/www.europesays.com\/no\/203584\/","title":{"rendered":"Grensehandel, Sverige | Massive priskutt i hele Sverige"},"content":{"rendered":"\n<p>(<a href=\"https:\/\/www.nettavisen.no\/okonomi\/massive-priskutt-i-hele-sverige\/s\/5-95-2961803\" rel=\"Follow nofollow noopener\" target=\"_blank\">Nettavisen<\/a>) \u2013 Jeg har ikke s\u00e5 store forh\u00e5pninger. Jeg er veldig skeptisk. Pris\u00f8kningene de siste \u00e5rene er veldig h\u00f8ye, sier Annnika Andersson (64) til Nettavisen, som Nettavisen m\u00f8ter i en ICA-butikk i Str\u00f8mstad..<\/p>\n<p>Onsdag 1. april halverer svenskene matmomsen fra 12 til 6 prosent. Prisene er allerede blitt satt ned mange steder, men fra og med onsdag gjelder det i hele Sverige. Det gj\u00f8r prisene i Sverige enda en god del billigere enn Norge.<\/p>\n<p>\u2013 Vi bor jo ganske n\u00e6r grensen, s\u00e5 vi har jo en hel del norske bekjente, s\u00e5 vi vet hva vi skal handle i Norge og ikke. Jeg handler aldri mat i Norge, og ikke alkohol, sier Andersson.<\/p>\n<p>   <img decoding=\"async\" width=\"4032\" height=\"3024\" fetchpriority=\"low\"  loading=\"lazy\"  src=\"https:\/\/www.europesays.com\/no\/wp-content\/uploads\/2026\/04\/1775116402_91_IMG_2989.jpg\" alt=\"\" class=\"brick-c-cFOWSL\" style=\"--brick-image-ratio: 4032 \/ 3024;\"\/><\/p>\n<p>      KUTT: ICA er Sveriges st\u00f8rste matvarekjede.<br \/>\n      Foto: Erik Molland\n    <\/p>\n<p>  Butikkene m\u00e5 passe seg<\/p>\n<p>\u2013 Det er kjempebra, sier Niklas, om momskuttet. Han er ogs\u00e5 p\u00e5 handletur til ICA.<\/p>\n<p>Han tror likevel ikke prisene vil holde seg s\u00e5 lave etter kuttet og at de blir snart justert opp igjen.<\/p>\n<p>\u2013 Butikkene m\u00e5 jo passe seg litt for \u00e5 ligge lavt hvis alle f\u00f8lger med n\u00e5, men det kommer nok til \u00e5 justere seg, sier Niklas, som mener det b\u00f8r bli mer konkurranse hvis det skal v\u00e6re konkuranse.<\/p>\n<p>\u2013 Andre akt\u00f8rer som kommer inn i bildet etter hvert vil hjelpe, sier han.<\/p>\n<p>   <img decoding=\"async\" width=\"1500\" height=\"440\" fetchpriority=\"low\"  loading=\"lazy\"  src=\"https:\/\/www.europesays.com\/no\/wp-content\/uploads\/2026\/04\/Erik+Molland+Halvor+Ripegutu+svenskegrensen.jpg\" alt=\"\" class=\"brick-c-cFOWSL\" style=\"--brick-image-ratio: 1500 \/ 440;\"\/><\/p>\n<p>  F\u00f8lger med p\u00e5 prisene<\/p>\n<p>Det er Konsumentverket i Sverige som overv\u00e5ker prisene sammen med Konjunkturinstitutet (KI).I Sverige skal Konsumentverket passe p\u00e5 at momskuttet p\u00e5 matvarer faktisk g\u00e5r til forbrukerne og ikke havner i lommene p\u00e5 eierne av dagligvarekjedene. De har n\u00e5 et eget prosjekt igang for \u00e5 s\u00f8rge for at det Niklas frykter ikke skjer, at butikkeierne tar gevinsten av momskuttet.<\/p>\n<p>Prosjektleder Christina Difs forklarer at de benytter offisiell statistikk fra Statistiska centralbyr\u00e5n (SCB) som hovedkilde for \u00e5 dokumentere prisendringene.<\/p>\n<p>\u2014 Vi skal f\u00f8lge med p\u00e5 hvordan matvareprisene utvikler seg b\u00e5de f\u00f8r, under og etter denne reduksjonen. Vi tar utgangspunkt i konsumprisindeksen og ser b\u00e5de p\u00e5 det overordnede niv\u00e5et og spesifikke undergrupper av matvarer, sier Difs til Nettavisen.<\/p>\n<p>Selv om statistikken vil gi et tydelig bilde av prisniv\u00e5et f\u00f8r og etter 1. april, sier Difs at det \u00f8konomiske bildet er komplekst.\u00a0<\/p>\n<p>   <img decoding=\"async\" width=\"4032\" height=\"3024\" fetchpriority=\"low\"  loading=\"lazy\"  src=\"https:\/\/www.europesays.com\/no\/wp-content\/uploads\/2026\/04\/1775116403_457_IMG_2980.jpg\" alt=\"\" class=\"brick-c-cFOWSL\" style=\"--brick-image-ratio: 4032 \/ 3024;\"\/><\/p>\n<p>  St\u00f8yete datagrunnlag<\/p>\n<p>Faktorer som krigen i Ukraina, samt svingninger i drivstoff- og gj\u00f8dselpriser, skaper et \u00abst\u00f8yete\u00bb datagrunnlag som gj\u00f8r det krevende \u00e5 skille momseffekten fra generelle pris\u00f8kninger.<\/p>\n<p>\u2014 Fremover blir det vanskeligere \u00e5 skille ut hva som er selve momssenkingen og hva som er \u00f8vrige pris\u00f8kninger. Vi planlegger derfor \u00e5 bruke ulike metoder, blant annet sammenligningsgrupper mot andre land og andre varetyper, for \u00e5 utlede n\u00f8yaktig hva som skyldes momskuttet, forklarer hun.<\/p>\n<p>  <a href=\"https:\/\/www.glomdalen.no\/80-19-240639\" class=\"related-teaser has-image article--c-MkAkR\" rel=\"nofollow noopener\" target=\"_blank\"><\/p>\n<p>    <img decoding=\"async\" width=\"155\"  loading=\"lazy\"  src=\"https:\/\/www.europesays.com\/no\/wp-content\/uploads\/2026\/04\/image_72AA74B1-FB2E-4A3D-AD48-95D857E4813F_1775030159.jpeg\" alt=\"\" class=\"brick-c-cFOWSL\" style=\"\"\/><\/p>\n<p>\n            Les ogs\u00e5<\/p>\n<p>            Priskutt i Norge \u2013 likevel k\u00f8 p\u00e5 grensa\n        <\/p>\n<p>  <\/a><\/p>\n<p>If\u00f8lge Difs er det mange svenske forbrukere som frykter at butikkene vil beholde gevinsten selv.\u00a0<\/p>\n<p>Selv tror Difs at konkurransen i bransjen sikrer lavere priser i f\u00f8rste omgang. Hun forteller at mange kjeder har tyvstartet for \u00e5 bli ferdige med de tekniske justeringene.<\/p>\n<p>\u2014 P\u00e5 kort sikt tror jeg man vil se at denne momssenkingen sl\u00e5r bredt igjennom i de fleste butikker. Mange akt\u00f8rer satte ned prisene allerede i g\u00e5r, fordi det er en s\u00e5 stor jobb \u00e5 endre prisopplysningene p\u00e5 hyllene og i systemene deres, sier Difs, og legger til at det er et enormt fokus p\u00e5 saken i Sverige n\u00e5.<\/p>\n<p>Hun trekker ogs\u00e5 frem private initiativer som \u00abMatpriskollen\u00bb, som har lansert kampanjen Moms\u00e4krad butik. Her f\u00e5r butikker som kan dokumentere priskutt et sertifikat de kan bruke i markedsf\u00f8ringen.\u00a0<\/p>\n<p>\u2014 Det er stor interesse rundt dette, b\u00e5de fra media, politikere og forbrukere, avslutter hun.<\/p>\n<p>  <a href=\"https:\/\/www.glomdalen.no\/80-19-240738\" class=\"related-teaser has-image article--c-MkAkR\" rel=\"nofollow noopener\" target=\"_blank\"><\/p>\n<p>    <img decoding=\"async\" width=\"155\"  loading=\"lazy\"  src=\"https:\/\/www.europesays.com\/no\/wp-content\/uploads\/2026\/04\/image_9F5674FB-449E-4231-B213-AD4B51403DCF_1775043577.jpeg\" alt=\"\" class=\"brick-c-cFOWSL\" style=\"\"\/><\/p>\n<p>\n            Les ogs\u00e5<\/p>\n<p>            Her er det billigere enn i Sverige: \u2013 Vi har kuttet slik vi ble bedt om\n        <\/p>\n<p>  <\/a><br \/>\n  Skeptisk<\/p>\n<p>\u2013 Man alltid er skeptisk p\u00e5 er jo om fortjenesten kommer kundene til gode. Butikkene hever kanskje ikke prisene med en gang, men etterhvert s\u00e5 hever de prisene. Det er jo mulighet for \u00e5 ta ut litt mer marginer, sier nordmann Geir Stene-Larsen, 70, som ogs\u00e5 er p\u00e5 handletur p\u00e5 ICA.<\/p>\n<p>   <img decoding=\"async\" width=\"4032\" height=\"3024\" fetchpriority=\"low\"  loading=\"lazy\"  src=\"https:\/\/www.europesays.com\/no\/wp-content\/uploads\/2026\/04\/1775116406_152_IMG_2999.jpg\" alt=\"\" class=\"brick-c-cFOWSL\" style=\"--brick-image-ratio: 4032 \/ 3024;\"\/><\/p>\n<p>      HANDLER I SVERIGE: Geir Stene-Larsen (70)<br \/>\n      Foto: Erik Molland\n    <\/p>\n<p>Han tror likevel svenske myndigheter kan klare \u00e5 holde butikkkjempene i skinnet.<\/p>\n<p>\u2013 Ja, hvis de har litt sanksjonsmuligheter. Svenskene er mye flinkere enn oss til \u00e5 f\u00f8lge regler. I Norge s\u00e5 driter man jo i det, men her er det jo s\u00e5nn at en regel er en regel, den m\u00e5 man f\u00f8lge, sier han.<\/p>\n<p>Kan f\u00f8lge opp i Norge?<\/p>\n<p>Svenskenes halvering av matmomsen kan presse b\u00e5de politikere og dagligvarekjeder i Norge. Det tror Ellen Horn\u00e6s (67) fra Kristiansand.<\/p>\n<p>\u2014 Ja, jeg tror faktisk det. N\u00e5r Sverige kutter, s\u00e5 kan vi ikke sitte p\u00e5 gjerdet for lenge og vente, sier hun.<\/p>\n<p>Hun var p\u00e5 handletur p\u00e5 Norby Supermarket tirsdag, bare timer f\u00f8r momskuttet tr\u00e5dte i kraft f\u00f8rste april.<\/p>\n<p>\u2014 Jeg tror Arbeiderpartiet er ganske presset. Hvis de skal vinne neste valg, s\u00e5 er de n\u00f8dt til \u00e5 gj\u00f8re noen ting.<\/p>\n<p>Samtidig er hun bekymret for at et momskutt ikke n\u00f8dvendigvis g\u00e5r til kundene.<\/p>\n<p>\u2014 Jeg er redd for at det skal bli de store h\u00f8ye herrer som g\u00e5r av med seieren og tar hele momskuttet, mer eller mindre.<\/p>\n","protected":false},"excerpt":{"rendered":"(Nettavisen) \u2013 Jeg har ikke s\u00e5 store forh\u00e5pninger. Jeg er veldig skeptisk. Pris\u00f8kningene de siste \u00e5rene er veldig&hellip;\n","protected":false},"author":2,"featured_media":203163,"comment_status":"","ping_status":"","sticky":false,"template":"","format":"standard","meta":{"footnotes":"","_share_on_mastodon":"0"},"categories":[10],"tags":[36,20,21,24,25,679,15,22,23,1229,13,30,28,29,14,16,1510,1359,26,27],"class_list":["post-203584","post","type-post","status-publish","format-standard","has-post-thumbnail","category-norge","tag-art","tag-breaking-news","tag-breakingnews","tag-featured-news","tag-featurednews","tag-grensehandel","tag-headlines","tag-latest-news","tag-latestnews","tag-matpriser","tag-news","tag-no","tag-norge","tag-norway","tag-nyheter","tag-overskrifter","tag-story","tag-sverige","tag-top-stories","tag-topstories"],"share_on_mastodon":{"url":"https:\/\/pubeurope.com\/@no\/116334035840470828","error":""},"_links":{"self":[{"href":"https:\/\/www.europesays.com\/no\/wp-json\/wp\/v2\/posts\/203584","targetHints":{"allow":["GET"]}}],"collection":[{"href":"https:\/\/www.europesays.com\/no\/wp-json\/wp\/v2\/posts"}],"about":[{"href":"https:\/\/www.europesays.com\/no\/wp-json\/wp\/v2\/types\/post"}],"author":[{"embeddable":true,"href":"https:\/\/www.europesays.com\/no\/wp-json\/wp\/v2\/users\/2"}],"replies":[{"embeddable":true,"href":"https:\/\/www.europesays.com\/no\/wp-json\/wp\/v2\/comments?post=203584"}],"version-history":[{"count":0,"href":"https:\/\/www.europesays.com\/no\/wp-json\/wp\/v2\/posts\/203584\/revisions"}],"wp:featuredmedia":[{"embeddable":true,"href":"https:\/\/www.europesays.com\/no\/wp-json\/wp\/v2\/media\/203163"}],"wp:attachment":[{"href":"https:\/\/www.europesays.com\/no\/wp-json\/wp\/v2\/media?parent=203584"}],"wp:term":[{"taxonomy":"category","embeddable":true,"href":"https:\/\/www.europesays.com\/no\/wp-json\/wp\/v2\/categories?post=203584"},{"taxonomy":"post_tag","embeddable":true,"href":"https:\/\/www.europesays.com\/no\/wp-json\/wp\/v2\/tags?post=203584"}],"curies":[{"name":"wp","href":"https:\/\/api.w.org\/{rel}","templated":true}]}}