{"id":203728,"date":"2026-04-02T12:56:26","date_gmt":"2026-04-02T12:56:26","guid":{"rendered":"https:\/\/www.europesays.com\/no\/203728\/"},"modified":"2026-04-02T12:56:26","modified_gmt":"2026-04-02T12:56:26","slug":"motvind-har-feil-om-vindkraft","status":"publish","type":"post","link":"https:\/\/www.europesays.com\/no\/203728\/","title":{"rendered":"Motvind har feil om vindkraft"},"content":{"rendered":"<p> <img alt=\"Fr\u00f8ya Skjold Sjurs\u00e6ther (MDG) Foto: Fredrik Solstad  \/ VG\" class=\"_image_jw3bv_65 layout-component layout-wide\" data-fullscreen- data-track-element-type=\"Article image fullscreen\" data-track-name=\"ImageFullscreen\" fetchpriority=\"high\" decoding=\"sync\" loading=\"eager\" height=\"2656\" itemprop=\"image\"  src=\"https:\/\/www.europesays.com\/no\/wp-content\/uploads\/2026\/04\/591bf6c0-be40-4eec-8beb-3a27887f9729.jpeg\"  style=\"object-position:0% 0%\" width=\"3984\"\/>Fr\u00f8ya Skjold Sjurs\u00e6ther (MDG) Foto: Fredrik Solstad  \/ VGOnsdag 1. april kl. 10:45     <\/p>\n<p class=\"_paragraph_145nj_4 _paragraph_6fko5_10 layout-component text-serif-m layout-normal text-serif-m layout-padded\"><a href=\"https:\/\/www.vg.no\/i\/n1110x?utm_source=iosapp&amp;utm_medium=share\" data-track-element-type=\"Link\" data-track-id=\"link:n1110x\" class=\"_link_145nj_39\" rel=\"nofollow noopener\" target=\"_blank\">Det stemmer ikke. <\/a>Dessverre.<\/p>\n<p class=\"_paragraph_145nj_4 _paragraph_6fko5_10 layout-component text-serif-m layout-normal text-serif-m layout-padded\">Det er riktig at Norge lenge har hatt et overskudd av fornybar kraft, som har gitt oss muligheten til \u00e5 selge str\u00f8m til utlandet.<\/p>\n<p class=\"_paragraph_145nj_4 _paragraph_6fko5_10 layout-component text-serif-m layout-normal text-serif-m layout-padded\">Men, str\u00f8mforbruket i Norge har \u00f8kt og fornybarutbyggingen st\u00e5tt bom stille. Situasjonen er ikke den samme som den har pleid.<a href=\"https:\/\/www.vg.no\/tag\/motvind?utm_source=vg-article&amp;utm_medium=auto-tagger&amp;utm_campaign=8ppkkW\" class=\"_link_145nj_39\" rel=\"nofollow noopener\" target=\"_blank\">Motvind<\/a> tror kanskje ikke at det betyr at vi vil trenge mer fornybar kraftutbygging. Men det mener derimot noen av landets smarteste energifolk i DNV, som varsler at\u00a0<a href=\"https:\/\/energiwatch.no\/nyheter\/fornybar\/article18797417.ece\" class=\"_link_145nj_39\" rel=\"nofollow noopener\" target=\"_blank\">Norge g\u00e5r mot kraftunderskudd.<\/a><\/p>\n<p><img alt=\"I 2023 avholdt MotVind en markering til st\u00f8tte for Fosen-samene.   Foto: Lise \u00c5serud \/ NTB\" class=\"_image_jw3bv_65 layout-component layout-normal\" data-fullscreen- data-track-element-type=\"Article image fullscreen\" data-track-name=\"ImageFullscreen\" decoding=\"async\" loading=\"lazy\" height=\"3665\" itemprop=\"image\"  src=\"https:\/\/www.europesays.com\/no\/wp-content\/uploads\/2026\/04\/f7b30f91-5264-4f8e-b96d-6fff455cfc8e.jpeg\"  style=\"object-position:0% 0%\" width=\"5886\"\/>I 2023 avholdt MotVind en markering til st\u00f8tte for Fosen-samene.   Foto: Lise \u00c5serud \/ NTB<\/p>\n<p class=\"_paragraph_145nj_4 _paragraph_6fko5_10 layout-component text-serif-m layout-normal text-serif-m layout-padded\">Hvis ikke vi snur, betyr det at vi vil m\u00e5tte kj\u00f8pe dyr str\u00f8m fra v\u00e5re europeiske naboland. Ethvert seri\u00f8st scenario for hvordan Europa og Norge skal dekke fremtidens energibehov, inneb\u00e6rer utbygging av mer vindkraft. Ogs\u00e5 hvis vi satser massivt p\u00e5 solceller p\u00e5 tak, fjernvarme eller energisparing samtidig.<\/p>\n<p class=\"_paragraph_145nj_4 _paragraph_6fko5_10 layout-component text-serif-m layout-normal text-serif-m layout-padded\"><a href=\"https:\/\/www.fornybarnorge.no\/publikasjoner\/rapport\/2021\/fornybarometeret-host-2021\/status-fornybarandelen-i-norge\/\" class=\"_link_145nj_39\" rel=\"nofollow noopener\" target=\"_blank\">I Norge er om lag femti prosent av energibruken fortsatt fossil<\/a>. I l\u00f8pet av de neste \u00e5rene skal dette erstattes med str\u00f8m, og den str\u00f8mmen m\u00e5 komme fra et sted. Hovedpotenisalet ligger i landvind, iallfall p\u00e5 kort sikt.\u00a0<a href=\"https:\/\/www.hydro.com\/no\/no\/media\/nyheter\/2026\/hydro-vil-utrede-vindkraft-for-industriutvikling-pa-haugalandet\/\" class=\"_link_145nj_39\" rel=\"nofollow noopener\" target=\"_blank\">Industrien varsler at de vil trenge mye mer vindkraft fort,<\/a>\u00a0hvis de for eksempel skal kunne fortsette \u00e5 kutte utslipp og konkurrere med Kina i\u00a0\u00a0aluminiumsproduksjonen. F\u00e5r de ikke mer fornybar kraft n\u00e5 snart, st\u00e5r flere\u00a0<a href=\"https:\/\/www.nrk.no\/vestfoldogtelemark\/industrigiganter-skroter-klimasatsing-_-frykter-10.000-kan-miste-jobben-1.17821028\" class=\"_link_145nj_39\" rel=\"nofollow noopener\" target=\"_blank\">bedrifter i fare for \u00e5 m\u00e5tte nedskalere produksjonen det neste ti\u00e5ret.<\/a><\/p>\n<p class=\"_paragraph_145nj_4 _paragraph_6fko5_10 layout-component text-serif-m layout-normal text-serif-m layout-padded\">Uten vindkraft blir str\u00f8mmen dyrere, hj\u00f8rnesteinsbedrifter og arbeidsplasser g\u00e5r tapt, og klimaomstillingen blir tiln\u00e6rmet umulig. Det siste ligger selvsagt mitt hjerte aller n\u00e6rmest.<\/p>\n<p><img alt=\"Tonstad vindpark.  Foto: Tomm W. Christiansen \/ VG\" class=\"_image_jw3bv_65 layout-component layout-normal\" data-fullscreen- data-track-element-type=\"Article image fullscreen\" data-track-name=\"ImageFullscreen\" decoding=\"async\" loading=\"lazy\" height=\"8192\" itemprop=\"image\"  src=\"https:\/\/www.europesays.com\/no\/wp-content\/uploads\/2026\/04\/9267d542-8f36-4aec-b7ee-71ed99cbf8e4.jpeg\"  style=\"object-position:0% 0%\" width=\"5464\"\/>Tonstad vindpark.  Foto: Tomm W. Christiansen \/ VG<\/p>\n<p class=\"_paragraph_145nj_4 _paragraph_6fko5_10 layout-component text-serif-m layout-normal text-serif-m layout-padded\">MDG fremmer stadig forslag for \u00e5 spare mer p\u00e5 str\u00f8mmen.<\/p>\n<p class=\"_paragraph_145nj_4 _paragraph_6fko5_10 layout-component text-serif-m layout-normal text-serif-m layout-padded\">For \u00e5 nevne noe, er vi mot gr\u00f8nnvasking og elektrifisering av oljeplattformer. Vi vil regulere datasentrene i Norge, og forby utvinning av kryptovaluta.<\/p>\n<p class=\"_paragraph_145nj_4 _paragraph_6fko5_10 layout-component text-serif-m layout-normal text-serif-m layout-padded\">Vi har hele tiden v\u00e6rt mot Norgespris p\u00e5 str\u00f8m, som har f\u00f8rt til \u00f8kt str\u00f8msl\u00f8sing blant husholdningene.<\/p>\n<p class=\"_paragraph_145nj_4 _paragraph_6fko5_10 layout-component text-serif-m layout-normal text-serif-m layout-padded\">Vi har \u00f8kt Enovast\u00f8tten til EN\u00d8K-tiltak, og har heiet p\u00e5 EU-direktiv om energieffektivisering i bygg.<\/p>\n<p class=\"_paragraph_145nj_4 _paragraph_6fko5_10 layout-component text-serif-m layout-normal text-serif-m layout-padded\"><a href=\"https:\/\/www.stortinget.no\/no\/Saker-og-publikasjoner\/Publikasjoner\/Representantforslag\/2025-2026\/dok8-202526-260s\/?all=true\" class=\"_link_145nj_39\" rel=\"nofollow noopener\" target=\"_blank\">Forrige uke fremmet jeg forslag i Stortinget<\/a>\u00a0om \u00e5 utnytte tak, vegger og nedbygde omr\u00e5der til solscellepanel.<\/p>\n<p class=\"_paragraph_145nj_4 _paragraph_6fko5_10 layout-component text-serif-m layout-normal text-serif-m layout-padded\"><strong class=\"_strong_145nj_25\">Poenget er: Jeg er enig i at vindkraft alene ikke er l\u00f8sningen. Men det er en viktig del av den. Bit-for-bit nedbyggingen av norsk natur kan holde enhver MDG-politiker v\u00e5ken om nettene, ogs\u00e5 meg.<\/strong><\/p>\n<p class=\"_paragraph_145nj_4 _paragraph_6fko5_10 layout-component text-serif-m layout-normal text-serif-m layout-padded\">Vi m\u00e5 finne en balanse som gj\u00f8r at vi b\u00e5de f\u00e5r bygget ut nok fornybar energi, og samtidig vernet den s\u00e5rbare naturen for gigantiske vindkraftparker.\u00a0<a href=\"https:\/\/www.stortinget.no\/no\/Saker-og-publikasjoner\/Publikasjoner\/Representantforslag\/2025-2026\/dok8-202526-261s\/?all=true\" class=\"_link_145nj_39\" rel=\"nofollow noopener\" target=\"_blank\">Derfor foresl\u00e5r jeg<\/a>\u00a0\u00e5 allerede n\u00e5 fastsl\u00e5 hvilke omr\u00e5der som aldri skal bygges ut, der hvor naturverdiene rett og slett er for store. Jeg foresl\u00e5r ogs\u00e5 en rekke tiltak som gir insentiv til \u00e5 bygge langs motorveier, n\u00e6ringsbygg og i nedbygde omr\u00e5der.<\/p>\n<p class=\"_paragraph_145nj_4 _paragraph_6fko5_10 layout-component text-serif-m layout-normal text-serif-m layout-padded\">Jeg foresl\u00e5r ogs\u00e5 tiltak som gir kommunene og befolkningen mer igjen for \u00e5 si ja til vindkraft, for \u00e5 gj\u00f8re belastningen mindre.<\/p>\n<p class=\"_paragraph_145nj_4 _paragraph_6fko5_10 layout-component text-serif-m layout-normal text-serif-m layout-padded\">Jeg skulle gjerne droppet \u00e5 gj\u00f8re meg upopul\u00e6r i Motvind.<\/p>\n<p class=\"_paragraph_145nj_4 _paragraph_6fko5_10 layout-component text-serif-m layout-normal text-serif-m layout-padded\">Men hvis jeg hadde lukket \u00f8ynene for den politikken som \u00e5penbart trengs for \u00e5 elektrifisere samfunnet, n\u00e5 klimam\u00e5lene og unng\u00e5 industrinedleggelse i Norge, ville jeg ikke gjort jobben min.<\/p>\n<p>   Dette er en kronikk. Kronikken gir uttrykk for skribentens holdning. Du kan sende inn kronikker og debattinnlegg til <a class=\"_link_jv5ak_10\" href=\"https:\/\/www.vg.no\/nyheter\/i\/8ppkkW\/mailto:debatt@vg.no\" rel=\"nofollow noopener\" target=\"_blank\">debatt@vg.no<\/a>. <\/p>\n","protected":false},"excerpt":{"rendered":"Fr\u00f8ya Skjold Sjurs\u00e6ther (MDG) Foto: Fredrik Solstad \/ VGOnsdag 1. april kl. 10:45 Det stemmer ikke. Dessverre. Det&hellip;\n","protected":false},"author":2,"featured_media":203729,"comment_status":"","ping_status":"","sticky":false,"template":"","format":"standard","meta":{"footnotes":"","_share_on_mastodon":"0"},"categories":[5],"tags":[20,21,274,24,25,15,19,22,23,17,18,12311,13,30,28,29,14,16,26,27,1454],"class_list":["post-203728","post","type-post","status-publish","format-standard","has-post-thumbnail","category-overskrifter","tag-breaking-news","tag-breakingnews","tag-europa","tag-featured-news","tag-featurednews","tag-headlines","tag-hovedoppslag","tag-latest-news","tag-latestnews","tag-main-news","tag-mainnews","tag-motvind","tag-news","tag-no","tag-norge","tag-norway","tag-nyheter","tag-overskrifter","tag-top-stories","tag-topstories","tag-vindkraft"],"share_on_mastodon":{"url":"https:\/\/pubeurope.com\/@no\/116335227179563126","error":""},"_links":{"self":[{"href":"https:\/\/www.europesays.com\/no\/wp-json\/wp\/v2\/posts\/203728","targetHints":{"allow":["GET"]}}],"collection":[{"href":"https:\/\/www.europesays.com\/no\/wp-json\/wp\/v2\/posts"}],"about":[{"href":"https:\/\/www.europesays.com\/no\/wp-json\/wp\/v2\/types\/post"}],"author":[{"embeddable":true,"href":"https:\/\/www.europesays.com\/no\/wp-json\/wp\/v2\/users\/2"}],"replies":[{"embeddable":true,"href":"https:\/\/www.europesays.com\/no\/wp-json\/wp\/v2\/comments?post=203728"}],"version-history":[{"count":0,"href":"https:\/\/www.europesays.com\/no\/wp-json\/wp\/v2\/posts\/203728\/revisions"}],"wp:featuredmedia":[{"embeddable":true,"href":"https:\/\/www.europesays.com\/no\/wp-json\/wp\/v2\/media\/203729"}],"wp:attachment":[{"href":"https:\/\/www.europesays.com\/no\/wp-json\/wp\/v2\/media?parent=203728"}],"wp:term":[{"taxonomy":"category","embeddable":true,"href":"https:\/\/www.europesays.com\/no\/wp-json\/wp\/v2\/categories?post=203728"},{"taxonomy":"post_tag","embeddable":true,"href":"https:\/\/www.europesays.com\/no\/wp-json\/wp\/v2\/tags?post=203728"}],"curies":[{"name":"wp","href":"https:\/\/api.w.org\/{rel}","templated":true}]}}