{"id":203754,"date":"2026-04-02T13:30:12","date_gmt":"2026-04-02T13:30:12","guid":{"rendered":"https:\/\/www.europesays.com\/no\/203754\/"},"modified":"2026-04-02T13:30:12","modified_gmt":"2026-04-02T13:30:12","slug":"vi-er-dypt-bekymret","status":"publish","type":"post","link":"https:\/\/www.europesays.com\/no\/203754\/","title":{"rendered":"\u2013 Vi er dypt bekymret"},"content":{"rendered":"\n<p class=\"_lead_145nj_2 _lead_6fko5_53 layout-component text-serif-m layout-normal text-serif-l layout-component layout-wide layout-padded _wide_17hqh_1 layout-padded\">Reportere uten grenser og andre presseorganisasjoner jobber p\u00e5 spreng etter at Shelly Kittleson tirsdag ble kidnappet i Bagdad i Irak. <\/p>\n<p> <img class=\"_image_jw3bv_65 layout-component layout-wide\" data-fullscreen- data-track-element-type=\"Article image fullscreen\" data-track-name=\"ImageFullscreen\" fetchpriority=\"high\" decoding=\"sync\" loading=\"eager\" height=\"181\" itemprop=\"image\"  src=\"https:\/\/www.europesays.com\/no\/wp-content\/uploads\/2026\/04\/f6f646353f47916ed795ed2665c752e0.jpg\"  style=\"object-position:50% 50%;aspect-ratio:1.75;height:auto;object-fit:cover;width:100%\" width=\"102\"\/>  <\/p>\n<ul aria-hidden=\"true\" class=\"_images_ntbth_112\">\n<li><a class=\"_link_ntbth_117\" href=\"https:\/\/www.vg.no\/forfatter\/bendik-hansen\" style=\"z-index:2\" title=\"Bendik Hansen\" rel=\"nofollow noopener\" target=\"_blank\"><img alt=\"Bilde av Bendik Hansen\" class=\"_image_ntbth_93\" fetchpriority=\"low\" loading=\"lazy\" decoding=\"async\" itemprop=\"image\"  src=\"https:\/\/www.europesays.com\/no\/wp-content\/uploads\/2026\/04\/1775136612_474_236bc5a3-2236-4046-b957-81f29d024aa6.png\"  width=\"480\"\/><\/a><\/li>\n<li><a class=\"_link_ntbth_117\" href=\"https:\/\/www.vg.no\/forfatter\/joakim-midtboe-viland\" style=\"z-index:1\" title=\"Joakim Midtb\u00f8 Viland\" rel=\"nofollow noopener\" target=\"_blank\"><img alt=\"Bilde av Joakim Midtb\u00f8 Viland\" class=\"_image_ntbth_93\" fetchpriority=\"low\" loading=\"lazy\" decoding=\"async\" itemprop=\"image\"  src=\"https:\/\/www.europesays.com\/no\/wp-content\/uploads\/2026\/04\/27726afb-18dd-471c-8b60-34201a4c4864.jpeg\"  width=\"480\"\/><\/a><\/li>\n<\/ul>\n<p> Oppdatert torsdag 2. april kl. 15:16    <\/p>\n<ul class=\"_list_145nj_3 _list_64s2r_85 _unordered_145nj_106 text-sans-m\">\n<li class=\"_item_145nj_30\">Den amerikanske journalisten Shelly Kittleson er kidnappet i Bagdad.<\/li>\n<li class=\"_item_145nj_30\">Kidnappingen er antatt \u00e5 v\u00e6re relatert til trusler fra en person med koblinger til Kata\u2019ib Hizbollah.<\/li>\n<li class=\"_item_145nj_30\">Reportere uten grenser jobber intensivt for \u00e5 skaffe informasjon og \u00f8ke bevisstheten rundt kidnappingen.<\/li>\n<li class=\"_item_145nj_30\">Nettstedet Al-Monitor  ber om \u00f8yeblikkelig l\u00f8slatelse.<\/li>\n<\/ul>\n<p>Vis mer <\/p>\n<p class=\"_paragraph_145nj_4 _paragraph_6fko5_10 layout-component text-serif-m layout-normal text-serif-m layout-padded\">Tirsdag kveld bekreftet utenriksdepartementet i Washington at <a href=\"https:\/\/www.vg.no\/nyheter\/i\/k00G59\/amerikansk-journalist-kidnappet-i-bagdad\" data-track-element-type=\"Link\" data-track-id=\"link:k00G59\" class=\"_link_145nj_39\" rel=\"nofollow noopener\" target=\"_blank\">en amerikansk journalist er kidnappet<\/a> i den irakiske hovedstaden. <\/p>\n<p class=\"_paragraph_145nj_4 _paragraph_6fko5_10 layout-component text-serif-m layout-normal text-serif-m layout-padded\"><strong class=\"_strong_145nj_25\">Senere ble det kjent at det er snakk om frilansjournalisten Shelly Kittleson. <\/strong><\/p>\n<p class=\"_paragraph_145nj_4 _paragraph_6fko5_10 layout-component text-serif-m layout-normal text-serif-m layout-padded\">Kittleson er en erfaren journalist og har rapportert mye fra Irak, Syria og Afghanistan. <\/p>\n<p><img alt=\"Shelly Kittleson er en amerikansk frilansjournalist med base i Bagdad.  Foto: Bilde fra Kittlesons Instagram-konto\" class=\"_image_jw3bv_65 layout-component layout-normal\" data-fullscreen- data-track-element-type=\"Article image fullscreen\" data-track-name=\"ImageFullscreen\" decoding=\"async\" loading=\"lazy\" height=\"524\" itemprop=\"image\"  src=\"https:\/\/www.europesays.com\/no\/wp-content\/uploads\/2026\/04\/396b00b9-0fe5-489f-9518-1af6a9d9c5d6.png\"  style=\"object-position:0% 0%\" width=\"605\"\/>Shelly Kittleson er en amerikansk frilansjournalist med base i Bagdad.  Foto: Bilde fra Kittlesons Instagram-konto<\/p>\n<p class=\"_paragraph_145nj_4 _paragraph_6fko5_10 layout-component text-serif-m layout-normal text-serif-m layout-padded\">Amerikansk UD har tidligere advart Kittleson om at det er fremsatt truslet mot henne \u2013 blant annet fra en person med koblinger til den Iran-tilknyttede Kata\u2019ib Hizbollah-militsen. <\/p>\n<p class=\"_paragraph_145nj_4 _paragraph_6fko5_10 layout-component text-serif-m layout-normal text-serif-m layout-padded\">Personen som skal ha truet Kittleson er antatt \u00e5 ha v\u00e6rt involvert i kidnappingen og er arrestert av irakiske myndigheter, if\u00f8lge Reuters. <\/p>\n<p class=\"_paragraph_145nj_4 _paragraph_6fko5_10 layout-component text-serif-m layout-normal text-serif-m layout-padded\">Det er versjoner av hvordan Kittleson skal ha blitt kidnappet. <\/p>\n<p class=\"_paragraph_145nj_4 _paragraph_6fko5_10 layout-component text-serif-m layout-normal text-serif-m layout-padded\"><strong class=\"_strong_145nj_25\">Flere medier melder at hun ble tatt av fire menn i sivile kl\u00e6r og f\u00f8rt bort i en bil.<\/strong><\/p>\n<p class=\"_paragraph_145nj_4 _paragraph_6fko5_10 layout-component text-serif-m layout-normal text-serif-m layout-padded\">Jakten p\u00e5 kidnapperne er konsentrert rundt den \u00f8stlige delen av hovedstaden, dit bilen deres if\u00f8lge politiet tok veien.<\/p>\n<p class=\"_paragraph_145nj_4 _paragraph_6fko5_10 layout-component text-serif-m layout-normal text-serif-m layout-padded\">\u2013 Bortf\u00f8ringen av Shelly Kittleson er en tragisk p\u00e5minnelse om de ekstremt farlige arbeidsforholdene som journalister, og s\u00e6rlig frilansjournalister, st\u00e5r overfor i omr\u00e5der der v\u00e6pnede grupper er aktive, sier Martin Roux til VG. <\/p>\n<p class=\"_paragraph_145nj_4 _paragraph_6fko5_10 layout-component text-serif-m layout-normal text-serif-m layout-padded\">Han er leder for kriseh\u00e5ndtering i den uavhengige, internasjonale journalistorganisasjonen Reportere uten grenser (RSF). Form\u00e5let deres er \u00e5 sikre at alle har tilgang til fri informasjon, samt beskytte journalister mot overgrep og fengsling. <\/p>\n<p class=\"_paragraph_145nj_4 _paragraph_6fko5_10 layout-component text-serif-m layout-normal text-serif-m layout-padded\"><strong class=\"_strong_145nj_25\">\u2013 RSF er fullt mobilisert i denne saken, sier han. <\/strong><\/p>\n<p class=\"_paragraph_145nj_4 _paragraph_6fko5_10 layout-component text-serif-m layout-normal text-serif-m layout-padded\">Han forteller at de brukte hele onsdagen p\u00e5 \u00e5 samle s\u00e5 mye informasjon som mulig, for \u00e5 \u00f8ke den offentlige bevisstheten rundt bortf\u00f8ringen. Samtidig koordinerer de med andre organisasjoner for \u00e5 f\u00e5 enda mer fokus p\u00e5 hendelsen. <\/p>\n<p class=\"_paragraph_145nj_4 _paragraph_6fko5_10 layout-component text-serif-m layout-normal text-serif-m layout-padded\">Kittleson jobbet blant annet p\u00e5 oppdrag for den USA-baserte nyhetsorganisasjoen Al-Monitor. <\/p>\n<p class=\"_paragraph_145nj_4 _paragraph_6fko5_10 layout-component text-serif-m layout-normal text-serif-m layout-padded\"><strong class=\"_strong_145nj_25\">\u2013 Vi er dypt bekymret over kidnappingen av Shelly Kittleson i Irak p\u00e5 Tirsdag. Vi ber om at hun blir l\u00f8slatt umiddelbart, skriver de i en oppdatering p\u00e5 <a href=\"https:\/\/www.al-monitor.com\/originals\/2026\/03\/al-monitor-calls-release-contributor-shelly-kittleson\" class=\"_link_145nj_39\" rel=\"nofollow noopener\" target=\"_blank\">egne nettsider<\/a>. <\/strong><\/p>\n<p class=\"_paragraph_145nj_4 _paragraph_6fko5_10 layout-component text-serif-m layout-normal text-serif-m layout-padded\">De skriver at de st\u00f8tter den viktige rapporteringen hun gj\u00f8r fra regionen, og h\u00e5per at hun snart er tilbake for \u00e5 fortsette arbeidet. <\/p>\n","protected":false},"excerpt":{"rendered":"Reportere uten grenser og andre presseorganisasjoner jobber p\u00e5 spreng etter at Shelly Kittleson tirsdag ble kidnappet i Bagdad&hellip;\n","protected":false},"author":2,"featured_media":203755,"comment_status":"","ping_status":"","sticky":false,"template":"","format":"standard","meta":{"footnotes":"","_share_on_mastodon":"0"},"categories":[12],"tags":[19768,20,21,24,25,15,15563,4231,22,23,13,30,28,29,14,16,26,27,42,43,44,45],"class_list":["post-203754","post","type-post","status-publish","format-standard","has-post-thumbnail","category-verden","tag-bagdad","tag-breaking-news","tag-breakingnews","tag-featured-news","tag-featurednews","tag-headlines","tag-irak","tag-kidnapping","tag-latest-news","tag-latestnews","tag-news","tag-no","tag-norge","tag-norway","tag-nyheter","tag-overskrifter","tag-top-stories","tag-topstories","tag-verden","tag-world","tag-world-news","tag-worldnews"],"share_on_mastodon":{"url":"https:\/\/pubeurope.com\/@no\/116335360809638376","error":""},"_links":{"self":[{"href":"https:\/\/www.europesays.com\/no\/wp-json\/wp\/v2\/posts\/203754","targetHints":{"allow":["GET"]}}],"collection":[{"href":"https:\/\/www.europesays.com\/no\/wp-json\/wp\/v2\/posts"}],"about":[{"href":"https:\/\/www.europesays.com\/no\/wp-json\/wp\/v2\/types\/post"}],"author":[{"embeddable":true,"href":"https:\/\/www.europesays.com\/no\/wp-json\/wp\/v2\/users\/2"}],"replies":[{"embeddable":true,"href":"https:\/\/www.europesays.com\/no\/wp-json\/wp\/v2\/comments?post=203754"}],"version-history":[{"count":0,"href":"https:\/\/www.europesays.com\/no\/wp-json\/wp\/v2\/posts\/203754\/revisions"}],"wp:featuredmedia":[{"embeddable":true,"href":"https:\/\/www.europesays.com\/no\/wp-json\/wp\/v2\/media\/203755"}],"wp:attachment":[{"href":"https:\/\/www.europesays.com\/no\/wp-json\/wp\/v2\/media?parent=203754"}],"wp:term":[{"taxonomy":"category","embeddable":true,"href":"https:\/\/www.europesays.com\/no\/wp-json\/wp\/v2\/categories?post=203754"},{"taxonomy":"post_tag","embeddable":true,"href":"https:\/\/www.europesays.com\/no\/wp-json\/wp\/v2\/tags?post=203754"}],"curies":[{"name":"wp","href":"https:\/\/api.w.org\/{rel}","templated":true}]}}