{"id":20410,"date":"2025-08-28T13:04:08","date_gmt":"2025-08-28T13:04:08","guid":{"rendered":"https:\/\/www.europesays.com\/no\/20410\/"},"modified":"2025-08-28T13:04:08","modified_gmt":"2025-08-28T13:04:08","slug":"tidligere-realityprofil-domt-til-fengsel-etter-onlyfans-aksjon","status":"publish","type":"post","link":"https:\/\/www.europesays.com\/no\/20410\/","title":{"rendered":"Tidligere realityprofil d\u00f8mt til fengsel etter Onlyfans-aksjon"},"content":{"rendered":"\n<p class=\"_lead_1bvmi_2 _lead_xtcu6_50 layout-component text-serif-m layout-normal text-serif-l layout-component layout-wide layout-padded _wide_17hqh_1 layout-padded\">Kvinnen er d\u00f8mt til fengsel i ett \u00e5r og fem m\u00e5neder. Dommen vil bli anket. <\/p>\n<p><img alt=\" Foto: Stian Lysberg Solum \/ NTB\" class=\"_image_qp4xg_65 layout-component layout-wide\" data-fullscreen- data-track-element-type=\"Article image fullscreen\" data-track-name=\"ImageFullscreen\" fetchpriority=\"high\" decoding=\"sync\" loading=\"eager\" height=\"5381\" itemprop=\"image\"  src=\"https:\/\/www.europesays.com\/no\/wp-content\/uploads\/2025\/08\/73d30ae0-7a62-414a-9322-24e232bb830f\"  style=\"object-position:0% 0%\" width=\"8071\"\/> Foto: Stian Lysberg Solum \/ NTB<\/p>\n<ul aria-hidden=\"true\" class=\"_images_1y6fe_106\">\n<li><a class=\"_link_1y6fe_111\" href=\"https:\/\/www.vg.no\/forfatter\/siri-berge-christensen\" style=\"z-index:1\" title=\"Siri B. Christensen\" rel=\"nofollow noopener\" target=\"_blank\"><img alt=\"Bilde av Siri B. Christensen\" class=\"_image_1y6fe_88\" fetchpriority=\"low\" loading=\"lazy\" decoding=\"async\" itemprop=\"image\"  src=\"https:\/\/www.europesays.com\/no\/wp-content\/uploads\/2025\/08\/1756386248_86_a212173d-addc-4415-bc7f-65a81611930f\"  width=\"480\"\/><\/a><\/li>\n<\/ul>\n<p> Oppdatert torsdag 28. august kl. 14:06     <\/p>\n<p class=\"_paragraph_1bvmi_4 _paragraph_xtcu6_10 layout-component text-serif-m layout-normal text-serif-m layout-padded\">Det opplyser hennes forsvarer, Liv Fludal, til VG. Hun \u00f8nsker ikke \u00e5 kommentere saken ytterligere. <\/p>\n<p class=\"_paragraph_1bvmi_4 _paragraph_xtcu6_10 layout-component text-serif-m layout-normal text-serif-m layout-padded\">TV 2 omtalte dommen f\u00f8rst. <\/p>\n<p class=\"_paragraph_1bvmi_4 _paragraph_xtcu6_10 layout-component text-serif-m layout-normal text-serif-m layout-padded\">Kvinnen er i 20-\u00e5rene og har tidigere deltatt i et kjent norsk realityprogram. <\/p>\n<p class=\"_paragraph_1bvmi_4 _paragraph_xtcu6_10 layout-component text-serif-m layout-normal text-serif-m layout-padded\">Tidligere i august m\u00f8tte hun i Follo og Norde \u00d8stfold tingrett, tiltalt for grovt skattesvik. Politiet mente hun unnlat \u00e5 bokf\u00f8re en omsetning p\u00e5 over 4,3 millioner kroner. <\/p>\n<p class=\"_paragraph_1bvmi_4 _paragraph_xtcu6_10 layout-component text-serif-m layout-normal text-serif-m layout-padded\">I retten erkjente hun seg delvis skyldig.<\/p>\n<p class=\"_paragraph_1bvmi_4 _paragraph_xtcu6_10 layout-component text-serif-m layout-normal text-serif-m layout-padded\">N\u00e5 er hun alts\u00e5 d\u00f8mt til ett \u00e5r og fem m\u00e5neder fengsel for grov overtredelse av bokf\u00f8ringsloven og for grovt skattesvik. <\/p>\n<p class=\"_paragraph_1bvmi_4 _paragraph_xtcu6_10 layout-component text-serif-m layout-normal text-serif-m layout-padded\">I dommen fremkommer det ogs\u00e5 at hun d\u00f8mmes til en bot p\u00e5 130.000 kroner, alternativt fengsel i 120 dager om boten ikke betales, samt inndragning p\u00e5 28.000 kroner til staten.<\/p>\n<p class=\"_paragraph_1bvmi_4 _paragraph_xtcu6_10 layout-component text-serif-m layout-normal text-serif-m layout-padded\">Bakgrunnen er skatteetatens storaksjon mot <a href=\"https:\/\/www.vg.no\/tag\/onlyfans?utm_source=vg-article&amp;utm_medium=auto-tagger&amp;utm_campaign=zAnbz4\" class=\"_link_1bvmi_39\" rel=\"nofollow noopener\" target=\"_blank\">OnlyFans<\/a>-akt\u00f8rer:<\/p>\n<p class=\"_paragraph_1bvmi_4 _paragraph_xtcu6_10 layout-component text-serif-m layout-normal text-serif-m layout-padded\">I 2023 gjennomf\u00f8rte Skatteetaten kontroller mot 26 norske personer p\u00e5 plattformen for inntektsperioden 2019 til og med 2021. De\u00a0<a href=\"https:\/\/www.vg.no\/rampelys\/i\/0Qk8kB\/slo-til-mot-26-norske-onlyfans-profiler-22-millioner-kroner-ble-ikke-oppgitt-i-skatt\" data-track-element-type=\"Link\" data-track-id=\"link:0Qk8kB\" class=\"_link_1bvmi_39\" rel=\"nofollow noopener\" target=\"_blank\">avdekket flere millioner i skatteunndragelse<\/a>.<\/p>\n","protected":false},"excerpt":{"rendered":"Kvinnen er d\u00f8mt til fengsel i ett \u00e5r og fem m\u00e5neder. Dommen vil bli anket. Foto: Stian Lysberg&hellip;\n","protected":false},"author":2,"featured_media":20411,"comment_status":"","ping_status":"","sticky":false,"template":"","format":"standard","meta":{"footnotes":""},"categories":[10],"tags":[20,21,24,25,15,22,23,13,30,28,29,14,3464,16,26,27],"class_list":{"0":"post-20410","1":"post","2":"type-post","3":"status-publish","4":"format-standard","5":"has-post-thumbnail","7":"category-norge","8":"tag-breaking-news","9":"tag-breakingnews","10":"tag-featured-news","11":"tag-featurednews","12":"tag-headlines","13":"tag-latest-news","14":"tag-latestnews","15":"tag-news","16":"tag-no","17":"tag-norge","18":"tag-norway","19":"tag-nyheter","20":"tag-onlyfans","21":"tag-overskrifter","22":"tag-top-stories","23":"tag-topstories"},"share_on_mastodon":{"url":"","error":""},"_links":{"self":[{"href":"https:\/\/www.europesays.com\/no\/wp-json\/wp\/v2\/posts\/20410","targetHints":{"allow":["GET"]}}],"collection":[{"href":"https:\/\/www.europesays.com\/no\/wp-json\/wp\/v2\/posts"}],"about":[{"href":"https:\/\/www.europesays.com\/no\/wp-json\/wp\/v2\/types\/post"}],"author":[{"embeddable":true,"href":"https:\/\/www.europesays.com\/no\/wp-json\/wp\/v2\/users\/2"}],"replies":[{"embeddable":true,"href":"https:\/\/www.europesays.com\/no\/wp-json\/wp\/v2\/comments?post=20410"}],"version-history":[{"count":0,"href":"https:\/\/www.europesays.com\/no\/wp-json\/wp\/v2\/posts\/20410\/revisions"}],"wp:featuredmedia":[{"embeddable":true,"href":"https:\/\/www.europesays.com\/no\/wp-json\/wp\/v2\/media\/20411"}],"wp:attachment":[{"href":"https:\/\/www.europesays.com\/no\/wp-json\/wp\/v2\/media?parent=20410"}],"wp:term":[{"taxonomy":"category","embeddable":true,"href":"https:\/\/www.europesays.com\/no\/wp-json\/wp\/v2\/categories?post=20410"},{"taxonomy":"post_tag","embeddable":true,"href":"https:\/\/www.europesays.com\/no\/wp-json\/wp\/v2\/tags?post=20410"}],"curies":[{"name":"wp","href":"https:\/\/api.w.org\/{rel}","templated":true}]}}