{"id":204847,"date":"2026-04-04T05:46:11","date_gmt":"2026-04-04T05:46:11","guid":{"rendered":"https:\/\/www.europesays.com\/no\/204847\/"},"modified":"2026-04-04T05:46:11","modified_gmt":"2026-04-04T05:46:11","slug":"krodsherad-brann-hus-totalskadd-i-brann","status":"publish","type":"post","link":"https:\/\/www.europesays.com\/no\/204847\/","title":{"rendered":"Kr\u00f8dsherad, Brann | Hus totalskadd i brann"},"content":{"rendered":"\n<p><b>KR\u00d8DSHERAD <\/b>(<a href=\"www.bygdeposten.no\" rel=\"Follow\">Bygdeposten<\/a>)<b>:<\/b> Det var klokken 04:20 l\u00f8rdag morgen at meldingen om brann i eneboligen p\u00e5 Kr\u00f8deren kom inn til n\u00f8detatene. Politi, brannvesen og ambulanse rykket ut til adressen, men allerede kort tid etter ankomst ble det meldt om at huset sto i full fyr.<\/p>\n<p>   <img decoding=\"async\" width=\"5712\" height=\"4284\" fetchpriority=\"low\"  loading=\"lazy\"  src=\"https:\/\/www.europesays.com\/no\/wp-content\/uploads\/2026\/04\/IMG_0544.jpeg\" alt=\"\" class=\"brick-c-cFOWSL\" style=\"--brick-image-ratio: 5712 \/ 4284;\"\/><\/p>\n<p>      N\u00d8DETATENE: Alle n\u00f8detater rykket ut da meldingen om boligbrannen ble meldt 04.21 l\u00f8rdag.<br \/>\n      Foto: Torunn Bratvold\n    <\/p>\n<p>  Ringte selv<\/p>\n<p>Det befant seg tre personer i huset da brannen br\u00f8t ut. Heldigvis klarte samtlige \u00e5 ta seg ut av den brennende bygningen ved egen hjelp.<\/p>\n<p><b>\u2013 Det var en av beboerne som selv oppdaget brannen og meldte ifra, forteller H\u00e5kon Wahl fra politiet til Bygdeposten.<\/b><\/p>\n<p>Selv om alle kom seg ut relativt raskt, m\u00e5tte en f\u00e5 hjelp av helsevesenet<\/p>\n<p>\u2013 En av dem skal ha f\u00e5tt i seg noe r\u00f8yk og er tatt h\u00e5nd om av helsepersonell p\u00e5 stedet, sier Wahl.<\/p>\n<p>   <img decoding=\"async\" width=\"4032\" height=\"3024\" fetchpriority=\"low\"  loading=\"lazy\"  src=\"https:\/\/www.europesays.com\/no\/wp-content\/uploads\/2026\/04\/IMG_0533.jpeg\" alt=\"\" class=\"brick-c-cFOWSL\" style=\"--brick-image-ratio: 4032 \/ 3024;\"\/><\/p>\n<p>      VARSLET SELV: Det var en av de tre som bodde i huset, som selv varslet om brannen.<br \/>\n      Foto: Torunn Bratvold\n    <\/p>\n<p>  Hindret spredning<\/p>\n<p>Det var i en periode bekymring for at brannen skulle spre seg til \u00f8vrig bebyggelse i nabolaget via en t\u00f8rr hekk.<\/p>\n<p>V\u00e6rgudene viste seg imidlertid \u00e5 v\u00e6re p\u00e5 mannskapenes side. Kombinasjonen av nysn\u00f8 p\u00e5 bakken og bruk av  s\u00f8rget for at spredningsfaren ble avverget, og brannen ble begrenset til den aktuelle eneboligen.<\/p>\n<p>Politiet har allerede en mistanke om hvor brannen startet.<\/p>\n<p>\u2013 Vi har mistanke om at brannen skal ha startet p\u00e5 kj\u00f8kkenet, opplyser Wahl.<\/p>\n<p>Brannomfanget er s\u00e5 stort at boligen anses som totalskadd.<\/p>\n","protected":false},"excerpt":{"rendered":"KR\u00d8DSHERAD (Bygdeposten): Det var klokken 04:20 l\u00f8rdag morgen at meldingen om brann i eneboligen p\u00e5 Kr\u00f8deren kom inn&hellip;\n","protected":false},"author":2,"featured_media":204848,"comment_status":"","ping_status":"","sticky":false,"template":"","format":"standard","meta":{"footnotes":"","_share_on_mastodon":"0"},"categories":[10],"tags":[36,367,20,21,24,25,15,5173,22,23,13,30,28,29,14,16,1510,26,27],"class_list":["post-204847","post","type-post","status-publish","format-standard","has-post-thumbnail","category-norge","tag-art","tag-brann","tag-breaking-news","tag-breakingnews","tag-featured-news","tag-featurednews","tag-headlines","tag-krodsherad","tag-latest-news","tag-latestnews","tag-news","tag-no","tag-norge","tag-norway","tag-nyheter","tag-overskrifter","tag-story","tag-top-stories","tag-topstories"],"share_on_mastodon":{"url":"https:\/\/pubeurope.com\/@no\/116344860507364847","error":""},"_links":{"self":[{"href":"https:\/\/www.europesays.com\/no\/wp-json\/wp\/v2\/posts\/204847","targetHints":{"allow":["GET"]}}],"collection":[{"href":"https:\/\/www.europesays.com\/no\/wp-json\/wp\/v2\/posts"}],"about":[{"href":"https:\/\/www.europesays.com\/no\/wp-json\/wp\/v2\/types\/post"}],"author":[{"embeddable":true,"href":"https:\/\/www.europesays.com\/no\/wp-json\/wp\/v2\/users\/2"}],"replies":[{"embeddable":true,"href":"https:\/\/www.europesays.com\/no\/wp-json\/wp\/v2\/comments?post=204847"}],"version-history":[{"count":0,"href":"https:\/\/www.europesays.com\/no\/wp-json\/wp\/v2\/posts\/204847\/revisions"}],"wp:featuredmedia":[{"embeddable":true,"href":"https:\/\/www.europesays.com\/no\/wp-json\/wp\/v2\/media\/204848"}],"wp:attachment":[{"href":"https:\/\/www.europesays.com\/no\/wp-json\/wp\/v2\/media?parent=204847"}],"wp:term":[{"taxonomy":"category","embeddable":true,"href":"https:\/\/www.europesays.com\/no\/wp-json\/wp\/v2\/categories?post=204847"},{"taxonomy":"post_tag","embeddable":true,"href":"https:\/\/www.europesays.com\/no\/wp-json\/wp\/v2\/tags?post=204847"}],"curies":[{"name":"wp","href":"https:\/\/api.w.org\/{rel}","templated":true}]}}