{"id":204886,"date":"2026-04-04T07:01:38","date_gmt":"2026-04-04T07:01:38","guid":{"rendered":"https:\/\/www.europesays.com\/no\/204886\/"},"modified":"2026-04-04T07:01:38","modified_gmt":"2026-04-04T07:01:38","slug":"hedret-i-sverige","status":"publish","type":"post","link":"https:\/\/www.europesays.com\/no\/204886\/","title":{"rendered":"Hedret i Sverige"},"content":{"rendered":"<p class=\"kicker \" style=\"\">\u00c5ge Hareide<\/p>\n<p>    Helsingborg sikret storseier i Superettan-premieren, og fansen hyllet trenerlegenden \u00c5ge Hareide, som gikk bort f\u00f8r jul.<\/p>\n<p>\n    HEDRET: \u00c5ge Hareide var hovedtrener i Helsingborg i to perioder. Foto: Carina Johansen \/ NTB\n  <\/p>\n<p>Det ble holdt ett minutts stillhet f\u00f8r kampstart for \u00e5 minnes \u00c5ge Hareide. Han ledet Helsingborg til tittel i b\u00e5de serie og cup i 1999, og han steppet ogs\u00e5 inn som trenervikar i klubben i 2012.<\/p>\n<p>Hareide ble rammet av hjernekreft i fjor sommer. 18. desember d\u00f8de trenerlegenden som ledet b\u00e5de Norges landslag og en rekke skandinaviske fotballstorheter i l\u00f8pet av en lang trenerkarriere.<\/p>\n<p>Som spiller fikk han 50 landskamper, og han var proff i Manchester City og Norwich.<\/p>\n<p>    <a itemprop=\"url\" href=\"https:\/\/www.dagbladet.no\/sport\/age-hareide-hyllet-pa-ullevaal\/84445517\" rel=\"nofollow noopener\" target=\"_blank\"><\/p>\n<p>        <img loading=\"lazy\" decoding=\"async\" src=\"https:\/\/www.europesays.com\/no\/wp-content\/uploads\/2026\/04\/84445525.webp.webp\" width=\"980\" height=\"441\" title=\"\u00c5ge Hareide hyllet p\u00e5 Ullevaal\" alt=\"\" class=\"lazyload\" style=\"--aspect-ratio-image: 2.22; \"\/><\/p>\n<p>        \u00c5ge Hareide hyllet p\u00e5 Ullevaal<\/p>\n<p>    <\/a><\/p>\n<p>Manchester City har tidligere hyllet Hareide med ett minutts stillhet, og det har ogs\u00e5 Danmarks landslag og den svenske storklubben Malm\u00f6.<\/p>\n<p>Helsingborg vant fredagens kamp mot \u00d6ster 4-1. Laget har ikke v\u00e6rt oppe i Allsvenskan siden 2022.<\/p>\n<p>P\u00e5 tirsdag sto Norges Fotballforbund for en minnemarkering f\u00f8r landskampen mot Sveits p\u00e5 Ullevaal Stadion. Etter nasjonalsangene kom det et bilde av Hareide p\u00e5 storskjermen.<\/p>\n<p>\u00abVi takker for innsatsen. Vi takker for minnene. Vi takker for alt du ga til norsk fotball. Tusen takk, \u00c5ge\u00bb, het det i hyllesten.<\/p>\n<p>          <a class=\"db-sport-bottom-banner\" href=\"https:\/\/www.dagbladet.no\/pluss\/pluss-sport?utm_tags=ext-camp&amp;utm_source=dbpl&amp;utm_medi[\u2026]rticle-bottom-banner&amp;utm_term=intro-camp&amp;utm_content=580x400\" rel=\"nofollow noopener\" target=\"_blank\"><\/p>\n<p class=\"text\">\n        Neste avspark<br \/>\n        &#8211; ett klikk unna\n      <\/p>\n<p>\n          Pr\u00f8v for kun kr 299\/mnd\n        <\/p>\n<p>        Ingen bindingstid<\/p>\n<p><\/a><\/p>\n","protected":false},"excerpt":{"rendered":"\u00c5ge Hareide Helsingborg sikret storseier i Superettan-premieren, og fansen hyllet trenerlegenden \u00c5ge Hareide, som gikk bort f\u00f8r jul.&hellip;\n","protected":false},"author":2,"featured_media":204887,"comment_status":"","ping_status":"","sticky":false,"template":"","format":"standard","meta":{"footnotes":"","_share_on_mastodon":"0"},"categories":[59],"tags":[11648,92,19838,30,28,29,83,82,1359],"class_list":["post-204886","post","type-post","status-publish","format-standard","has-post-thumbnail","category-sport","tag-age-hareide","tag-fotball","tag-helsingborg","tag-no","tag-norge","tag-norway","tag-sport","tag-sports","tag-sverige"],"share_on_mastodon":{"url":"https:\/\/pubeurope.com\/@no\/116345155594503422","error":""},"_links":{"self":[{"href":"https:\/\/www.europesays.com\/no\/wp-json\/wp\/v2\/posts\/204886","targetHints":{"allow":["GET"]}}],"collection":[{"href":"https:\/\/www.europesays.com\/no\/wp-json\/wp\/v2\/posts"}],"about":[{"href":"https:\/\/www.europesays.com\/no\/wp-json\/wp\/v2\/types\/post"}],"author":[{"embeddable":true,"href":"https:\/\/www.europesays.com\/no\/wp-json\/wp\/v2\/users\/2"}],"replies":[{"embeddable":true,"href":"https:\/\/www.europesays.com\/no\/wp-json\/wp\/v2\/comments?post=204886"}],"version-history":[{"count":0,"href":"https:\/\/www.europesays.com\/no\/wp-json\/wp\/v2\/posts\/204886\/revisions"}],"wp:featuredmedia":[{"embeddable":true,"href":"https:\/\/www.europesays.com\/no\/wp-json\/wp\/v2\/media\/204887"}],"wp:attachment":[{"href":"https:\/\/www.europesays.com\/no\/wp-json\/wp\/v2\/media?parent=204886"}],"wp:term":[{"taxonomy":"category","embeddable":true,"href":"https:\/\/www.europesays.com\/no\/wp-json\/wp\/v2\/categories?post=204886"},{"taxonomy":"post_tag","embeddable":true,"href":"https:\/\/www.europesays.com\/no\/wp-json\/wp\/v2\/tags?post=204886"}],"curies":[{"name":"wp","href":"https:\/\/api.w.org\/{rel}","templated":true}]}}