{"id":20492,"date":"2025-08-28T14:40:16","date_gmt":"2025-08-28T14:40:16","guid":{"rendered":"https:\/\/www.europesays.com\/no\/20492\/"},"modified":"2025-08-28T14:40:16","modified_gmt":"2025-08-28T14:40:16","slug":"vaer-vervarslinga-i-nord-norge-meteorologen-gradestokken-vil-nok-passere-20-grader","status":"publish","type":"post","link":"https:\/\/www.europesays.com\/no\/20492\/","title":{"rendered":"V\u00e6r, Vervarslinga i Nord-Norge | Meteorologen: \u2013 Gradestokken vil nok passere 20 grader"},"content":{"rendered":"\n<p>Vi er i slutten av august og v\u00e6rmessig er det h\u00f8stv\u00e6ret som har preget Lofoten med vind, regn og relativt lave temperaturer. Men n\u00e5 har vakthavende meteorolog Marek Rataczak ved Vervarslinga i Troms\u00f8 gode nyheter.<\/p>\n<p>\u2013 Det ser ut som om sommeren ikke vil slippe taket helt. Torsdag blir det overskyet og nord\u00f8st opp til liten kuling f\u00f8rst p\u00e5 dagen. Men de neste dagene ser veldig sommerlige ut, sier han til Lofotposten torsdag formiddag.<\/p>\n<p>Han forteller at fredag formiddag vil vinden dreie \u00f8stlig med sol og bl\u00e5 himmel. <\/p>\n<p><b>\u2013 Vinden fra \u00f8st tar med seg varmere luft og det gj\u00f8r at temperaturene vil stige betraktelig utover dagen. Det vil bli godt over 15 grader og enkelte steder i Lofoten vil nok gradestokken passere 20 grader. Vinden kan komme opp i frisk bris utsatte steder, sier Rataczak.<\/b><\/p>\n<p>Resten av helga ser ogs\u00e5 veldig bra ut.<\/p>\n<p>\u2013 Det blir samme v\u00e6rtypen b\u00e5de l\u00f8rdag og s\u00f8ndag. L\u00f8rdag ser veldig bra ut, men det kan bli litt skyer p\u00e5 s\u00f8ndag, men temperaturen vil passere 15 grader, sier meteorologen. <\/p>\n<p>Starten av neste uke ser ogs\u00e5 bra ut.<\/p>\n<p>\u2013 Mandag ser ut til \u00e5 bli delvis overskyet, men fortsatt med temperaturer p\u00e5 15-16 grader. De neste dagene er litt usikre. Vinden ser ut til \u00e5 dreie mer \u00f8stlig og da kan det komme inne noen skyer og kanskje noen regndr\u00e5per. Men det blir fine temperaturer, sier Marek Rataczak. <\/p>\n","protected":false},"excerpt":{"rendered":"Vi er i slutten av august og v\u00e6rmessig er det h\u00f8stv\u00e6ret som har preget Lofoten med vind, regn&hellip;\n","protected":false},"author":2,"featured_media":9634,"comment_status":"","ping_status":"","sticky":false,"template":"","format":"standard","meta":{"footnotes":""},"categories":[10],"tags":[36,20,21,24,25,1186,15,22,23,1461,13,30,28,29,14,16,1463,1510,26,27,1459,553,1462,3468,1460],"class_list":{"0":"post-20492","1":"post","2":"type-post","3":"status-publish","4":"format-standard","5":"has-post-thumbnail","7":"category-norge","8":"tag-art","9":"tag-breaking-news","10":"tag-breakingnews","11":"tag-featured-news","12":"tag-featurednews","13":"tag-flakstad","14":"tag-headlines","15":"tag-latest-news","16":"tag-latestnews","17":"tag-moskenes","18":"tag-news","19":"tag-no","20":"tag-norge","21":"tag-norway","22":"tag-nyheter","23":"tag-overskrifter","24":"tag-rost","25":"tag-story","26":"tag-top-stories","27":"tag-topstories","28":"tag-vagan","29":"tag-vaer","30":"tag-vaeroy","31":"tag-vervarslinga-i-nord-norge","32":"tag-vestvagoy"},"share_on_mastodon":{"url":"","error":""},"_links":{"self":[{"href":"https:\/\/www.europesays.com\/no\/wp-json\/wp\/v2\/posts\/20492","targetHints":{"allow":["GET"]}}],"collection":[{"href":"https:\/\/www.europesays.com\/no\/wp-json\/wp\/v2\/posts"}],"about":[{"href":"https:\/\/www.europesays.com\/no\/wp-json\/wp\/v2\/types\/post"}],"author":[{"embeddable":true,"href":"https:\/\/www.europesays.com\/no\/wp-json\/wp\/v2\/users\/2"}],"replies":[{"embeddable":true,"href":"https:\/\/www.europesays.com\/no\/wp-json\/wp\/v2\/comments?post=20492"}],"version-history":[{"count":0,"href":"https:\/\/www.europesays.com\/no\/wp-json\/wp\/v2\/posts\/20492\/revisions"}],"wp:featuredmedia":[{"embeddable":true,"href":"https:\/\/www.europesays.com\/no\/wp-json\/wp\/v2\/media\/9634"}],"wp:attachment":[{"href":"https:\/\/www.europesays.com\/no\/wp-json\/wp\/v2\/media?parent=20492"}],"wp:term":[{"taxonomy":"category","embeddable":true,"href":"https:\/\/www.europesays.com\/no\/wp-json\/wp\/v2\/categories?post=20492"},{"taxonomy":"post_tag","embeddable":true,"href":"https:\/\/www.europesays.com\/no\/wp-json\/wp\/v2\/tags?post=20492"}],"curies":[{"name":"wp","href":"https:\/\/api.w.org\/{rel}","templated":true}]}}