{"id":20505,"date":"2025-08-28T14:53:08","date_gmt":"2025-08-28T14:53:08","guid":{"rendered":"https:\/\/www.europesays.com\/no\/20505\/"},"modified":"2025-08-28T14:53:08","modified_gmt":"2025-08-28T14:53:08","slug":"tour-de-france-vinner-padro-seg-alvorlige-skader-i-krasj-floyet-til-sykehus-2","status":"publish","type":"post","link":"https:\/\/www.europesays.com\/no\/20505\/","title":{"rendered":"Tour de France-vinner p\u00e5dro seg alvorlige skader i krasj \u2013 fl\u00f8yet til sykehus"},"content":{"rendered":"\n<p class=\"_lead_1bvmi_2 _lead_xtcu6_50 layout-component text-serif-m layout-normal text-serif-l layout-component layout-wide layout-padded _wide_17hqh_1 layout-padded\">Den britiske sykkelstjernen Chris Froome krasjet stygt under en treningsulykke onsdag og m\u00e5tte fraktes til sykehus med luftambulanse.<\/p>\n<p><img alt=\"Chris Froome veltet stygt p\u00e5 trening. Bildet er fra Tour de France for tre \u00e5r siden.  Foto: Marco Bertorello \/ Pool Photo via AP \/ NTB\" class=\"_image_qp4xg_65 layout-component layout-wide\" data-fullscreen- data-track-element-type=\"Article image fullscreen\" data-track-name=\"ImageFullscreen\" fetchpriority=\"high\" decoding=\"sync\" loading=\"eager\" height=\"5504\" itemprop=\"image\"  src=\"https:\/\/www.europesays.com\/no\/wp-content\/uploads\/2025\/08\/23ea6bab-73b8-430e-b868-85a5ccda9333\"  style=\"object-position:0% 0%\" width=\"8256\"\/>Chris Froome veltet stygt p\u00e5 trening. Bildet er fra Tour de France for tre \u00e5r siden.  Foto: Marco Bertorello \/ Pool Photo via AP \/ NTB<\/p>\n<ul aria-hidden=\"true\" class=\"_images_1y6fe_106\">\n<li><a class=\"_link_1y6fe_111\" href=\"https:\/\/www.vg.no\/forfatter\/ntb\" style=\"z-index:1\" title=\"NTB\" rel=\"nofollow noopener\" target=\"_blank\"><img alt=\"Bilde av NTB\" class=\"_image_1y6fe_88\" fetchpriority=\"low\" loading=\"lazy\" decoding=\"async\" itemprop=\"image\"  src=\"https:\/\/www.europesays.com\/no\/wp-content\/uploads\/2025\/08\/1756392788_142_c33980b0-5d07-4027-84a1-813f90a7c8d6\"  width=\"480\"\/><\/a><\/li>\n<\/ul>\n<p> Oppdatert torsdag 28. august kl. 16:22     <\/p>\n<p class=\"_paragraph_1bvmi_4 _paragraph_xtcu6_10 layout-component text-serif-m layout-normal text-serif-m layout-padded\">Det er veteranens arbeidsgiver, sykkellaget Israel Premier-Tech, som opplyser om ulykken.<\/p>\n<p class=\"_paragraph_1bvmi_4 _paragraph_xtcu6_10 layout-component text-serif-m layout-normal text-serif-m layout-padded\">\u2013 <a href=\"https:\/\/www.vg.no\/tag\/chris-froome?utm_source=vg-article&amp;utm_medium=auto-tagger&amp;utm_campaign=Ey75QG\" class=\"_link_1bvmi_39\" rel=\"nofollow noopener\" target=\"_blank\">Chris Froome<\/a> ble fl\u00f8yet til sykehuset i Toulon i g\u00e5r ettermiddag etter en alvorlig krasj, skriver laget.<\/p>\n<p class=\"_paragraph_1bvmi_4 _paragraph_xtcu6_10 layout-component text-serif-m layout-normal text-serif-m layout-padded\">Videre understrekes det at det ikke var andre personer eller kj\u00f8ret\u00f8y involvert i episoden.<\/p>\n<p class=\"_paragraph_1bvmi_4 _paragraph_xtcu6_10 layout-component text-serif-m layout-normal text-serif-m layout-padded\">\u2013 Chris er i stabil tilstand og p\u00e5dro seg ingen alvorlige hodeskader, men r\u00f8ntgenbilder har p\u00e5vist en punktert lunge, fem brukne ribbein og brudd i ryggen. Han vil bli operert for dette i ettermiddag, heter det i uttalelsen.<\/p>\n<p>   Ved Monaco<\/p>\n<p class=\"_paragraph_1bvmi_4 _paragraph_xtcu6_10 layout-component text-serif-m layout-normal text-serif-m layout-padded\">Laget melder at det vil komme en ny oppdatering p\u00e5 tilstanden til Froome etter operasjonen.<\/p>\n<p class=\"_paragraph_1bvmi_4 _paragraph_xtcu6_10 layout-component text-serif-m layout-normal text-serif-m layout-padded\">Den britiske stjernesyklisten, som har vunnet Tour de France hele fire ganger, er bosatt i Monaco. Ulykken skal ha skjedd n\u00e6r hjemmet hans i fyrsted\u00f8mmet. <\/p>\n<p class=\"_paragraph_1bvmi_4 _paragraph_xtcu6_10 layout-component text-serif-m layout-normal text-serif-m layout-padded\">Froome var i en \u00e5rrekke verdens beste etapperittrytter. I tillegg til de fire triumfene i verdens st\u00f8rste sykkelritt, vant han Vuelta a Espa\u00f1a, Giro d&#8217;Italia, Criterium du Dauphine og Tour de Romandiet i storhetstiden.<\/p>\n<p>   Utg\u00e5ende kontrakt<\/p>\n<p class=\"_paragraph_1bvmi_4 _paragraph_xtcu6_10 layout-component text-serif-m layout-normal text-serif-m layout-padded\">Da kontrakten hans med Ineos Grenadiers utl\u00f8p etter 2020-sesongen, passet Israel Premier-Tech p\u00e5 \u00e5 signere Froome i h\u00e5p om at han finne tilbake til sitt gamle toppniv\u00e5 og vinne touren en femte gang.<\/p>\n<p class=\"_paragraph_1bvmi_4 _paragraph_xtcu6_10 layout-component text-serif-m layout-normal text-serif-m layout-padded\">Det har han aldri v\u00e6rt i n\u00e6rheten av, og ved sesongslutt utl\u00f8per hans n\u00e5v\u00e6rende kontrakt. Den gir angivelig Froome rundt fem millioner dollar i \u00e5ret. Det gj\u00f8r ham til en av sykkelsportens best betalte ryttere.<\/p>\n<p class=\"_paragraph_1bvmi_4 _paragraph_xtcu6_10 layout-component text-serif-m layout-normal text-serif-m layout-padded\">Froome syklet sist Tour de France i 2022 og har blitt henvist til mindre viktige ritt denne sesongen.<\/p>\n","protected":false},"excerpt":{"rendered":"Den britiske sykkelstjernen Chris Froome krasjet stygt under en treningsulykke onsdag og m\u00e5tte fraktes til sykehus med luftambulanse.&hellip;\n","protected":false},"author":2,"featured_media":20506,"comment_status":"","ping_status":"","sticky":false,"template":"","format":"standard","meta":{"footnotes":""},"categories":[59],"tags":[3471,30,28,29,83,82,346],"class_list":{"0":"post-20505","1":"post","2":"type-post","3":"status-publish","4":"format-standard","5":"has-post-thumbnail","7":"category-sport","8":"tag-chris-froome","9":"tag-no","10":"tag-norge","11":"tag-norway","12":"tag-sport","13":"tag-sports","14":"tag-sykkel"},"share_on_mastodon":{"url":"","error":""},"_links":{"self":[{"href":"https:\/\/www.europesays.com\/no\/wp-json\/wp\/v2\/posts\/20505","targetHints":{"allow":["GET"]}}],"collection":[{"href":"https:\/\/www.europesays.com\/no\/wp-json\/wp\/v2\/posts"}],"about":[{"href":"https:\/\/www.europesays.com\/no\/wp-json\/wp\/v2\/types\/post"}],"author":[{"embeddable":true,"href":"https:\/\/www.europesays.com\/no\/wp-json\/wp\/v2\/users\/2"}],"replies":[{"embeddable":true,"href":"https:\/\/www.europesays.com\/no\/wp-json\/wp\/v2\/comments?post=20505"}],"version-history":[{"count":0,"href":"https:\/\/www.europesays.com\/no\/wp-json\/wp\/v2\/posts\/20505\/revisions"}],"wp:featuredmedia":[{"embeddable":true,"href":"https:\/\/www.europesays.com\/no\/wp-json\/wp\/v2\/media\/20506"}],"wp:attachment":[{"href":"https:\/\/www.europesays.com\/no\/wp-json\/wp\/v2\/media?parent=20505"}],"wp:term":[{"taxonomy":"category","embeddable":true,"href":"https:\/\/www.europesays.com\/no\/wp-json\/wp\/v2\/categories?post=20505"},{"taxonomy":"post_tag","embeddable":true,"href":"https:\/\/www.europesays.com\/no\/wp-json\/wp\/v2\/tags?post=20505"}],"curies":[{"name":"wp","href":"https:\/\/api.w.org\/{rel}","templated":true}]}}