{"id":205426,"date":"2026-04-05T08:49:11","date_gmt":"2026-04-05T08:49:11","guid":{"rendered":"https:\/\/www.europesays.com\/no\/205426\/"},"modified":"2026-04-05T08:49:11","modified_gmt":"2026-04-05T08:49:11","slug":"kultur-musikk-erik-og-ungdom-spiller-sammen-en-suksess","status":"publish","type":"post","link":"https:\/\/www.europesays.com\/no\/205426\/","title":{"rendered":"Kultur, Musikk | Erik og ungdom spiller sammen \u2013 en suksess"},"content":{"rendered":"\n<p>P\u00e5 Ungdommens hus har Erik og Erik startet et helt nytt prosjekt.<\/p>\n<p>\u2013 Dette er g\u00f8y. Etter to l\u00f8rdager vil jeg allerede kalle Spille sammen for en suksess, sier artist Erik Lukashaugen i en pressemelding.<\/p>\n<p>Lukashaugen er musikalsk ansvarlig for tiltaket i Ungdommens Hus i Elverum.<\/p>\n<p>Sammen med musiker Erik Larsen fikk de ideen til prosjektet h\u00f8sten 2025. Elverum kommune sa umiddelbart ja til et samarbeid og leie av Ungdommens Hus. F\u00f8rste l\u00f8rdagen i mars m\u00f8ttes to jenter og fem gutter.\u00a0<\/p>\n<p>   <img decoding=\"async\" width=\"4288\" height=\"2848\" fetchpriority=\"low\"  loading=\"lazy\"  src=\"https:\/\/www.europesays.com\/no\/wp-content\/uploads\/2026\/04\/Uhus+1.jpg\" alt=\"\" class=\"brick-c-cFOWSL\" style=\"--brick-image-ratio: 4288 \/ 2848;\"\/><\/p>\n<p>      SPILLER SAMMEN: Litt teori og mye praksis p\u00e5 tiltaket Spille Sammen. Fra venstre Sigurd Fossum, Erik Lukashaugen, Aron Backe Wolla, Vilde Stang Larsen, Sigve Larsen og Jakob Lukashaugen.<br \/>\n      Foto:  Erik Larsen\n    <\/p>\n<p>\u2013 Vi startet spillingen i par med de som kjente hverandre litt fra f\u00f8r, men at vi skulle ende opp med at alle spilte Let It Be tre timer senere, hadde jeg ikke sett for meg, sier Lukashaugen.<\/p>\n<p>De opplever at mange unge trenger et lite puff for \u00e5 komme i gang med \u00e5 spille sammen med andre. De \u00f8ver alene hjemme eller kanskje litt sammen med en kompis, men s\u00e5 blir det med det.<\/p>\n<p>Spille sammen g\u00e5r over tre l\u00f8rdager i mars og april. Disse l\u00f8rdagene f\u00e5r ungdommene litt undervisning og mye praksis.\u00a0<\/p>\n<p>\u2013 Vi har valgt ut noen kjente sanger med forholdsvis f\u00e5 akkorder, som er ganske enkle \u00e5 spille, sier Lukashaugen.<\/p>\n<p>Det ikke spiller noen rolle om man er nybegynner eller viderekomne p\u00e5 instrumentet.\u00a0<\/p>\n<p>\u2013 Samspill er uansett noe annet enn det \u00e5 spille alene. Det handler om \u00e5 treffe hverandre rytmisk og musikalsk, og tilpasse seg hverandre s\u00e5 gruppa, helheten, l\u00e5ter bra.<\/p>\n<p>Ungdommens Hus har \u00f8vingslokaler, studio og flinke folk som f\u00f8lger opp ungdommene.<\/p>\n<p>N\u00e5 er det h\u00e5p om at flere melder seg for \u00e5 l\u00e5ne rom og utstyr.\u00a0<\/p>\n<p>\u2013 Tilbudet Spille Sammen ble sendt ut til \u00c5mot, Engerdal, Trysil, V\u00e5ler og Elverum, og delt p\u00e5 Facebook. Det er fortsatt mulig \u00e5 bli med den siste l\u00f8rdagen 11. april, sier Larsen.<\/p>\n<p>Spille sammen blir arrangert i samarbeid med Elverum kommune og med st\u00f8tte fra Innlandet fylkeskommune.\u00a0<\/p>\n<p>Tilbudet er for ungdom mellom 12 til 18 \u00e5r som har lyst til \u00e5 spille sammen med noen andre i en eller annen form for band eller gruppe, uansett sjangere innen en bred definisjon av popul\u00e6rmusikk.<\/p>\n<p>  <a data-static=\"\" href=\"#skip-\" class=\"brick-c-fgNmNC\">Hopp over karusellen.<\/a><\/p>\n<p data-static=\"\" class=\"brick-c-fgNmNC\" id=\"carousel-title-\">Innholdskarusell med 20 artikler.<\/p>\n<ul data-static=\"\" aria-label=\"Navigasjon for innholdskarusell\" class=\"carousel-nav\">\n<li>\n<\/li>\n<li>\n<\/li>\n<\/ul>\n","protected":false},"excerpt":{"rendered":"P\u00e5 Ungdommens hus har Erik og Erik startet et helt nytt prosjekt. \u2013 Dette er g\u00f8y. Etter to&hellip;\n","protected":false},"author":2,"featured_media":205427,"comment_status":"","ping_status":"","sticky":false,"template":"","format":"standard","meta":{"footnotes":"","_share_on_mastodon":"0"},"categories":[58],"tags":[7554,36,1070,8137,71,410,8136,221,30,28,29,14,478,1510,2040,7984,72,1986],"class_list":["post-205426","post","type-post","status-publish","format-standard","has-post-thumbnail","category-underholdning","tag-amot","tag-art","tag-elverum","tag-engerdal","tag-entertainment","tag-kultur","tag-midt-osterdal","tag-musikk","tag-no","tag-norge","tag-norway","tag-nyheter","tag-solor","tag-story","tag-trysil","tag-trysil-og-engerdal","tag-underholdning","tag-valer"],"share_on_mastodon":{"url":"https:\/\/pubeurope.com\/@no\/116351242299764796","error":""},"_links":{"self":[{"href":"https:\/\/www.europesays.com\/no\/wp-json\/wp\/v2\/posts\/205426","targetHints":{"allow":["GET"]}}],"collection":[{"href":"https:\/\/www.europesays.com\/no\/wp-json\/wp\/v2\/posts"}],"about":[{"href":"https:\/\/www.europesays.com\/no\/wp-json\/wp\/v2\/types\/post"}],"author":[{"embeddable":true,"href":"https:\/\/www.europesays.com\/no\/wp-json\/wp\/v2\/users\/2"}],"replies":[{"embeddable":true,"href":"https:\/\/www.europesays.com\/no\/wp-json\/wp\/v2\/comments?post=205426"}],"version-history":[{"count":0,"href":"https:\/\/www.europesays.com\/no\/wp-json\/wp\/v2\/posts\/205426\/revisions"}],"wp:featuredmedia":[{"embeddable":true,"href":"https:\/\/www.europesays.com\/no\/wp-json\/wp\/v2\/media\/205427"}],"wp:attachment":[{"href":"https:\/\/www.europesays.com\/no\/wp-json\/wp\/v2\/media?parent=205426"}],"wp:term":[{"taxonomy":"category","embeddable":true,"href":"https:\/\/www.europesays.com\/no\/wp-json\/wp\/v2\/categories?post=205426"},{"taxonomy":"post_tag","embeddable":true,"href":"https:\/\/www.europesays.com\/no\/wp-json\/wp\/v2\/tags?post=205426"}],"curies":[{"name":"wp","href":"https:\/\/api.w.org\/{rel}","templated":true}]}}