{"id":205462,"date":"2026-04-05T09:42:14","date_gmt":"2026-04-05T09:42:14","guid":{"rendered":"https:\/\/www.europesays.com\/no\/205462\/"},"modified":"2026-04-05T09:42:14","modified_gmt":"2026-04-05T09:42:14","slug":"verdens-travleste-skipskanal-far-ny-bru","status":"publish","type":"post","link":"https:\/\/www.europesays.com\/no\/205462\/","title":{"rendered":"Verdens travleste skipskanal f\u00e5r ny bru"},"content":{"rendered":"<p>Kielkanalen nord i Tyskland er ikke den st\u00f8rste kunstige vannveien i verden, men den travleste. Og en av de viktigste.\u00a0<\/p>\n<p>Kanalmyndighetene opplyser at rundt 30.000 lasteskip g\u00e5r gjennom Kielkanalen hvert \u00e5r. De transporterer mellom 85 og 100 millioner tonn med gods. I tillegg kommer rundt 10.000 fritidsb\u00e5ter.<\/p>\n<p>M\u00e5lt i antall passeringer har denne kanalen over dobbelt s\u00e5 mye skipstrafikk som b\u00e5de Panamakanalen og Suezkanalen.<\/p>\n","protected":false},"excerpt":{"rendered":"Kielkanalen nord i Tyskland er ikke den st\u00f8rste kunstige vannveien i verden, men den travleste. Og en av&hellip;\n","protected":false},"author":2,"featured_media":205463,"comment_status":"","ping_status":"","sticky":false,"template":"","format":"standard","meta":{"footnotes":"","_share_on_mastodon":"0"},"categories":[12],"tags":[20,21,19885,24,25,15,22,23,180,13,30,28,29,14,16,223,26,27,42,43,44,45],"class_list":["post-205462","post","type-post","status-publish","format-standard","has-post-thumbnail","category-verden","tag-breaking-news","tag-breakingnews","tag-bruer","tag-featured-news","tag-featurednews","tag-headlines","tag-latest-news","tag-latestnews","tag-maritim","tag-news","tag-no","tag-norge","tag-norway","tag-nyheter","tag-overskrifter","tag-samferdsel","tag-top-stories","tag-topstories","tag-verden","tag-world","tag-world-news","tag-worldnews"],"share_on_mastodon":{"url":"https:\/\/pubeurope.com\/@no\/116351450805629260","error":""},"_links":{"self":[{"href":"https:\/\/www.europesays.com\/no\/wp-json\/wp\/v2\/posts\/205462","targetHints":{"allow":["GET"]}}],"collection":[{"href":"https:\/\/www.europesays.com\/no\/wp-json\/wp\/v2\/posts"}],"about":[{"href":"https:\/\/www.europesays.com\/no\/wp-json\/wp\/v2\/types\/post"}],"author":[{"embeddable":true,"href":"https:\/\/www.europesays.com\/no\/wp-json\/wp\/v2\/users\/2"}],"replies":[{"embeddable":true,"href":"https:\/\/www.europesays.com\/no\/wp-json\/wp\/v2\/comments?post=205462"}],"version-history":[{"count":0,"href":"https:\/\/www.europesays.com\/no\/wp-json\/wp\/v2\/posts\/205462\/revisions"}],"wp:featuredmedia":[{"embeddable":true,"href":"https:\/\/www.europesays.com\/no\/wp-json\/wp\/v2\/media\/205463"}],"wp:attachment":[{"href":"https:\/\/www.europesays.com\/no\/wp-json\/wp\/v2\/media?parent=205462"}],"wp:term":[{"taxonomy":"category","embeddable":true,"href":"https:\/\/www.europesays.com\/no\/wp-json\/wp\/v2\/categories?post=205462"},{"taxonomy":"post_tag","embeddable":true,"href":"https:\/\/www.europesays.com\/no\/wp-json\/wp\/v2\/tags?post=205462"}],"curies":[{"name":"wp","href":"https:\/\/api.w.org\/{rel}","templated":true}]}}