{"id":205609,"date":"2026-04-05T14:19:10","date_gmt":"2026-04-05T14:19:10","guid":{"rendered":"https:\/\/www.europesays.com\/no\/205609\/"},"modified":"2026-04-05T14:19:10","modified_gmt":"2026-04-05T14:19:10","slug":"jeg-var-bare-seks-ar-men-ordene-satte-vonde-spor","status":"publish","type":"post","link":"https:\/\/www.europesays.com\/no\/205609\/","title":{"rendered":"Jeg var bare seks \u00e5r, men ordene satte vonde spor"},"content":{"rendered":"\n<p>Publisert:<br \/>\n  5. april 2026 kl. 15:17<br \/>\n  Oppdatert:<br \/>\n  5. april 2026 kl. 15:17\n <\/p>\n<p>  \u00abNoe jeg aldri glemmer\u00bb Dette er et bidrag til Adresseavisens skrivekonkurranse v\u00e5ren 2026. <a href=\"https:\/\/www.adressa.no\/tag\/noe-jeg-aldri-glemmer\" class=\"adr-skrivekonkurranse-link\" rel=\"nofollow noopener\" target=\"_blank\">Se alle bidragene her.<\/a><\/p>\n<p><strong>Du ser tynnere<\/strong> ut enn sist ferie.<\/p>\n<p>Jeg er seks eller syv \u00e5r gammel og f\u00e5r h\u00f8re dette p\u00e5 ferie p\u00e5 en av Kanari\u00f8yene, rundt 2009.<\/p>\n<p>Det er badet\u00f8ytemperatur. Jeg st\u00e5r ved bassengkanten og ser opp p\u00e5 han som sier det. Han smiler, ser forn\u00f8yd ut. Litt s\u00e5nn tommel opp stemning uten at jeg kan huske om han viste tommel opp, men det var tydelig at det er bra at jeg ser tynnere ut.<\/p>\n<p>Og jeg er seks eller syv \u00e5r gammel, og jeg har ingen minner fra forrige sommer som handler om hvordan jeg ser ut.<\/p>\n<p>Jeg husker at jeg badet. At jeg spilte minigolf. At jeg fikk ferievenner jeg aldri s\u00e5 igjen, men som var mine n\u00e6rmeste i noen dager.<\/p>\n<p><strong>Jeg husker endel\u00f8se<\/strong> rekker med mat i hotellbuffeten. Kveldsarrangementene for barn. Hvordan det plutselig ble m\u00f8rkt og kaldt om kvelden, og at jeg tok p\u00e5 meg en strikket poncho over den svarte kjolen og den lille kardiganen.<\/p>\n<p>Jeg husker hvordan jeg satt i en solseng etter vanlig leggetid hjemme, s\u00e5 ned p\u00e5 penskoene mine, og tenkte p\u00e5 hvor fin dagen hadde v\u00e6rt.<\/p>\n<p>Jeg husker at andre hotellgjester s\u00e5 p\u00e5 meg i bassenget og sa at jeg var t\u00f8ff som t\u00e5lte kulden fra det kalde bassengvannet. Hvor stolt jeg f\u00f8lte meg som stores\u00f8ster n\u00e5r jeg passet p\u00e5 lillebroren min p\u00e5 restaurant.<\/p>\n<p>Ingen av foreldrene v\u00e5re var der i lunsjen fordi det var barneaktiviteter, og vi var overlatt til de som jobbet p\u00e5 bamseklubben og andre barn fra alle mulige steder.<\/p>\n<p><a href=\"https:\/\/www.adressa.no\/debatt\/i\/433jvg\/jeg-er-stor-nok-til-aa-lage-min-egen-verden\" rel=\"nofollow noopener\" target=\"_blank\"> <img decoding=\"async\" src=\"data:image\/gif;base64,R0lGODlhEAAJAIAAAP\/\/\/wAAACH5BAEAAAAALAAAAAAQAAkAAAIKhI+py+0Po5yUFQA7\" alt=\"\"\/>   \u00abJeg er stor nok til \u00e5 lage min egen verden\u00bb  <\/a> <a href=\"https:\/\/www.adressa.no\/debatt\/i\/gkk0LJ\/straff-er-noedvendig-men-forebygging-er-det-som-redder-liv\" rel=\"nofollow noopener\" target=\"_blank\"> <img decoding=\"async\" src=\"data:image\/gif;base64,R0lGODlhEAAJAIAAAP\/\/\/wAAACH5BAEAAAAALAAAAAAQAAkAAAIKhI+py+0Po5yUFQA7\" alt=\"\"\/>   Straff er n\u00f8dvendig, men forebygging er det som redder liv   <\/a> <\/p>\n<p><strong>Jeg fikk alltid<\/strong> mer mat enn ham, fordi jeg var eldst. Men han var fortsatt sulten. S\u00e5 han fikk restene mine.<\/p>\n<p>Det er s\u00e5nne ting jeg husker.<\/p>\n<p>Ikke hvordan jeg s\u00e5 ut.<\/p>\n<p>Og i hvert fall ikke om jeg var tynnere enn \u00e5ret f\u00f8r.<\/p>\n<p><strong>Det han sa<\/strong> til meg er en hendelse som har satt spor i meg og er noe jeg skulle \u00f8nske at jeg kunne glemme.<\/p>\n<p>For det er riktig at noen ting bare skjer \u00e9n gang i livet. Dere vil h\u00f8re min historie, og her er den.<\/p>\n<p>Setningen skulle ha v\u00e6rt en glipp, den skulle aldri ha blitt uttalt. Og dette skulle aldri ha skjedd igjen.<\/p>\n<p><strong>Men det skjedde<\/strong> igjen. Med litt andre ord, litt andre settinger, steder, jeg var eldre, ble eldre med tiden. Og det fortsetter \u00e5 skje.<\/p>\n<p>Du slanker deg jo.<\/p>\n<p>Jeg var ti eller elleve \u00e5r og visste ikke hva slanking betydde.<\/p>\n<p>Du burde se ut som Linn i klassen din.<\/p>\n<p>Jeg var tolv \u00e5r og ville ikke konkurrere om kroppsform med klassevenninnen min. Vi hadde ganske ulike interesser, var gode p\u00e5 ulike ting, og jeg heiet p\u00e5 henne. Jeg heier fortsatt p\u00e5 henne, og vi er fortsatt gode p\u00e5 veldig ulike ting i dag. Hun er musiker. Jeg er en litteraturstudent som liker \u00e5 trene styrke. Kule ting begge deler.<\/p>\n<p>Du blir tynnere for hver gang jeg ser deg.<\/p>\n<p>Jeg var nitten eller tjue \u00e5r. Det var min f\u00f8rste h\u00f8st i studiebyen. Jeg pr\u00f8vde \u00e5 ha et mer avslappet forhold til han.<\/p>\n<p>I dag h\u00f8rer jeg ikke s\u00e5 mye fra dem.<\/p>\n<p><img decoding=\"async\" src=\"data:image\/gif;base64,R0lGODlhEAAJAIAAAP\/\/\/wAAACH5BAEAAAAALAAAAAAQAAkAAAIKhI+py+0Po5yUFQA7\" alt=\"\"\/> <\/p>\n<p><strong>Men jeg h\u00f8rer<\/strong> andre ting, og det er tankene mine.<\/p>\n<p>Jeg skulle ikke ha spist det kakestykket p\u00e5 bursdagen til venninnen min.<\/p>\n<p>Jeg legger ikke ned nok innsats. Jeg pr\u00f8ver ikke mitt beste.<\/p>\n<p>Jeg kommer til \u00e5 f\u00e5 diabetes om jeg noen ganger drikker brus med sukker.<\/p>\n<p>Det er vanskeligere \u00e5 l\u00f8pe fra en stemme som h\u00f8res ut som min egen, og som har byttet ut pronomenet \u00abdu\u00bb med \u00abjeg\u00bb.<\/p>\n<p><strong>Og jeg har tenkt<\/strong> p\u00e5 dette p\u00e5 de vanskeligste dagene mine som er fulle av overtenkning, tvil og selvkritikk. Hvor kommer denne stemmen fra? Den kan jo ikke ha startet hos meg?<\/p>\n<p>Jeg vil ikke tro p\u00e5 det den sier.<\/p>\n<p><strong>Les\u00a0<a href=\"https:\/\/www.adressa.no\/tag\/noe-jeg-aldri-glemmer\" rel=\"noopener nofollow\" target=\"_blank\">flere bidrag i Adresseavisens\u00a0skrivekonkurranse her<\/a>!<\/strong><\/p>\n","protected":false},"excerpt":{"rendered":"Publisert: 5. april 2026 kl. 15:17 Oppdatert: 5. april 2026 kl. 15:17 \u00abNoe jeg aldri glemmer\u00bb Dette er&hellip;\n","protected":false},"author":2,"featured_media":205610,"comment_status":"","ping_status":"","sticky":false,"template":"","format":"standard","meta":{"footnotes":"","_share_on_mastodon":"0"},"categories":[12],"tags":[1301,20,21,24,25,15,22,23,13,30,19800,28,29,14,16,6241,26,27,42,43,44,45],"class_list":["post-205609","post","type-post","status-publish","format-standard","has-post-thumbnail","category-verden","tag-barn","tag-breaking-news","tag-breakingnews","tag-featured-news","tag-featurednews","tag-headlines","tag-latest-news","tag-latestnews","tag-news","tag-no","tag-noe-jeg-aldri-glemmer","tag-norge","tag-norway","tag-nyheter","tag-overskrifter","tag-slanking","tag-top-stories","tag-topstories","tag-verden","tag-world","tag-world-news","tag-worldnews"],"share_on_mastodon":{"url":"https:\/\/pubeurope.com\/@no\/116352540006879836","error":""},"_links":{"self":[{"href":"https:\/\/www.europesays.com\/no\/wp-json\/wp\/v2\/posts\/205609","targetHints":{"allow":["GET"]}}],"collection":[{"href":"https:\/\/www.europesays.com\/no\/wp-json\/wp\/v2\/posts"}],"about":[{"href":"https:\/\/www.europesays.com\/no\/wp-json\/wp\/v2\/types\/post"}],"author":[{"embeddable":true,"href":"https:\/\/www.europesays.com\/no\/wp-json\/wp\/v2\/users\/2"}],"replies":[{"embeddable":true,"href":"https:\/\/www.europesays.com\/no\/wp-json\/wp\/v2\/comments?post=205609"}],"version-history":[{"count":0,"href":"https:\/\/www.europesays.com\/no\/wp-json\/wp\/v2\/posts\/205609\/revisions"}],"wp:featuredmedia":[{"embeddable":true,"href":"https:\/\/www.europesays.com\/no\/wp-json\/wp\/v2\/media\/205610"}],"wp:attachment":[{"href":"https:\/\/www.europesays.com\/no\/wp-json\/wp\/v2\/media?parent=205609"}],"wp:term":[{"taxonomy":"category","embeddable":true,"href":"https:\/\/www.europesays.com\/no\/wp-json\/wp\/v2\/categories?post=205609"},{"taxonomy":"post_tag","embeddable":true,"href":"https:\/\/www.europesays.com\/no\/wp-json\/wp\/v2\/tags?post=205609"}],"curies":[{"name":"wp","href":"https:\/\/api.w.org\/{rel}","templated":true}]}}