{"id":20589,"date":"2025-08-28T16:33:16","date_gmt":"2025-08-28T16:33:16","guid":{"rendered":"https:\/\/www.europesays.com\/no\/20589\/"},"modified":"2025-08-28T16:33:16","modified_gmt":"2025-08-28T16:33:16","slug":"dette-er-bevisene-mot-isak-dreyer-og-jaktlaget","status":"publish","type":"post","link":"https:\/\/www.europesays.com\/no\/20589\/","title":{"rendered":"Dette er bevisene mot Isak Dreyer og jaktlaget"},"content":{"rendered":"\n<ul class=\"_list_1bvmi_3 _list_1flq1_85 _unordered_1bvmi_99 text-sans-m\">\n<li class=\"_item_1bvmi_30\">Seks personer er tiltalt for ulovlig bj\u00f8rnejakt i Sverige. Blant dem er TV-profil Isak Dreyer. Han nekter for alt.<\/li>\n<li class=\"_item_1bvmi_30\">Svensk politi har bildemateriale som viser at jegerne skal ha overv\u00e5ket bj\u00f8rn i en m\u00e5ned f\u00f8r jakten i Str\u00f6msund.<\/li>\n<li class=\"_item_1bvmi_30\">Jaktlaget skal ha skutt og drept en binne og en unge. <\/li>\n<li class=\"_item_1bvmi_30\">Politiet beslagla blant annet bj\u00f8rnekj\u00f8tt og bj\u00f8rneskinn. <\/li>\n<li class=\"_item_1bvmi_30\">NRK har til n\u00e5 f\u00e5tt inn 440 klager til Publikumsservice og 220 klager til Kringkastingsr\u00e5det.<\/li>\n<\/ul>\n<p>Vis mer <\/p>\n<p class=\"_paragraph_1bvmi_4 _paragraph_xtcu6_10 layout-component text-serif-m layout-normal text-serif-m layout-padded\">VG har g\u00e5tt gjennom bevisene i saken mot TV-profil <a href=\"https:\/\/www.vg.no\/tag\/isak-dreyer?utm_source=vg-article&amp;utm_medium=auto-tagger&amp;utm_campaign=25rjLx\" class=\"_link_1bvmi_39\" rel=\"nofollow noopener\" target=\"_blank\">Isak Dreyer<\/a> og fem andre jegere. De er tiltalt tiltalt \u00c5 v\u00e6re tiltalt betyr at noen er formelt anklaget for \u00e5 ha gjort noe ulovlig, og saken skal behandles i retten.for \u00e5 ha jaktet ulovlig p\u00e5 bj\u00f8rn i Sverige.<\/p>\n<p class=\"_paragraph_1bvmi_4 _paragraph_xtcu6_10 layout-component text-serif-m layout-normal text-serif-m layout-padded\">If\u00f8lge tiltalen skal jegerne i fellesskap og etter avtale bevisst ha jaktet p\u00e5 en bj\u00f8rnebinne og hennes bj\u00f8rnunger i Str\u00f6msund i oktober 2023, noe de ikke hadde lov til.<\/p>\n<p class=\"_paragraph_1bvmi_4 _paragraph_xtcu6_10 layout-component text-serif-m layout-normal text-serif-m layout-padded\">I tillegg mener politiet at jakten ble drevet med bil.<\/p>\n<p class=\"_paragraph_1bvmi_4 _paragraph_xtcu6_10 layout-component text-serif-m layout-normal text-serif-m layout-padded\">Bildene viser n\u00e5r binnen ble skutt:<\/p>\n<ul class=\"_gallery_1qa3s_23\" tabindex=\"0\">\n<li class=\"_item_1qa3s_37\" data-index=\"0\"><img decoding=\"async\" class=\"_image_foru8_23 _articleGallery_foru8_39\" data-fullscreen- width=\"976\" height=\"902\" itemprop=\"image\" loading=\"lazy\"  src=\"https:\/\/www.europesays.com\/no\/wp-content\/uploads\/2025\/08\/6139fa71-3e99-4502-bb1d-fd342694ce25\"  style=\"object-position:57.786885245901644% 32.98226164079823%;aspect-ratio:var(--gallery-aspect-ratio, 16 \/ 9)\"\/>Foto: Polisen<\/li>\n<li class=\"_item_1qa3s_37\" data-index=\"1\"><img decoding=\"async\" class=\"_image_foru8_23 _articleGallery_foru8_39\" data-fullscreen- width=\"978\" height=\"800\" itemprop=\"image\" loading=\"lazy\"  src=\"https:\/\/www.europesays.com\/no\/wp-content\/uploads\/2025\/08\/86d6e236-9fd8-4095-b1eb-66e4efadcb30\"  style=\"object-position:35.736196319018404% 32.3125%;aspect-ratio:var(--gallery-aspect-ratio, 16 \/ 9)\"\/>Foto: Polisen<\/li>\n<li class=\"_item_1qa3s_37\" data-index=\"2\"><img decoding=\"async\" class=\"_image_foru8_23 _articleGallery_foru8_39\" data-fullscreen- width=\"974\" height=\"756\" itemprop=\"image\" loading=\"lazy\"  src=\"https:\/\/www.europesays.com\/no\/wp-content\/uploads\/2025\/08\/ec158777-9927-4318-aa8c-06be2323d002\"  style=\"object-position:38.347022587268995% 35.25132275132275%;aspect-ratio:var(--gallery-aspect-ratio, 16 \/ 9)\"\/>Foto: Polisen<\/li>\n<li class=\"_item_1qa3s_37\" data-index=\"3\"><img decoding=\"async\" class=\"_image_foru8_23 _articleGallery_foru8_39\" data-fullscreen- width=\"982\" height=\"804\" itemprop=\"image\" loading=\"lazy\"  src=\"https:\/\/www.europesays.com\/no\/wp-content\/uploads\/2025\/08\/8372f211-ef6c-4bd4-9388-414364980df8\"  style=\"object-position:78.71690427698574% 31.156716417910445%;aspect-ratio:var(--gallery-aspect-ratio, 16 \/ 9)\"\/>Foto: Polisen<\/li>\n<\/ul>\n<p class=\"_paragraph_1bvmi_4 _paragraph_xtcu6_10 layout-component text-serif-m layout-normal text-serif-m layout-padded\">I tillegg til binnen, mener politiet at de skj\u00f8t \u00e9n unge. En av de tiltalte har erkjent \u00e5 ha skutt binnen, men ingen erkjenner \u00e5 ha skutt bj\u00f8rneungen. De skj\u00f8t ogs\u00e5 en hannbj\u00f8rn lovlig. <\/p>\n<p class=\"_paragraph_1bvmi_4 _paragraph_xtcu6_10 layout-component text-serif-m layout-normal text-serif-m layout-padded\">Det ble ikke meldt inn til myndighetene at en bj\u00f8rnunge var drept.<\/p>\n<p class=\"_paragraph_1bvmi_4 _paragraph_xtcu6_10 layout-component text-serif-m layout-normal text-serif-m layout-padded\">VG har v\u00e6rt i kontakt med forsvarerne til alle de tiltalte. Se hva de svarer lenger ned.<\/p>\n<p class=\"_paragraph_1bvmi_4 _paragraph_xtcu6_10 layout-component text-serif-m layout-normal text-serif-m layout-padded\">Forsvareren til Isak Dreyer er tydelig p\u00e5 at hans klient \u00abnekter for alt\u00bb.<\/p>\n<p class=\"_paragraph_1bvmi_4 _paragraph_xtcu6_10 layout-component text-serif-m layout-normal text-serif-m layout-padded\">TV-profilen har ogs\u00e5 selv lagt ut en video p\u00e5 Instagram der han kommer med sin forklaring: <\/p>\n<p class=\"_paragraph_1bvmi_4 _paragraph_xtcu6_10 layout-component text-serif-m layout-normal text-serif-m layout-padded\">\u2013 Jeg var ikke med p\u00e5 \u00e5 skyte noen unge eller binne den dagen, jeg skj\u00f8t ingenting som helst, sier han i videoen.<\/p>\n<p class=\"_paragraph_1bvmi_4 _paragraph_xtcu6_10 layout-component text-serif-m layout-normal text-serif-m layout-padded\">Han avviste ogs\u00e5 at han har fors\u00f8kt \u00e5 felle noen dyr uten tillatelse, og sier at han heller ikke har medvirket til at noen andre har gjort dette.<\/p>\n<p> Skal ha overv\u00e5ket bj\u00f8rnene<\/p>\n<p class=\"_paragraph_1bvmi_4 _paragraph_xtcu6_10 layout-component text-serif-m layout-normal text-serif-m layout-padded\">I en tilleggsrapport til etterforskningsrapporten til det svenske politiet som VG har f\u00e5tt innsyn i, er det flere skjermdumper fra l\u00f8ypekameraer som politiet mener er jegernes.<\/p>\n<p class=\"_paragraph_1bvmi_4 _paragraph_xtcu6_10 layout-component text-serif-m layout-normal text-serif-m layout-padded\">I rapporten er det lagt inn en kronologisk oversikt over bilder av bj\u00f8rner som dukket opp p\u00e5 l\u00f8ypekameraene jegerne skal ha plassert rundt i den svenske skogen.<\/p>\n<p class=\"_paragraph_1bvmi_4 _paragraph_xtcu6_10 layout-component text-serif-m layout-normal text-serif-m layout-padded\">Selve fellingen av bj\u00f8rnene skjedde 3. oktober 2023 i <a href=\"https:\/\/www.vg.no\/tag\/stromsund\" class=\"_link_1bvmi_39\" rel=\"nofollow noopener\" target=\"_blank\">Str\u00f6msunds<\/a> kommune.<\/p>\n<p class=\"_paragraph_1bvmi_4 _paragraph_xtcu6_10 layout-component text-serif-m layout-normal text-serif-m layout-padded\">Likevel viser de f\u00f8rste bildene i rapporten at jegerne skal ha overv\u00e5ket bj\u00f8rnene allerede en m\u00e5ned tidligere. <\/p>\n<p class=\"_paragraph_1bvmi_4 _paragraph_xtcu6_10 layout-component text-serif-m layout-normal text-serif-m layout-padded\">Det f\u00f8rste bildet er datert 2. september 2023.<\/p>\n<p class=\"_paragraph_1bvmi_4 _paragraph_xtcu6_10 layout-component text-serif-m layout-normal text-serif-m layout-padded\"><strong class=\"_strong_1bvmi_25\">Her er en tidslinje med noen av bildene som er fanget opp:<\/strong><\/p>\n<ul class=\"_list_1bvmi_3 _list_xtcu6_9 _unordered_1bvmi_99 layout-component text-serif-m layout-normal text-serif-m layout-padded\">\n<li class=\"_item_1bvmi_30\"><strong class=\"_strong_1bvmi_25\">2. september 2023 kl. 21:48:<\/strong> Viser en stor bj\u00f8rn sammen med tre sm\u00e5 bj\u00f8rner som snuser i bakken.<\/li>\n<li class=\"_item_1bvmi_30\"><strong class=\"_strong_1bvmi_25\">8. september 2023 kl. 10:57: <\/strong>En stor bj\u00f8rn st\u00e5r oppreist mot et tre, en mindre bj\u00f8rn st\u00e5r oppreist mot et annet tre, og en mindre bj\u00f8rn st\u00e5r ved siden av.<\/li>\n<li class=\"_item_1bvmi_30\"><strong class=\"_strong_1bvmi_25\">28. september 2023 kl. 22:56:<\/strong> En stor bj\u00f8rn sammen med tre sm\u00e5 bj\u00f8rner er fanget p\u00e5 kamera.<\/li>\n<li class=\"_item_1bvmi_30\"><strong class=\"_strong_1bvmi_25\">2. oktober 2023 kl. 19:53:<\/strong> En stor bj\u00f8rn og to sm\u00e5 bj\u00f8rner som f\u00f8lger den store bak.<\/li>\n<\/ul>\n<p><img alt=\"Foto: Politiet\" class=\"_image_qp4xg_65 layout-component layout-normal\" data-fullscreen- data-track-element-type=\"Article image fullscreen\" data-track-name=\"ImageFullscreen\" decoding=\"async\" loading=\"lazy\" height=\"616\" itemprop=\"image\"  src=\"https:\/\/www.europesays.com\/no\/wp-content\/uploads\/2025\/08\/5ee01aac-27ca-4ca7-96a4-774aa3ac8c26\"  style=\"object-position:48.083941605839414% 44.967532467532465%\" width=\"1096\"\/>Foto: Politiet<\/p>\n<ul class=\"_list_1bvmi_3 _list_xtcu6_9 _unordered_1bvmi_99 layout-component text-serif-m layout-normal text-serif-m layout-padded\">\n<li class=\"_item_1bvmi_30\"><strong class=\"_strong_1bvmi_25\">2. oktober 2023 kl. 23:12:<\/strong> En stor og tre mindre bj\u00f8rner spiser noe p\u00e5 bakken.<\/li>\n<\/ul>\n<p><img alt=\"Foto: Politiet\" class=\"_image_qp4xg_65 layout-component layout-normal\" data-fullscreen- data-track-element-type=\"Article image fullscreen\" data-track-name=\"ImageFullscreen\" decoding=\"async\" loading=\"lazy\" height=\"654\" itemprop=\"image\"  src=\"https:\/\/www.europesays.com\/no\/wp-content\/uploads\/2025\/08\/01173112-e375-4a93-9789-81f7a940e61a\"  style=\"object-position:73.84219554030875% 63.68501529051988%\" width=\"1166\"\/>Foto: Politiet<\/p>\n<ul class=\"_list_1bvmi_3 _list_xtcu6_9 _unordered_1bvmi_99 layout-component text-serif-m layout-normal text-serif-m layout-padded\">\n<li class=\"_item_1bvmi_30\"><strong class=\"_strong_1bvmi_25\">3. oktober 2023 kl. 09:10\u201318:00:<\/strong> If\u00f8lge tiltalen skal selve jaktbruddet ha skjedd denne dagen \u2013 samme dag har l\u00f8ypekameraene registrert aktivitet.<\/li>\n<\/ul>\n<p class=\"_paragraph_1bvmi_4 _paragraph_xtcu6_10 layout-component text-serif-m layout-normal text-serif-m layout-padded\">Det ble ogs\u00e5 funnet en skjermdump fra en Messenger-samtale mellom to av jegerne som er dokumentert i politiets rapport. Dreyer er ikke inkludert i denne samtalen.<\/p>\n<p><img alt=\"\u00abTa bort alt som har med bj\u00f8rnejakten \u00e5 gj\u00f8re\u00bb. Dreyer er ikke inkludert i denne samtalen.  Foto: Skjermdump messenger \/ Polisen\" class=\"_image_qp4xg_65 layout-component layout-normal\" data-fullscreen- data-track-element-type=\"Article image fullscreen\" data-track-name=\"ImageFullscreen\" decoding=\"async\" loading=\"lazy\" height=\"794\" itemprop=\"image\"  src=\"https:\/\/www.europesays.com\/no\/wp-content\/uploads\/2025\/08\/f201d0c4-5748-4ab9-b7e2-866059067bc2\"  style=\"object-position:0% 0%\" width=\"712\"\/>\u00abTa bort alt som har med bj\u00f8rnejakten \u00e5 gj\u00f8re\u00bb. Dreyer er ikke inkludert i denne samtalen.  Foto: Skjermdump messenger \/ Polisen<\/p>\n<p class=\"_paragraph_1bvmi_4 _paragraph_xtcu6_10 layout-component text-serif-m layout-normal text-serif-m layout-padded\">Det er fortsatt ikke satt en dato for rettssaken mot de tiltalte, bekrefter \u00d6stersunds tingrett til VG.<\/p>\n<p> Slik slo politiet til i Norge<\/p>\n<p class=\"_paragraph_1bvmi_4 _paragraph_xtcu6_10 layout-component text-serif-m layout-normal text-serif-m layout-padded\">I og med at jakten skjedde i Sverige, har svensk og norsk politi samarbeidet om etterforskningen.<\/p>\n<p class=\"_paragraph_1bvmi_4 _paragraph_xtcu6_10 layout-component text-serif-m layout-normal text-serif-m layout-padded\">\u2013 Norsk og svensk politi har et godt samarbeid i saker som gjelder milj\u00f8kriminalitetmilj\u00f8kriminalitetMilj\u00f8kriminalitet er ulovlige handlinger som skader milj\u00f8et, som for eksempel ulovlig jakt p\u00e5 truede dyrearter. og ulovlig jakt. Det har vi ogs\u00e5 hatt i denne saken, og det har hatt h\u00f8y prioritet hos oss \u00e5 bist\u00e5 svenskene. \u00d8kokrim har bist\u00e5tt blant annet med p\u00e5gripelser, ransaking og avh\u00f8r i Norge, skriver politiadvokat Anja Solheim i \u00d8kokrim\u00d8kokrim\u00d8kokrim er en norsk enhet som etterforsker og p\u00e5taler \u00f8konomisk kriminalitet og milj\u00f8kriminalitet. til VG i en e-post.<\/p>\n<p><img alt=\"En bil med en bj\u00f8rn liggende p\u00e5 lasteplanet.  Foto: Politiet\" class=\"_image_qp4xg_65 layout-component layout-normal\" data-fullscreen- data-track-element-type=\"Article image fullscreen\" data-track-name=\"ImageFullscreen\" decoding=\"async\" loading=\"lazy\" height=\"422\" itemprop=\"image\"  src=\"https:\/\/www.europesays.com\/no\/wp-content\/uploads\/2025\/08\/7a0f3e90-9ae1-43d5-b96b-ad950c0501a0\"  style=\"object-position:0% 0%\" width=\"750\"\/>En bil med en bj\u00f8rn liggende p\u00e5 lasteplanet.  Foto: Politiet<\/p>\n<p class=\"_paragraph_1bvmi_4 _paragraph_xtcu6_10 layout-component text-serif-m layout-normal text-serif-m layout-padded\">\u2013 Seks personer er i denne saken tiltalt for grove jaktovertredelser. Ulovlig jakt p\u00e5 fredet rovvilt er alvorlig milj\u00f8kriminalitet. Det er overtredelser som er vanskelige \u00e5 avdekke og etterforske, men flere nylige straffesaker i Norden viser at milj\u00f8kriminalitet tas p\u00e5 alvor og er prioritert, skriver Solheim videre.<\/p>\n<p> Tok med bj\u00f8rneskinn hjem<\/p>\n<p class=\"_paragraph_1bvmi_4 _paragraph_xtcu6_10 layout-component text-serif-m layout-normal text-serif-m layout-padded\">Dreyer ble p\u00e5grepet av politiet p\u00e5 V\u00e6rnes Lufthavn 28. februar 2025. I tillegg til grovt jaktbrudd, er Dreyer tiltalt for grovt heleriheleriHeleri er \u00e5 motta, kj\u00f8pe eller skjule stj\u00e5lne varer, eller p\u00e5 annen m\u00e5te hjelpe til med \u00e5 omsette dem. av et bj\u00f8rneskinn han tok med seg hjem til Norge etter jakten.<\/p>\n<p><img alt=\"Bilde fra Dreyers hjem og bj\u00f8rneskinnet.  Foto: Politiet\" class=\"_image_qp4xg_65 layout-component layout-normal\" data-fullscreen- data-track-element-type=\"Article image fullscreen\" data-track-name=\"ImageFullscreen\" decoding=\"async\" loading=\"lazy\" height=\"2528\" itemprop=\"image\"  src=\"https:\/\/www.europesays.com\/no\/wp-content\/uploads\/2025\/08\/de6a6e22-51a5-4c78-bfa7-f85c92c5e647\"  style=\"object-position:45.46659597030753% 76.83939873417721%\" width=\"1886\"\/>Bilde fra Dreyers hjem og bj\u00f8rneskinnet.  Foto: Politiet<\/p>\n<p class=\"_paragraph_1bvmi_4 _paragraph_xtcu6_10 layout-component text-serif-m layout-normal text-serif-m layout-padded\">Straffeniv\u00e5et ved ulovlig jakt varierer fra b\u00f8ter til ubetingede fengselsstraffer.<\/p>\n<p class=\"_paragraph_1bvmi_4 _paragraph_xtcu6_10 layout-component text-serif-m layout-normal text-serif-m layout-padded\">Ved s\u00e6rlig alvorlige tilfeller av grov ulovlig jakt, kan p\u00e5talemyndigheten benytte straffeloven \u00a7 240 om alvorlig milj\u00f8kriminalitet. Her er strafferammen p\u00e5 fengsel inntil seks \u00e5r.<\/p>\n<p class=\"_paragraph_1bvmi_4 _paragraph_xtcu6_10 layout-component text-serif-m layout-normal text-serif-m layout-padded\">Dreyer har forklart i avh\u00f8r at det vanligvis er den som feller bj\u00f8rnen som tar skinnet, men at ingen andre i jaktlaget viste interesse, og at han derfor tok vare p\u00e5 det.<\/p>\n<p class=\"_paragraph_1bvmi_4 _paragraph_xtcu6_10 layout-component text-serif-m layout-normal text-serif-m layout-padded\">Politiet mener ikke TV-profilen var til stede da hverken binnen eller ungen ble skutt, men kom til senere. Han har i avh\u00f8r forklart at han trodde ungen ble tatt av en hund, og at han <a href=\"https:\/\/www.vg.no\/rampelys\/i\/vgMn5p\/isak-dreyer-i-avhoer-jeg-hjalp-bare-til\" data-track-element-type=\"Link\" data-track-id=\"link:vgMn5p\" class=\"_link_1bvmi_39\" rel=\"nofollow noopener\" target=\"_blank\">bare hjalp til<\/a> da han slepte bj\u00f8rnungen gjennom skogen til n\u00e6rmeste vei: <\/p>\n<p><img alt=\"Foto: Politiet\" class=\"_image_qp4xg_65 layout-component layout-normal\" data-fullscreen- data-track-element-type=\"Article image fullscreen\" data-track-name=\"ImageFullscreen\" decoding=\"async\" loading=\"lazy\" height=\"1518\" itemprop=\"image\"  src=\"https:\/\/www.europesays.com\/no\/wp-content\/uploads\/2025\/08\/b2f8a6da-1a28-4329-9999-bad6e57d1677\"  style=\"object-position:50% 52.70092226613966%\" width=\"1059\"\/>Foto: Politiet<\/p>\n<p class=\"_paragraph_1bvmi_4 _paragraph_xtcu6_10 layout-component text-serif-m layout-normal text-serif-m layout-padded\">En av de andre tiltalte ble p\u00e5grepet p\u00e5 arbeidsplassen sin, noe han overfor politiet har beskrevet som \u00abmeget uforholdsmessig\u00bb.<\/p>\n<p class=\"_paragraph_1bvmi_4 _paragraph_xtcu6_10 layout-component text-serif-m layout-normal text-serif-m layout-padded\">Dreyer vant tredje sesong av \u00abNorges t\u00f8ffeste\u00bb i 2021, noe som ga ham kjendisstatus over natten. Siden den gang har han deltatt i programmer som \u00abFarmen kjendis\u00bb, \u00abJaget\u00bb og \u00abJens og Isak p\u00e5 tynn is\u00bb.<\/p>\n<p class=\"_paragraph_1bvmi_4 _paragraph_xtcu6_10 layout-component text-serif-m layout-normal text-serif-m layout-padded\">Tidligere i august debuterte han som programleder i den sjette sesongen av \u00abNorges t\u00f8ffeste\u00bb sammen med J\u00f8rgine Massa Vasstrand.<\/p>\n<p> Klager til NRK<\/p>\n<p class=\"_paragraph_1bvmi_4 _paragraph_xtcu6_10 layout-component text-serif-m layout-normal text-serif-m layout-padded\"><a href=\"https:\/\/www.vg.no\/i\/vgMn5p\" data-track-element-type=\"Link\" data-track-id=\"link:vgMn5p\" class=\"_link_1bvmi_39\" rel=\"nofollow noopener\" target=\"_blank\">NRK har f\u00e5tt inn flere klager<\/a> etter at det ble kjent at Dreyer var tiltalt i saken. <\/p>\n<p class=\"_paragraph_1bvmi_4 _paragraph_xtcu6_10 layout-component text-serif-m layout-normal text-serif-m layout-padded\">Torsdag ettermiddag skriver NRK i en melding til VG at de har f\u00e5tt inn 440 klager til Publikumsservice, og 220 klager til Kringkastingsr\u00e5det.<\/p>\n<p class=\"_paragraph_1bvmi_4 _paragraph_xtcu6_10 layout-component text-serif-m layout-normal text-serif-m layout-padded\">Det er usikkert n\u00e5r saken skal opp i Kringkastingsr\u00e5det.<\/p>\n<p class=\"_paragraph_1bvmi_4 _paragraph_xtcu6_10 layout-component text-serif-m layout-normal text-serif-m layout-padded\">\u2013 Vi vet ikke det forel\u00f8pig. Den listen blir klar f\u00f8rst noen dager f\u00f8r m\u00f8tet. Neste m\u00f8te er 25. september, sier spesialr\u00e5dgiver i Kringkastingsr\u00e5det, Erik Skarrud.<\/p>\n<p class=\"_paragraph_1bvmi_4 _paragraph_xtcu6_10 layout-component text-serif-m layout-normal text-serif-m layout-padded\">NRK vil ikke utdype utover det de allerede har uttalt, hverken om hvor lenge de har kjent til saken, n\u00e5r de ble informert om tiltalen, eller hvordan de vil h\u00e5ndtere klagene videre.<\/p>\n<p class=\"_paragraph_1bvmi_4 _paragraph_xtcu6_10 layout-component text-serif-m layout-normal layout-padded\"><strong class=\"_strong_1bvmi_25\">Les ogs\u00e5:<\/strong> <a href=\"https:\/\/www.vg.no\/i\/vgMn5p\" data-track-element-type=\"Link\" data-track-id=\"link:vgMn5p\" class=\"_link_1bvmi_39\" rel=\"nofollow noopener\" target=\"_blank\">Isak Dreyer i avh\u00f8r: \u2013 Jeg hjalp bare til<\/a><\/p>\n<p class=\"_paragraph_1bvmi_4 _paragraph_xtcu6_10 layout-component text-serif-m layout-normal text-serif-m layout-padded\">\u2013 Vi er gjort kjent med tiltalebeslutningen. NRK er orientert om etterforskningen fra Isak Dreyer og hans advokat. Den samlede informasjonen vi sitter p\u00e5 n\u00e5, tilsier ikke at dette vil f\u00e5 noen innvirkning p\u00e5 publiseringen av \u00abNorges t\u00f8ffeste\u00bb. Vi f\u00f8lger med videre p\u00e5 saken og gj\u00f8r l\u00f8pende vurderinger. Utover det er det ikke naturlig for oss \u00e5 kommentere en p\u00e5g\u00e5ende rettsprosess i Sverige, skriver programredakt\u00f8r i NRK Tr\u00f8ndelag, Kristian Karlsen.<\/p>\n<p class=\"_paragraph_1bvmi_4 _paragraph_xtcu6_10 layout-component text-serif-m layout-normal text-serif-m layout-padded\">VG har v\u00e6rt i kontakt med forsvarerne til de tiltalte i saken som har f\u00f8lgende \u00e5 si:<\/p>\n<p><img decoding=\"async\" alt=\"Bilde av Sven Severin, advokaten til Isak Dreyer\" class=\"_image_ygndg_42\" height=\"43\" itemprop=\"image\" loading=\"lazy\"  src=\"https:\/\/www.europesays.com\/no\/wp-content\/uploads\/2025\/08\/489c4c65-48e5-434a-9174-e99daadfc00b\"  width=\"40\"\/><strong class=\"_name_ygndg_51 title-serif-xs\">Sven Severin, advokaten til Isak Dreyer<\/strong><\/p>\n<p class=\"_paragraph_1bvmi_4 text-sans-m _description_ygndg_56\">\u2013 ID (Isak Dreyer) benekter at han har beg\u00e5tt noen form for jaktkriminalitet. Han har ikke skutt noen bj\u00f8rner selv, og han har heller ikke p\u00e5 annen m\u00e5te deltatt i noen form for jaktkriminalitet.<\/p>\n<p><img decoding=\"async\" alt=\"Bilde av Lucas Wahlsj\u00f6, advokat\" class=\"_image_ygndg_42\" height=\"31\" itemprop=\"image\" loading=\"lazy\"  src=\"https:\/\/www.europesays.com\/no\/wp-content\/uploads\/2025\/08\/57a76ef4-b42d-459c-b659-cdda68e9d76f\"  width=\"40\"\/><strong class=\"_name_ygndg_51 title-serif-xs\">Lucas Wahlsj\u00f6, advokat<\/strong><\/p>\n<p class=\"_paragraph_1bvmi_4 text-sans-m _description_ygndg_56\">\u2013 Min klient nekter for \u00e5 ha gjort noe galt. Vi vil ikke kommentere saken ytterligere f\u00f8r rettssaken.<\/p>\n<p><img decoding=\"async\" alt=\"Bilde av Isak Oscarson, advokat\" class=\"_image_ygndg_42\" height=\"40\" itemprop=\"image\" loading=\"lazy\"  src=\"https:\/\/www.europesays.com\/no\/wp-content\/uploads\/2025\/08\/df338318-28a6-4313-9f8d-5278477990b8\"  width=\"40\"\/><strong class=\"_name_ygndg_51 title-serif-xs\">Isak Oscarson, advokat<\/strong><\/p>\n<p class=\"_paragraph_1bvmi_4 text-sans-m _description_ygndg_56\">\u2013 Min klient nekter straffskyld fordi han selv ikke deltok i jakten p\u00e5 hunnen og ungene. Han har samarbeidet med politiet, og under den forel\u00f8pige etterforskningen n\u00f8ye forklart hendelsesforl\u00f8pet og sin rolle i jakten. Det vil han ogs\u00e5 gj\u00f8re n\u00e5r han blir h\u00f8rt i tingretten. Ellers velger vi \u00e5 ikke kommentere saken n\u00e6rmere f\u00f8r rettssaken.<\/p>\n<p><img decoding=\"async\" alt=\"Bilde av Anders Cederberg, advokat\" class=\"_image_ygndg_42\" height=\"41\" itemprop=\"image\" loading=\"lazy\"  src=\"https:\/\/www.europesays.com\/no\/wp-content\/uploads\/2025\/08\/e6ce5d3b-d152-4ee2-9e42-a1057a0162c1\"  width=\"40\"\/><strong class=\"_name_ygndg_51 title-serif-xs\">Anders Cederberg, advokat<\/strong><\/p>\n<p class=\"_paragraph_1bvmi_4 text-sans-m _description_ygndg_56\">\u2013 Min klient innr\u00f8mmer at han avfyrte skuddet som drepte hunnbj\u00f8rnen da bj\u00f8rnen l\u00f8p over en smal grusvei i skogen. Det var et raskt hendelsesforl\u00f8p, og det er f\u00f8rst etter skudd\u00f8yeblikket at han legger merke til at det var unger som fulgte etter. Klienten benekter at han deltok i noen senere jakt p\u00e5 bj\u00f8rneunger, og at han brukte et kj\u00f8ret\u00f8y i forbindelse med jakten. Bilen ble brukt til transport til post-stedet, og for \u00e5 hindre jakthundene i \u00e5 krysse en trafikkert hovedvei. N\u00e5r det er sagt, benekter han aktors p\u00e5stand om forsettlig alvorlig jaktkriminalitet.<\/p>\n<p class=\"_paragraph_1bvmi_4 _paragraph_xtcu6_10 layout-component text-serif-m layout-normal text-serif-m layout-padded\">Advokat Emma Cutting og advokat Jan-\u00c5ke Nyst\u00f6m har ikke svart p\u00e5 VGs henvendelser.<\/p>\n<p class=\"_paragraph_1bvmi_4 _paragraph_xtcu6_10 layout-component text-serif-m layout-normal text-serif-m layout-padded\"><strong class=\"_strong_1bvmi_25\">VG har sendt flere henvendelser til Isak Dreyer, men ikke f\u00e5tt svar.<\/strong><\/p>\n<p>Les ogs\u00e5<\/p>\n","protected":false},"excerpt":{"rendered":"Seks personer er tiltalt for ulovlig bj\u00f8rnejakt i Sverige. Blant dem er TV-profil Isak Dreyer. Han nekter for&hellip;\n","protected":false},"author":2,"featured_media":20590,"comment_status":"","ping_status":"","sticky":false,"template":"","format":"standard","meta":{"footnotes":""},"categories":[5],"tags":[20,21,24,25,15,19,3316,1521,22,23,17,18,13,30,28,29,14,16,3232,1359,26,27],"class_list":{"0":"post-20589","1":"post","2":"type-post","3":"status-publish","4":"format-standard","5":"has-post-thumbnail","7":"category-overskrifter","8":"tag-breaking-news","9":"tag-breakingnews","10":"tag-featured-news","11":"tag-featurednews","12":"tag-headlines","13":"tag-hovedoppslag","14":"tag-isak-dreyer","15":"tag-jakt","16":"tag-latest-news","17":"tag-latestnews","18":"tag-main-news","19":"tag-mainnews","20":"tag-news","21":"tag-no","22":"tag-norge","23":"tag-norway","24":"tag-nyheter","25":"tag-overskrifter","26":"tag-stromsund","27":"tag-sverige","28":"tag-top-stories","29":"tag-topstories"},"share_on_mastodon":{"url":"","error":""},"_links":{"self":[{"href":"https:\/\/www.europesays.com\/no\/wp-json\/wp\/v2\/posts\/20589","targetHints":{"allow":["GET"]}}],"collection":[{"href":"https:\/\/www.europesays.com\/no\/wp-json\/wp\/v2\/posts"}],"about":[{"href":"https:\/\/www.europesays.com\/no\/wp-json\/wp\/v2\/types\/post"}],"author":[{"embeddable":true,"href":"https:\/\/www.europesays.com\/no\/wp-json\/wp\/v2\/users\/2"}],"replies":[{"embeddable":true,"href":"https:\/\/www.europesays.com\/no\/wp-json\/wp\/v2\/comments?post=20589"}],"version-history":[{"count":0,"href":"https:\/\/www.europesays.com\/no\/wp-json\/wp\/v2\/posts\/20589\/revisions"}],"wp:featuredmedia":[{"embeddable":true,"href":"https:\/\/www.europesays.com\/no\/wp-json\/wp\/v2\/media\/20590"}],"wp:attachment":[{"href":"https:\/\/www.europesays.com\/no\/wp-json\/wp\/v2\/media?parent=20589"}],"wp:term":[{"taxonomy":"category","embeddable":true,"href":"https:\/\/www.europesays.com\/no\/wp-json\/wp\/v2\/categories?post=20589"},{"taxonomy":"post_tag","embeddable":true,"href":"https:\/\/www.europesays.com\/no\/wp-json\/wp\/v2\/tags?post=20589"}],"curies":[{"name":"wp","href":"https:\/\/api.w.org\/{rel}","templated":true}]}}