{"id":206433,"date":"2026-04-06T18:59:29","date_gmt":"2026-04-06T18:59:29","guid":{"rendered":"https:\/\/www.europesays.com\/no\/206433\/"},"modified":"2026-04-06T18:59:29","modified_gmt":"2026-04-06T18:59:29","slug":"kultur-trysil-og-engerdal-solgte-bilde-for-104-000-kroner-har-flere-verdensstjerner-pa-kundelisten","status":"publish","type":"post","link":"https:\/\/www.europesays.com\/no\/206433\/","title":{"rendered":"Kultur, Trysil og Engerdal | Solgte bilde for 104.000 kroner: Har flere verdensstjerner p\u00e5 kundelisten"},"content":{"rendered":"\n<p>De som m\u00f8tte opp p\u00e5 \u00e5pningen av Espen Eiborgs utstilling p\u00e5 Galleri V\u00e5gal i Trysil sentrum skj\u00e6rtorsdag, angret neppe p\u00e5 at de tok turen.<\/p>\n<p>Den karismatiske kunstneren ga dem en historie de ikke vil glemme med det f\u00f8rste.<\/p>\n<p>If\u00f8rt cowboyhatt fortalte 58-\u00e5ringen fra Oslo om den varme sommerdagen for rundt 30 \u00e5r siden da han slet seg opp trappene i en sjuetasjes bygning p\u00e5 Manhattan.<\/p>\n<p>Med seg hadde han et bilde han skulle vise fram til en kunde han ikke kjente navnet p\u00e5.<\/p>\n<p>Fikk sparken p\u00e5 julaften<\/p>\n<p>\u2013 Julaften 1996, da jeg hadde jobbet som arkitekt i New York i seks-sju \u00e5r, fikk jeg beskjed av sjefen om at hun ikke kunne beholde meg.\u00a0<\/p>\n<p>   <img decoding=\"async\" width=\"4000\" height=\"2252\" fetchpriority=\"low\"  loading=\"lazy\"  src=\"https:\/\/www.europesays.com\/no\/wp-content\/uploads\/2026\/04\/20260402_130618.jpg\" alt=\"\" class=\"brick-c-cFOWSL\" style=\"--brick-image-ratio: 4000 \/ 2252;\"\/><\/p>\n<p>      FULL OPPMERKSOMHET: Espen Eiborg fikk publikums fulle oppmerksomhet da han fortalte sin utrolige historie om Robert Redford.<br \/>\n      Foto: Per Becker\n    <\/p>\n<p>\u2013 Jeg hadde lenge jobbet med kunst, og hadde mitt atelier i min lille leilighet. Jeg var blakk. Hadde akkurat nok til br\u00f8d og maling. En dag fikk jeg sp\u00f8rsm\u00e5l fra en bekjent som visste at jeg malte om jeg hadde noen bilder. Jeg svarte at jeg hadde rundt ti stykker.<\/p>\n<p>Han har et livlig kroppsspr\u00e5k, gestikulerer ivrig og har de bes\u00f8kendes fulle oppmerksomhet.<\/p>\n<p>\u2013 Han sa det var en fyr som \u00f8nsket \u00e5 se noen av bildene mine. I New York var det slik at potensielle kunder tok kontakt med kunstnere via agenter eller mellommenn, og ikke omvendt.\u00a0<\/p>\n<p>En liten mann i sofa<\/p>\n<p>\u2013 Jeg tenkte at endelig f\u00e5r jeg kanskje solgt et bilde, og ble ganske giret. Denne fyren bodde i sjuende etasje i en eksklusiv bygning p\u00e5 Manhattan. Jeg bar bildet med meg opp alle trappene. Da jeg endelig kom opp s\u00e5 jeg en liten mann som satt i en sofa.<\/p>\n<p>   <img decoding=\"async\" width=\"3580\" height=\"2156\" fetchpriority=\"low\"  loading=\"lazy\"  src=\"https:\/\/www.europesays.com\/no\/wp-content\/uploads\/2026\/04\/20260402_130244%281%29.jpg\" alt=\"\" class=\"brick-c-cFOWSL\" style=\"--brick-image-ratio: 3580 \/ 2156;\"\/><\/p>\n<p>      CHAMPAGNE: Kristina St\u00e5lung Walbye b\u00f8de selvsagt p\u00e5 sjampis under \u00e5pningen av Espen Eiborgs utstilling p\u00e5 Galleri V\u00e5gal skj\u00e6rtorsdag.<br \/>\n      Foto: Per Becker\n    <\/p>\n<p>\u2013 Seks-sju personer sto rundt ham. Da jeg kikket n\u00e6rmere etter s\u00e5 jeg at det var Robert Redford.<\/p>\n<p>Espen Eiborg humrer og kikker rundt seg, p\u00e5 tilh\u00f8rerne som har hans fulle oppmerksomhet.<\/p>\n<p>\u2013 Det er litt spr\u00f8tt \u00e5 tenke p\u00e5 at Robert Redford kj\u00f8pte mitt f\u00f8rste store bilde.<\/p>\n<p>Hollywood-stjernen er slett ikke den eneste kjendisen som har kj\u00f8pt bilder av Oslo-kunstneren.<\/p>\n<p>P\u00e5 kundelisten hans befinner det seg verdensstjerner som Oprah Winfrey, David Bowie og Jennifer Lopez.<\/p>\n<p>Solgte 20 av 60 bilder<\/p>\n<p>Eiborg har tidligere stilt ut fire bilder p\u00e5 Galleri V\u00e5gal.\u00a0<\/p>\n<p>Det var i forbindelse med en Ari Behn-utstilling i oktober 2022.<\/p>\n<p>Fra skj\u00e6rtorsdag til p\u00e5skeaften fylte 60 av bildene hans veggene i galleriet i Innbygda.<\/p>\n<p>I overkant av 20 av dem ble solgt.<\/p>\n<p>Blant dem et av hans mest ber\u00f8mte: Bummer in the summer, et lekent sommermotiv av en ung kvinne med solbriller.<\/p>\n<p>   <img decoding=\"async\" width=\"4000\" height=\"2252\" fetchpriority=\"low\"  loading=\"lazy\"  src=\"https:\/\/www.europesays.com\/no\/wp-content\/uploads\/2026\/04\/20260402_132130.jpg\" alt=\"\" class=\"brick-c-cFOWSL\" style=\"--brick-image-ratio: 4000 \/ 2252;\"\/><\/p>\n<p>      104.000: Dette bildet, Bummer in the summer, ble solgt for 104.000 kroner.<br \/>\n      Foto: Per Becker\n    <\/p>\n<p>Pris? 104.000 kroner.<\/p>\n<p>\u2013 Egentlig kostet det 120.000, men det var feilpriset, s\u00e5 da gikk det for 104.000, sier kunstneren.<\/p>\n<p>\u2013 Det er en god investering. Bedre enn \u00e5 sette penger i banken.<\/p>\n<p>\u2013 Kommer gjerne tilbake<\/p>\n<p>Bildene til Espen Eiborg blir hengende i Galleri V\u00e5gal i to uker til, fram til skisesongen er avsluttet.<\/p>\n<p>Tidlig i karrieren malte Eiborg hovedsakelig abstrakte bilder, men etter hvert har stilen hans blitt mer figurativ.<\/p>\n<p>\u2013 Alle bildene jeg stilte ut i Trysil er produsert i l\u00f8pet av de siste to \u00e5rene, sier han.<\/p>\n<p>Kunstneren er godt forn\u00f8yd med salg og framm\u00f8te, og kommer gjerne tilbake.<\/p>\n<p>\u2013 Absolutt. Vi har solgt bra, kost oss, spist godt og truffet mange hyggelige mennesker. Det frister definitivt til gjentakelse.<\/p>\n<p>  <a data-static=\"\" href=\"#skip-\" class=\"brick-c-fgNmNC\">Hopp over karusellen.<\/a><\/p>\n<p data-static=\"\" class=\"brick-c-fgNmNC\" id=\"carousel-title-\">Innholdskarusell med 20 artikler.<\/p>\n<ul data-static=\"\" aria-label=\"Navigasjon for innholdskarusell\" class=\"carousel-nav\">\n<li>\n<\/li>\n<li>\n<\/li>\n<\/ul>\n","protected":false},"excerpt":{"rendered":"De som m\u00f8tte opp p\u00e5 \u00e5pningen av Espen Eiborgs utstilling p\u00e5 Galleri V\u00e5gal i Trysil sentrum skj\u00e6rtorsdag, angret&hellip;\n","protected":false},"author":2,"featured_media":206434,"comment_status":"","ping_status":"","sticky":false,"template":"","format":"standard","meta":{"footnotes":"","_share_on_mastodon":"0"},"categories":[58],"tags":[36,71,410,30,28,29,14,218,1510,2040,7984,72],"class_list":["post-206433","post","type-post","status-publish","format-standard","has-post-thumbnail","category-underholdning","tag-art","tag-entertainment","tag-kultur","tag-no","tag-norge","tag-norway","tag-nyheter","tag-pluss","tag-story","tag-trysil","tag-trysil-og-engerdal","tag-underholdning"],"share_on_mastodon":{"url":"https:\/\/pubeurope.com\/@no\/116359303417849538","error":""},"_links":{"self":[{"href":"https:\/\/www.europesays.com\/no\/wp-json\/wp\/v2\/posts\/206433","targetHints":{"allow":["GET"]}}],"collection":[{"href":"https:\/\/www.europesays.com\/no\/wp-json\/wp\/v2\/posts"}],"about":[{"href":"https:\/\/www.europesays.com\/no\/wp-json\/wp\/v2\/types\/post"}],"author":[{"embeddable":true,"href":"https:\/\/www.europesays.com\/no\/wp-json\/wp\/v2\/users\/2"}],"replies":[{"embeddable":true,"href":"https:\/\/www.europesays.com\/no\/wp-json\/wp\/v2\/comments?post=206433"}],"version-history":[{"count":0,"href":"https:\/\/www.europesays.com\/no\/wp-json\/wp\/v2\/posts\/206433\/revisions"}],"wp:featuredmedia":[{"embeddable":true,"href":"https:\/\/www.europesays.com\/no\/wp-json\/wp\/v2\/media\/206434"}],"wp:attachment":[{"href":"https:\/\/www.europesays.com\/no\/wp-json\/wp\/v2\/media?parent=206433"}],"wp:term":[{"taxonomy":"category","embeddable":true,"href":"https:\/\/www.europesays.com\/no\/wp-json\/wp\/v2\/categories?post=206433"},{"taxonomy":"post_tag","embeddable":true,"href":"https:\/\/www.europesays.com\/no\/wp-json\/wp\/v2\/tags?post=206433"}],"curies":[{"name":"wp","href":"https:\/\/api.w.org\/{rel}","templated":true}]}}