{"id":206486,"date":"2026-04-06T19:45:16","date_gmt":"2026-04-06T19:45:16","guid":{"rendered":"https:\/\/www.europesays.com\/no\/206486\/"},"modified":"2026-04-06T19:45:16","modified_gmt":"2026-04-06T19:45:16","slug":"vaer-torke-det-bygger-seg-opp-et-hoytrykk-na","status":"publish","type":"post","link":"https:\/\/www.europesays.com\/no\/206486\/","title":{"rendered":"V\u00e6r, T\u00f8rke | \u2013 Det bygger seg opp et h\u00f8ytrykk n\u00e5"},"content":{"rendered":"\n<p>Det sier statsmeteorolog Bente Wahl til Ringsaker Blad 2. p\u00e5skedag. <\/p>\n<p>Mandag er det ventet opp mot 11-12 grader i lavlandet i Ringsaker. For de som er klare for v\u00e5r, har Wahl ganske gode nyheter \u00e5 komme med. <\/p>\n<p>\u2013 Mange soltimer<\/p>\n<p>Bortsett fra en liten dupp i temperaturen midt i den kommende uka, g\u00e5r vi nemlig en t\u00f8rr og mild periode i m\u00f8te.<\/p>\n<p>P\u00e5 sp\u00f8rsm\u00e5l om det er v\u00e5ren som banker p\u00e5 d\u00f8ra, svarer Wahl: <\/p>\n<p>\u2013 Ja, vi er jo snart midt i den andre v\u00e5rm\u00e5neden, s\u00e5 det skulle egentlig bare mangle. Etter en periode med en del lavtrykksaktivitet, bygger det seg opp et h\u00f8ytrykk. Dette blir liggende en god ukes tid. Det blir mange soltimer, og ikke s\u00e5 mye vind heller.<\/p>\n<p>Selv om man ikke kan forvente veldig h\u00f8ye temperaturer i de n\u00e6rmeste dagene, er det h\u00e5p om at man kan se b\u00e5de 15- og 16-tallet i lavlandet. Men nattefrosten vil klore seg fast.<\/p>\n<p>T\u00f8rt<\/p>\n<p>\u2013  g\u00e5r raskt oppover. Det ser ut som vi f\u00e5r en normal utvikling p\u00e5 dette, s\u00e5 man m\u00e5 v\u00e6re forberedt p\u00e5 fortsatt nattefrost en stund framover. Det kommer an p\u00e5 om vi f\u00e5r skyfrie netter eller ikke, sier Wahl. <\/p>\n<p>S\u00f8ndag v\u00e5knet Ringsaker til skikkelig vinterv\u00e6r. Det skapte tr\u00f8bbel i p\u00e5sketrafikken. Wahl utelukker ikke at det kan drysse over Hedmarken b\u00e5de i april og mai, men understreker at det meste tyder p\u00e5 at vi g\u00e5r en t\u00f8rr periode i m\u00f8te. <\/p>\n<p>\u2013 Det er h\u00f8yest sannsynlighet for at det blir relativt t\u00f8rt. Jo lenger man kommer ut i 21-dagersvarselet jo mer er det basert p\u00e5 statistikk. Det er fortsatt muligheter for sn\u00f8, men jeg vil tro at den nedb\u00f8ren som ser ut til \u00e5 komme hos dere ut i neste uke, vil komme som regn, sier hun. <\/p>\n","protected":false},"excerpt":{"rendered":"Det sier statsmeteorolog Bente Wahl til Ringsaker Blad 2. p\u00e5skedag. Mandag er det ventet opp mot 11-12 grader&hellip;\n","protected":false},"author":2,"featured_media":15979,"comment_status":"","ping_status":"","sticky":false,"template":"","format":"standard","meta":{"footnotes":"","_share_on_mastodon":"0"},"categories":[5],"tags":[36,20,21,24,25,15,19,22,23,17,18,13,30,28,29,14,16,218,1510,26,27,11413,553],"class_list":["post-206486","post","type-post","status-publish","format-standard","has-post-thumbnail","category-overskrifter","tag-art","tag-breaking-news","tag-breakingnews","tag-featured-news","tag-featurednews","tag-headlines","tag-hovedoppslag","tag-latest-news","tag-latestnews","tag-main-news","tag-mainnews","tag-news","tag-no","tag-norge","tag-norway","tag-nyheter","tag-overskrifter","tag-pluss","tag-story","tag-top-stories","tag-topstories","tag-torke","tag-vaer"],"share_on_mastodon":{"url":"https:\/\/pubeurope.com\/@no\/116359484260001699","error":""},"_links":{"self":[{"href":"https:\/\/www.europesays.com\/no\/wp-json\/wp\/v2\/posts\/206486","targetHints":{"allow":["GET"]}}],"collection":[{"href":"https:\/\/www.europesays.com\/no\/wp-json\/wp\/v2\/posts"}],"about":[{"href":"https:\/\/www.europesays.com\/no\/wp-json\/wp\/v2\/types\/post"}],"author":[{"embeddable":true,"href":"https:\/\/www.europesays.com\/no\/wp-json\/wp\/v2\/users\/2"}],"replies":[{"embeddable":true,"href":"https:\/\/www.europesays.com\/no\/wp-json\/wp\/v2\/comments?post=206486"}],"version-history":[{"count":0,"href":"https:\/\/www.europesays.com\/no\/wp-json\/wp\/v2\/posts\/206486\/revisions"}],"wp:featuredmedia":[{"embeddable":true,"href":"https:\/\/www.europesays.com\/no\/wp-json\/wp\/v2\/media\/15979"}],"wp:attachment":[{"href":"https:\/\/www.europesays.com\/no\/wp-json\/wp\/v2\/media?parent=206486"}],"wp:term":[{"taxonomy":"category","embeddable":true,"href":"https:\/\/www.europesays.com\/no\/wp-json\/wp\/v2\/categories?post=206486"},{"taxonomy":"post_tag","embeddable":true,"href":"https:\/\/www.europesays.com\/no\/wp-json\/wp\/v2\/tags?post=206486"}],"curies":[{"name":"wp","href":"https:\/\/api.w.org\/{rel}","templated":true}]}}