{"id":206600,"date":"2026-04-06T23:36:17","date_gmt":"2026-04-06T23:36:17","guid":{"rendered":"https:\/\/www.europesays.com\/no\/206600\/"},"modified":"2026-04-06T23:36:17","modified_gmt":"2026-04-06T23:36:17","slug":"naeringsliv-arbeidsliv-okonomien-har-aldri-vaert-bra-hadde-vaert-kjekt-a-vaere-en-bedrift-som-flyter-og-lever","status":"publish","type":"post","link":"https:\/\/www.europesays.com\/no\/206600\/","title":{"rendered":"N\u00e6ringsliv, Arbeidsliv | \u00d8konomien har aldri v\u00e6rt bra: \u2013 Hadde v\u00e6rt kjekt \u00e5 v\u00e6re en bedrift som flyter og lever"},"content":{"rendered":"\n<p><b>N\u00c6RINGSLIV: <\/b>Regnet henger i lufta over Haugalandet denne morgenen. Ikke kraftig \u2013 bare et jevnt, kaldt drypp.<\/p>\n<p>Idet man stiger ut av bilen, treffer foten en s\u00f8lepytt. Vannet spruter opp mot buksebeinet. Det kan beskrives som en god start p\u00e5 dagen.<\/p>\n<p>Foran journalisten ligger et firkantet bygg i r\u00e5 betong. Regnet har m\u00f8rknet deler av fasaden. Skiltet p\u00e5 veggen bekrefter at vi er kommet til riktig sted.<\/p>\n<p>   <img decoding=\"async\" width=\"2736\" height=\"1824\" fetchpriority=\"low\"  loading=\"lazy\"  src=\"https:\/\/www.europesays.com\/no\/wp-content\/uploads\/2026\/04\/1F6B0241_2.JPG\" alt=\"Reidar Horneland - Hiernagla Brenneri\" class=\"brick-c-cFOWSL\" style=\"--brick-image-ratio: 2736 \/ 1824;\"\/><\/p>\n<p>      R\u00c5 BETONG: Regnet farger om betongbygget til Hiernagla Brenneri.<br \/>\n      Foto: Mikkel Westye Magnerud\n    <\/p>\n<p>Inne i bygget er det ikke s\u00e6rlig mye varmere enn ute. Med unntak av der Reidar Horneland sitter.<\/p>\n<p>Han er daglig leder i Hiernagla Brenneri. Inne i bygget p\u00e5 Ekrene lages det whisky, gin, akevitt og rom.<\/p>\n<p>   <img decoding=\"async\" width=\"2736\" height=\"1824\" fetchpriority=\"low\"  loading=\"lazy\"  src=\"https:\/\/www.europesays.com\/no\/wp-content\/uploads\/2026\/04\/1F6B0249.JPG\" alt=\"Reidar Horneland - Hiernagla Brenneri\" class=\"brick-c-cFOWSL\" style=\"--brick-image-ratio: 2736 \/ 1824;\"\/><\/p>\n<p>      DESTILLERING: Det er her sprit lages.<br \/>\n      Foto: Mikkel Westye Magnerud\n    <\/p>\n<p><b>\u2013 Det er en beholder med gin som er ferdig. I dag skal vi tappe den i flasker og f\u00e5 satt p\u00e5 etiketter. Det ogs\u00e5 kommet fat med madeira og sherry, og det m\u00e5 p\u00e5 plass, sier Horneland. <\/b><\/p>\n<p>Skotsk inspirasjon<\/p>\n<p>Omringet av destilleringsapparat begynner Horneland p\u00e5 tappingen av gin. En spesiell maskin som fyller hver flaske settes i gang og durer som en kompressor.<\/p>\n<p>Mens en og en flaske fylles og veies, forteller Horneland om opphavet til denne bedriften.<\/p>\n<p>   <img decoding=\"async\" width=\"2736\" height=\"1824\" fetchpriority=\"low\"  loading=\"lazy\"  src=\"https:\/\/www.europesays.com\/no\/wp-content\/uploads\/2026\/04\/1F6B0317.JPG\" alt=\"Reidar Horneland - Hiernagla Brenneri\" class=\"brick-c-cFOWSL\" style=\"--brick-image-ratio: 2736 \/ 1824;\"\/><\/p>\n<p>      DURER: Maskinen som fyller p\u00e5 flaskene durer i vei.<br \/>\n      Foto: Mikkel Westye Magnerud\n    <\/p>\n<p><b>\u2013 Min samboer og jeg seilte til Skottland p\u00e5 ferie med noen venner. Etter to d\u00f8gn ankom vi Inverness. S\u00e5 seilte vi langs \u00f8stkysten. P\u00e5 turen bes\u00f8kte vi noen destillerier. De lager jo whisky p\u00e5 hver holme der borte, ler Horneland. <\/b><\/p>\n<p>I 2018 bestemte Horneland og gjengen seg for \u00e5 starte med sin egen whisky, produsert i Sveio. Og starten ba p\u00e5 noen paradoksale utfordringer.<\/p>\n<p><b>\u2013 For \u00e5 f\u00e5 bevilgning m\u00e5tte vi f\u00f8rst ha alt utstyr p\u00e5 plass og montert. Det skal v\u00e6re klar til start. Men samtidig s\u00e5 er det ulovlig \u00e5 importere utstyret man trenger f\u00f8r en har f\u00e5tt bevilgning, forteller Horneland mens han flirer. <\/b><\/p>\n<p><b>\u2013 Men heldigvis fikk vi kontaktet myndighetene og forklart situasjonen. De sa alt ordner seg.<\/b><\/p>\n<p>I 2019 var alt p\u00e5 plass av bevilgning og utstyr. De f\u00f8rste dr\u00e5pene ble produsert september det samme \u00e5ret.<\/p>\n<p>   <img decoding=\"async\" width=\"2736\" height=\"1824\" fetchpriority=\"low\"  loading=\"lazy\"  src=\"https:\/\/www.europesays.com\/no\/wp-content\/uploads\/2026\/04\/1F6B0274.JPG\" alt=\"\" class=\"brick-c-cFOWSL\" style=\"--brick-image-ratio: 2736 \/ 1824;\"\/><\/p>\n<p>      LAGER: P\u00e5 lageret er det t\u00f8nnevis med brennevin.<br \/>\n      Foto: Mikkel Westye Magnerud\n    <\/p>\n<p>\u2013 Hvorfor begynte dere \u00e5 produsere mer enn bare whisky?<\/p>\n<p>  <a data-static=\"\" href=\"#skip-\" class=\"brick-c-fgNmNC\">Hopp over karusellen.<\/a><\/p>\n<p data-static=\"\" class=\"brick-c-fgNmNC\" id=\"carousel-title-\">Innholdskarusell med 12 artikler.<\/p>\n<ul data-static=\"\" aria-label=\"Navigasjon for innholdskarusell\" class=\"carousel-nav\">\n<li>\n<\/li>\n<li>\n<\/li>\n<\/ul>\n<p><b>\u2013 Whisky m\u00e5 ligge tre \u00e5r p\u00e5 modning f\u00f8r den kan kalles whisky. Det tar langt kortere tid fra gin er produsert til den kan drikkes. Vi m\u00e5tte ha andre produkter ogs\u00e5, slik at det ikke gikk tre \u00e5r f\u00f8r vi s\u00e5 noen kroner tilbake, sier Horneland. <\/b><\/p>\n<p>Og det var mer enn bare kroner de fikk tilbake. Ginen vant nemlig dobbelt gull i San Francisco World Spirits Competition i USA. Det vil si at samtlige dommere som blindtestet gin, valgte den samme som vinner.<\/p>\n<p>  <a href=\"https:\/\/www.h-avis.no\/5-62-1331536\" class=\"related-teaser has-image article--c-MkAkR\" rel=\"nofollow noopener\" target=\"_blank\"><\/p>\n<p>    <img decoding=\"async\" width=\"155\"  loading=\"lazy\"  src=\"https:\/\/www.europesays.com\/no\/wp-content\/uploads\/2026\/04\/IMG_3446.jpg\" alt=\"\" class=\"brick-c-cFOWSL\" style=\"\"\/><\/p>\n<p>\n            Les ogs\u00e5<\/p>\n<p>            Utenlandsk prisdryss til lokal gin\n        <\/p>\n<p>  <\/a><\/p>\n<p><b>\u2013 Det er ikke vits \u00e5 gj\u00f8re det hvis det ikke er godt, sier Horneland og smiler lurt. <\/b><\/p>\n<p>Antall flasker gin p\u00e5 bordet \u00f8ker etter hvert som samtalen g\u00e5r, og duringen fra maskinen stoppes f\u00f8r vannlageret t\u00f8mmes.<\/p>\n<p>Stillheten som f\u00f8lger gir nesten samme tilfredsstillelse som n\u00e5r kj\u00f8kkenvifta skrus av etter matlaging.<\/p>\n<p>\u2013 Kan ikke konkurrere med de st\u00f8rste<\/p>\n<p>   <img decoding=\"async\" width=\"2736\" height=\"1824\" fetchpriority=\"low\"  loading=\"lazy\"  src=\"https:\/\/www.europesays.com\/no\/wp-content\/uploads\/2026\/04\/1F6B0335.JPG\" alt=\"Reidar Horneland - Hiernagla Brenneri\" class=\"brick-c-cFOWSL\" style=\"--brick-image-ratio: 2736 \/ 1824;\"\/><\/p>\n<p>      NYANKOMMET: Nyankomne varer som skal bli til \u00e5rets jule akevitt.<br \/>\n      Foto: Mikkel Westye Magnerud\n    <\/p>\n<p>Ved inngangsd\u00f8ra st\u00e5r fremdeles pallen med madeira og sherry innpakket. Horneland begynner \u00e5 pakke det ut. Men f\u00f8r han setter det p\u00e5 lageret, m\u00e5 det luktes p\u00e5 f\u00f8rst.<\/p>\n<p>Horneland b\u00f8yer seg over fatet og trekker inn lukten gjennom spunset.<\/p>\n<p><b>\u2013 Virker som gode greier, dette.<\/b><\/p>\n<p>Haugesunds Avis&#8217; utsendte kjenner ikke stor forskjell p\u00e5 lukten fra fatet med sherry, og vanlig whisky. Horneland holder seg for god til \u00e5 reagere p\u00e5 blasfemien som inntraff \u00f8rene hans.<\/p>\n<p>   <img decoding=\"async\" width=\"2736\" height=\"1824\" fetchpriority=\"low\"  loading=\"lazy\"  src=\"https:\/\/www.europesays.com\/no\/wp-content\/uploads\/2026\/04\/1F6B0373.JPG\" alt=\"Reidar Horneland - Hiernagla Brenneri\" class=\"brick-c-cFOWSL\" style=\"--brick-image-ratio: 2736 \/ 1824;\"\/><\/p>\n<p>      DUFTPR\u00d8VE: F\u00f8r produktene brukes m\u00e5 de best\u00e5 lukt-testen.<br \/>\n      Foto: Mikkel Westye Magnerud\n    <\/p>\n<p>Horneland ser p\u00e5 de fire fatene og forteller at det er dette som er normalt for dem.<\/p>\n<p><b>\u2013 Vi kan umulig konkurrere med de st\u00f8rste produsentene. De har innkj\u00f8psavtaler og f\u00e5r lastebil p\u00e5 lastebil med leveranser. Her gj\u00f8r vi alt for h\u00e5nd. Vi f\u00e5r bare inn en pall. <\/b><\/p>\n<p>Horneland lemper fatene over p\u00e5 en tralle og drar det inn p\u00e5 lageret. Der er det utrolig nok enda kaldere enn i produksjonsrommet.<\/p>\n<p><b>\u2013 Vi har ventiler her inne for at det skal v\u00e6re samme temperatur som p\u00e5 utsiden. Det er for modningen sin skyld, forteller Horneland.<\/b><\/p>\n<p>   <img decoding=\"async\" width=\"2736\" height=\"1824\" fetchpriority=\"low\"  loading=\"lazy\"  src=\"https:\/\/www.europesays.com\/no\/wp-content\/uploads\/2026\/04\/1F6B0284.JPG\" alt=\"\" class=\"brick-c-cFOWSL\" style=\"--brick-image-ratio: 2736 \/ 1824;\"\/><\/p>\n<p>      PRISDRYSS: Diplomene for seierne st\u00e5r bak sjefsstolen til Horneland.<br \/>\n      Foto: Mikkel Westye Magnerud\n    <\/p>\n<p>Det er bare en av mange ting \u00e5 huske p\u00e5 n\u00e5r man skal produsere whisky.<\/p>\n<p>I fjor kom bel\u00f8nningen. Da vant de beste norske \u00absmall batch single malt\u00bb p\u00e5 World Whiskies Awards. Da var det whiskyen \u00abTora\u00bb Horneland og gjengen sendte inn.<\/p>\n<p>Prisene til tross \u2013 \u00f8konomien har ikke alltid v\u00e6rt like blank som kobberkjelene i produksjonsrommet.<\/p>\n<p>\u2013 Aldri v\u00e6rt n\u00e6rme<\/p>\n<p>Samtalen flytter seg etter hvert inn p\u00e5 det som fungerer som Hornelands kontor. Samtidig som den endrer tema til noe annet enn selve produksjonen.<\/p>\n<p>\u2013 Hvordan er det \u00e5 starte med en slik bedrift, det er jo ganske strenge alkohollover i Norge?<\/p>\n<p><b>\u2013 Motivasjonen er alltid h\u00f8y n\u00e5r man starter, men man vet det kommer problemer. Du vet bare ikke n\u00e5r de kommer. For oss s\u00e5 skulle vi starte for ordentlig i mars 2020. Da skulle vi ha arrangementer og pr\u00f8vesmakinger med bedrifter. S\u00e5 kom jo covid og satt en stopper for det, svarer Horneland.<\/b><\/p>\n<p><b>\u2013 Det var et ordentlig slag i trynet, fortsetter han og nikker. <\/b><\/p>\n<p>Og flere slag skulle det bli. Etter koronaviruset roet seg ned kom str\u00f8mkrisen. Dette gjorde at Hiernagla hadde lav omsetning.<\/p>\n<p><b>\u2013 Str\u00f8mkrisen var et enormt problem. \u00d8konomien har jo aldri v\u00e6rt bra, men samtidig s\u00e5 vet jeg at det tar tid \u00e5 drive med denne type produksjon. Jeg har aldri v\u00e6rt n\u00e6rme \u00e5 gi opp, og n\u00e5r vi f\u00e5r gode tilbakemeldinger s\u00e5 er jo det \u00abknallg\u00f8y\u00bb. <\/b><\/p>\n<p>Horneland snur seg og \u00e5pner et skap som st\u00e5r bak sjefsstolen p\u00e5 enden av bordet. Inne st\u00e5r flasker p\u00e5 rekke \u2013 gin, whisky, akevitt og rom.<\/p>\n<p>Han l\u00f8fter en flaske og trekker korken ut. Et kort \u00abpopp\u00bb fyller rommet.<\/p>\n<p>   <img decoding=\"async\" width=\"2736\" height=\"1824\" fetchpriority=\"low\"  loading=\"lazy\"  src=\"https:\/\/www.europesays.com\/no\/wp-content\/uploads\/2026\/04\/1F6B0440_2.JPG\" alt=\"Reidar Horneland - Hiernagla Brenneri\" class=\"brick-c-cFOWSL\" style=\"--brick-image-ratio: 2736 \/ 1824;\"\/><\/p>\n<p>      POPP: Lyden korken lager da den dras opp er lett gjenkjennbar.<br \/>\n      Foto: Mikkel Westye Magnerud\n    <\/p>\n<p><b>\u2013 Det er jo b\u00e5de vitenskap og kunst dette. Selve prosessen er vitenskap, men du klarer ikke \u00e5 regne deg fram til smaken, da m\u00e5 du teste og justere deretter. Jeg mener jo whisky er til \u00e5 smakes, ikke drikkes. <\/b><\/p>\n<p>Horneland bruker et sekund og administrerer det som st\u00e5r inne i skapet.<\/p>\n<p><b>\u2013 M\u00e5let v\u00e5rt var verken \u00e5 bli st\u00f8rst eller \u00e5 vinne priser, men \u00e5 v\u00e6re en bedrift som lager gode produkter og ha folk i arbeid. Forel\u00f8pig er det jo bare jeg som er fulltidsansatt. Vi vil jo v\u00e6re et eksklusivt produkt for det lages jo for h\u00e5nd, og det er ikke uendelig med flasker i sirkulasjon. <\/b><\/p>\n<p><b>\u2013 Hadde v\u00e6rt kjekt \u00e5 v\u00e6re en bedrift som flyter og lever. <\/b><\/p>\n<p>   <img decoding=\"async\" width=\"2736\" height=\"1824\" fetchpriority=\"low\"  loading=\"lazy\"  src=\"https:\/\/www.europesays.com\/no\/wp-content\/uploads\/2026\/04\/1F6B0446.JPG\" alt=\"Reidar Horneland - Hiernagla Brenneri\" class=\"brick-c-cFOWSL\" style=\"--brick-image-ratio: 2736 \/ 1824;\"\/><\/p>\n<p>      PRODUKTSKAPET: I skapet bak Horneland st\u00e5r hele sortimentet.<br \/>\n      Foto: Mikkel Westye Magnerud\n    <\/p>\n<p>Og starten p\u00e5 en levende bedrift kan Hiernagla Brenneri f\u00e5 til sommeren.<\/p>\n<p>Ikke lov til \u00e5 selge<\/p>\n<p>Som lovverket er n\u00e5 s\u00e5 f\u00e5r ikke Hiernagla Brenneri lov \u00e5 selge sine egne produkter. Det m\u00e5 gjennom Vinmonopolet. Horneland vender seg mot datamaskinen og begynner \u00e5 bla gjennom dokumenter. Som handler om <a href=\"https:\/\/www.regjeringen.no\/no\/aktuelt\/gardssalg-av-alkoholprodukter-regjeringen-legger-frem-forslag-for-sommeren\/id3149367\/\" rel=\"Follow nofollow noopener\" target=\"_blank\">nye lovforslaget<\/a> som vil snu p\u00e5 dette. <\/p>\n<p><b>\u2013 Det hadde hjulpet omsetningen v\u00e5r enormt. Det er mange turister som kommer til regionen v\u00e5r, og noen av dem tar en tur innom her for omvisning. N\u00e5r de da vil kj\u00f8pe en flaske etter pr\u00f8vesmaking s\u00e5 f\u00e5r de ikke lov. For turistene selv, gir ikke det mening, sier Horneland.<\/b><\/p>\n<p>   <img decoding=\"async\" width=\"2736\" height=\"1824\" fetchpriority=\"low\"  loading=\"lazy\"  src=\"https:\/\/www.europesays.com\/no\/wp-content\/uploads\/2026\/04\/1F6B0458.JPG\" alt=\"Reidar Horneland - Hiernagla Brenneri\" class=\"brick-c-cFOWSL\" style=\"--brick-image-ratio: 2736 \/ 1824;\"\/><\/p>\n<p>      OMRINGET: P\u00e5 lageret er Horneland omringet av fat.<br \/>\n      Foto: Mikkel Westye Magnerud\n    <\/p>\n<p><b>\u2013 S\u00e5 det hadde v\u00e6rt bra \u00e5 f\u00e5 det gjennom slik at vi kan \u00f8ke omsetningen her. Kanskje vi da kan ansette nye folk?, forteller Horneland med et tomt blikk. <\/b><\/p>\n<p>Han poengterer at de er glad i monopolsystemet i Norge, men at det fremdeles kan v\u00e6re vanskelig \u00e5 drive uten \u00e5 selge selv.<\/p>\n<p>Hornelands samboer har n\u00e5 kommet inn d\u00f8rene og skal hjelpe til \u00e5 tappe de siste flaskene. Maskinen durer i gang igjen n\u00e5r nye flasker med den prisvinnende ginen skal p\u00e5 plass. En flaske de ikke har lov \u00e5 reklamere for.<\/p>\n<p><b>\u2013 Vi har jo ikke lov \u00e5 reklamere for noen av v\u00e5re produkter. Vi kan heller ikke legge ut at vi har vunnet priser i sosiale medier. Loven er klar p\u00e5 det, sier Horneland. <\/b><\/p>\n<p><b>\u2013 Det er utfordrende \u00e5 drive butikk n\u00e5r vi m\u00e5 holde det hemmelig at vi eksisterer. <\/b><\/p>\n<p>  <a href=\"https:\/\/www.h-avis.no\/5-62-1863968\" class=\"related-teaser has-image article--c-MkAkR\" rel=\"nofollow noopener\" target=\"_blank\"><\/p>\n<p>    <img decoding=\"async\" width=\"155\"  loading=\"lazy\"  src=\"https:\/\/www.europesays.com\/no\/wp-content\/uploads\/2026\/04\/949c2bcc-0b03-4cfe-9b0c-2f94bf30effc.jpeg\" alt=\"\" class=\"brick-c-cFOWSL\" style=\"\"\/><\/p>\n<p>\n            Les ogs\u00e5<\/p>\n<p>            Ny festival p\u00e5 dagtid med 20 \u00e5rs aldersgrense: \u2013 Vi har ikke v\u00e5get \u00e5 sette i gang f\u00f8r n\u00e5\n        <\/p>\n<p>  <\/a><\/p>\n<p>  <a href=\"https:\/\/www.h-avis.no\/5-62-1821729\" class=\"related-teaser has-image article--c-MkAkR\" rel=\"nofollow noopener\" target=\"_blank\"><\/p>\n<p>    <img decoding=\"async\" width=\"155\"  loading=\"lazy\"  src=\"https:\/\/www.europesays.com\/no\/wp-content\/uploads\/2026\/04\/3252426b-680f-4a8c-81a3-193e89f58b48_1.jpeg\" alt=\"\" class=\"brick-c-cFOWSL\" style=\"\"\/><\/p>\n<p>\n            Les ogs\u00e5<\/p>\n<p>            Vant internasjonal pris med lokal whisky: \u2013 Ikke forventet at det skulle skje s\u00e5 tidlig\n        <\/p>\n<p>  <\/a><\/p>\n<p>  <a href=\"https:\/\/www.h-avis.no\/5-62-1862818\" class=\"related-teaser has-image article--c-MkAkR\" rel=\"nofollow noopener\" target=\"_blank\"><\/p>\n<p>    <img decoding=\"async\" width=\"155\"  loading=\"lazy\"  src=\"https:\/\/www.europesays.com\/no\/wp-content\/uploads\/2026\/04\/akevitt1.JPG\" alt=\"\" class=\"brick-c-cFOWSL\" style=\"\"\/><\/p>\n<p>\n            Les ogs\u00e5<\/p>\n<p>            Uvanlig lagringsmetode i havet: \u2013 Vi \u00f8nsker \u00e5 etablere et eksklusivt merke fra Haugesund\n        <\/p>\n<p>  <\/a><\/p>\n<p>  <a href=\"https:\/\/www.h-avis.no\/5-62-1623193\" class=\"related-teaser has-image article--c-MkAkR\" rel=\"nofollow noopener\" target=\"_blank\"><\/p>\n<p>    <img decoding=\"async\" width=\"155\"  loading=\"lazy\"  src=\"https:\/\/www.europesays.com\/no\/wp-content\/uploads\/2026\/04\/unnamed+-+2023-10-04T102344.003.jpg\" alt=\"\" class=\"brick-c-cFOWSL\" style=\"\"\/><\/p>\n<p>\n            Les ogs\u00e5<\/p>\n<p>            Sekser!: \u2013 Jeg fikk noen gratulasjoner p\u00e5 telefonen, og ante at noe var p\u00e5 gang\n        <\/p>\n<p>  <\/a><\/p>\n","protected":false},"excerpt":{"rendered":"N\u00c6RINGSLIV: Regnet henger i lufta over Haugalandet denne morgenen. Ikke kraftig \u2013 bare et jevnt, kaldt drypp. Idet&hellip;\n","protected":false},"author":2,"featured_media":206601,"comment_status":"","ping_status":"","sticky":false,"template":"","format":"standard","meta":{"footnotes":"","_share_on_mastodon":"0"},"categories":[56],"tags":[465,36,60,61,1839,62,30,28,29,41,2160],"class_list":["post-206600","post","type-post","status-publish","format-standard","has-post-thumbnail","category-naeringsliv","tag-arbeidsliv","tag-art","tag-business","tag-economy","tag-feature","tag-naeringsliv","tag-no","tag-norge","tag-norway","tag-politikk","tag-sveio"],"share_on_mastodon":{"url":"https:\/\/pubeurope.com\/@no\/116360392988477873","error":""},"_links":{"self":[{"href":"https:\/\/www.europesays.com\/no\/wp-json\/wp\/v2\/posts\/206600","targetHints":{"allow":["GET"]}}],"collection":[{"href":"https:\/\/www.europesays.com\/no\/wp-json\/wp\/v2\/posts"}],"about":[{"href":"https:\/\/www.europesays.com\/no\/wp-json\/wp\/v2\/types\/post"}],"author":[{"embeddable":true,"href":"https:\/\/www.europesays.com\/no\/wp-json\/wp\/v2\/users\/2"}],"replies":[{"embeddable":true,"href":"https:\/\/www.europesays.com\/no\/wp-json\/wp\/v2\/comments?post=206600"}],"version-history":[{"count":0,"href":"https:\/\/www.europesays.com\/no\/wp-json\/wp\/v2\/posts\/206600\/revisions"}],"wp:featuredmedia":[{"embeddable":true,"href":"https:\/\/www.europesays.com\/no\/wp-json\/wp\/v2\/media\/206601"}],"wp:attachment":[{"href":"https:\/\/www.europesays.com\/no\/wp-json\/wp\/v2\/media?parent=206600"}],"wp:term":[{"taxonomy":"category","embeddable":true,"href":"https:\/\/www.europesays.com\/no\/wp-json\/wp\/v2\/categories?post=206600"},{"taxonomy":"post_tag","embeddable":true,"href":"https:\/\/www.europesays.com\/no\/wp-json\/wp\/v2\/tags?post=206600"}],"curies":[{"name":"wp","href":"https:\/\/api.w.org\/{rel}","templated":true}]}}