{"id":206730,"date":"2026-04-07T06:02:11","date_gmt":"2026-04-07T06:02:11","guid":{"rendered":"https:\/\/www.europesays.com\/no\/206730\/"},"modified":"2026-04-07T06:02:11","modified_gmt":"2026-04-07T06:02:11","slug":"morgenrapport-politiloggen-krasjet-stjalet-bil-under-politijakt","status":"publish","type":"post","link":"https:\/\/www.europesays.com\/no\/206730\/","title":{"rendered":"Morgenrapport, Politiloggen | Krasjet stj\u00e5let bil under politijakt"},"content":{"rendered":"\n<p>P\u00e5skeferien er over og hverdagen er i gang igjen.<\/p>\n<p>Det var en s\u00e6rdeles rolig natt i Tr\u00f8ndelag, f\u00f8r det smalt skikkelig i Trondheim like f\u00f8r klokka 5.<\/p>\n<p>Politiet fikk melding om at en bil var stj\u00e5let fra en adresse s\u00f8r i byen. Kort tid etter ble det stj\u00e5lne bilen observert av politiet i Heimdal sentrum. Etter en kort forf\u00f8lgelse mistet f\u00f8reren kontroll over bilen, kolliderte med en lyktestolpe og rullet rundt.<\/p>\n<p>Det forklarer operasjonsleder H\u00e5vard Okan Lossius.<\/p>\n<p>Politiet ankom stedet kort tid etter, og fikk kontroll p\u00e5 to personer som var i bilen. Begge ble kj\u00f8rt i ambulanse til St. Olav for sjekk.<\/p>\n<p>Bedre v\u00e6r i sikte<\/p>\n<p>Det er meldt herlig v\u00e5rv\u00e6r fra og med onsdag denne uka. Men ogs\u00e5 tirsdag byr p\u00e5 en del sol.<\/p>\n<p>Dette sier V\u00e6rios tekstvarsel: Nordvest eller skiftende bris, i natt nordvest liten kuling utsatte steder i s\u00f8r, i kveld s\u00f8r\u00f8st frisk bris utsatte steder. Regnbyger, sn\u00f8byger over 400\u2013600 m, fra i ettermiddag oppholdsv\u00e6r og perioder med sol.<\/p>\n<p>P\u00e5 Innherred er det meldt opp mot 10 grader og en god del sol midt p\u00e5 dagen.<\/p>\n<p>Her har det v\u00e6rt mest nedb\u00f8r det siste d\u00f8gnet:<\/p>\n<p>    Trafikken<\/p>\n<p>En bil har f\u00e5tt tr\u00f8bbel p\u00e5 E6 Asphaugen, like nord for Steinkjer sentrum, i morgentimene. Bilen st\u00e5r i s\u00f8rg\u00e5ende felt. Det er mulig \u00e5 passere. Statens vegvesen antyder at bilen vil v\u00e6re fjernet innen klokka 6.47. Utover det er det ingen store hendelser p\u00e5 vegene fra morgenen av.<\/p>\n<p>Slik ser det ut p\u00e5 vegene i v\u00e5rt omr\u00e5de akkurat n\u00e5:<\/p>\n<p>Dette er status p\u00e5 flytrafikken p\u00e5 V\u00e6rnes:<\/p>\n<p>    Str\u00f8mprisen<\/p>\n<p>    P\u00e5 T-A.no<\/p>\n<p>Her er noen av sakene du kan lese om p\u00e5 Tr\u00f8nder-Avisas nettsider i dag:<\/p>\n<p>Det g\u00e5r mot klarsignal for et nytt boligprosjekt i Steinkjer, men det er ingen hast med byggestart:<\/p>\n<p>  <a href=\"https:\/\/www.t-a.no\/5-116-2330734\" class=\"related-teaser has-image article--c-MkAkR\" rel=\"nofollow noopener\" target=\"_blank\"><\/p>\n<p>    <img decoding=\"async\" width=\"155\"  loading=\"lazy\"  src=\"https:\/\/www.europesays.com\/no\/wp-content\/uploads\/2026\/04\/Heggevegen+%281%29.jpg\" alt=\"\" class=\"brick-c-cFOWSL\" style=\"\"\/><\/p>\n<p>\n            Les ogs\u00e5<\/p>\n<p>            Seks \u00e5rs planlegging: \u2013 Det er ikke Bygd\u00f8y i Oslo\n        <\/p>\n<p>  <\/a><\/p>\n<p>Seks tr\u00f8nderske industribedrifter med til sammen 135 ansatte og 320 millioner i omsetning vil n\u00e5 kapre store kontrakter i forsvarsindustrien:<\/p>\n<p>  <a href=\"https:\/\/www.t-a.no\/5-116-2326159\" class=\"related-teaser has-image article--c-MkAkR\" rel=\"nofollow noopener\" target=\"_blank\"><\/p>\n<p>    <img decoding=\"async\" width=\"155\"  loading=\"lazy\"  src=\"https:\/\/www.europesays.com\/no\/wp-content\/uploads\/2026\/04\/_GUH_8222.JPG\" alt=\"\" class=\"brick-c-cFOWSL\" style=\"\"\/><\/p>\n<p>\n            Les ogs\u00e5<\/p>\n<p>            Ny industriklynge sikter mot Forsvaret\n        <\/p>\n<p>  <\/a><\/p>\n<p>Dopet skjules i snusesker. Og brukerne ser ut som hvem som helst. Slik har utestedene ryddet opp:<\/p>\n<p>  <a href=\"https:\/\/www.t-a.no\/5-116-2328426\" class=\"related-teaser has-image article--c-MkAkR\" rel=\"nofollow noopener\" target=\"_blank\"><\/p>\n<p>    <img decoding=\"async\" width=\"155\"  loading=\"lazy\"  src=\"https:\/\/www.europesays.com\/no\/wp-content\/uploads\/2026\/04\/Birger+T+P+-+AHBN.jpg\" alt=\"\" class=\"brick-c-cFOWSL\" style=\"\"\/><\/p>\n<p>\n            Les ogs\u00e5<\/p>\n<p>            Skjuler dop i snusesker\n        <\/p>\n<p>  <\/a><\/p>\n<p>Bengt-Are Barstad har ikke v\u00e6rt lenge hjemme etter sine over 2.000 dager ute p\u00e5 tur, f\u00f8r han er i gang med \u00e5 planlegge nye eventyr:<\/p>\n<p>  <a href=\"https:\/\/www.t-a.no\/5-116-2331034\" class=\"related-teaser has-image article--c-MkAkR\" rel=\"nofollow noopener\" target=\"_blank\"><\/p>\n<p>    <img decoding=\"async\" width=\"155\"  loading=\"lazy\"  src=\"https:\/\/www.europesays.com\/no\/wp-content\/uploads\/2026\/04\/DSC_9371.jpg\" alt=\"\" class=\"brick-c-cFOWSL\" style=\"\"\/><\/p>\n<p>\n            Les ogs\u00e5<\/p>\n<p>            Avsl\u00f8rer nye langturer\n        <\/p>\n<p>  <\/a><\/p>\n<p>  <a data-static=\"\" href=\"#skip-\" class=\"brick-c-fgNmNC\">Hopp over karusellen.<\/a><\/p>\n<p data-static=\"\" class=\"brick-c-fgNmNC\" id=\"carousel-title-\">Innholdskarusell med 6 artikler.<\/p>\n<ul data-static=\"\" aria-label=\"Navigasjon for innholdskarusell\" class=\"carousel-nav\">\n<li>\n<\/li>\n<li>\n<\/li>\n<\/ul>\n","protected":false},"excerpt":{"rendered":"P\u00e5skeferien er over og hverdagen er i gang igjen. Det var en s\u00e6rdeles rolig natt i Tr\u00f8ndelag, f\u00f8r&hellip;\n","protected":false},"author":2,"featured_media":3842,"comment_status":"","ping_status":"","sticky":false,"template":"","format":"standard","meta":{"footnotes":"","_share_on_mastodon":"0"},"categories":[10],"tags":[36,20,21,24,25,15,22,23,739,13,30,28,29,14,16,782,1510,26,27,224,553],"class_list":["post-206730","post","type-post","status-publish","format-standard","has-post-thumbnail","category-norge","tag-art","tag-breaking-news","tag-breakingnews","tag-featured-news","tag-featurednews","tag-headlines","tag-latest-news","tag-latestnews","tag-morgenrapport","tag-news","tag-no","tag-norge","tag-norway","tag-nyheter","tag-overskrifter","tag-politiloggen","tag-story","tag-top-stories","tag-topstories","tag-trafikk","tag-vaer"],"share_on_mastodon":{"url":"https:\/\/pubeurope.com\/@no\/116361910703689129","error":""},"_links":{"self":[{"href":"https:\/\/www.europesays.com\/no\/wp-json\/wp\/v2\/posts\/206730","targetHints":{"allow":["GET"]}}],"collection":[{"href":"https:\/\/www.europesays.com\/no\/wp-json\/wp\/v2\/posts"}],"about":[{"href":"https:\/\/www.europesays.com\/no\/wp-json\/wp\/v2\/types\/post"}],"author":[{"embeddable":true,"href":"https:\/\/www.europesays.com\/no\/wp-json\/wp\/v2\/users\/2"}],"replies":[{"embeddable":true,"href":"https:\/\/www.europesays.com\/no\/wp-json\/wp\/v2\/comments?post=206730"}],"version-history":[{"count":0,"href":"https:\/\/www.europesays.com\/no\/wp-json\/wp\/v2\/posts\/206730\/revisions"}],"wp:featuredmedia":[{"embeddable":true,"href":"https:\/\/www.europesays.com\/no\/wp-json\/wp\/v2\/media\/3842"}],"wp:attachment":[{"href":"https:\/\/www.europesays.com\/no\/wp-json\/wp\/v2\/media?parent=206730"}],"wp:term":[{"taxonomy":"category","embeddable":true,"href":"https:\/\/www.europesays.com\/no\/wp-json\/wp\/v2\/categories?post=206730"},{"taxonomy":"post_tag","embeddable":true,"href":"https:\/\/www.europesays.com\/no\/wp-json\/wp\/v2\/tags?post=206730"}],"curies":[{"name":"wp","href":"https:\/\/api.w.org\/{rel}","templated":true}]}}